{"id":5827,"date":"2026-08-29T23:37:10","date_gmt":"2026-08-29T21:37:10","guid":{"rendered":"https:\/\/radiomars.ma\/fr\/?p=5827"},"modified":"2026-08-29T23:37:10","modified_gmt":"2026-08-29T21:37:10","slug":"ajax-accord-trouve-avec-amrabat-ounahi-en-approche","status":"publish","type":"post","link":"https:\/\/radiomars.ma\/fr\/?p=5827","title":{"rendered":"Ajax: accord trouv\u00e9 avec Amrabat, Ounahi en approche"},"content":{"rendered":"<p>L&rsquo;Ajax Amsterdam met les bouch\u00e9es doubles en cette fin de mercato estival. Le club n\u00e9erlandais souhaite renforcer son milieu de terrain d&rsquo;ici au 2 septembre, date de fermeture du march\u00e9 des transferts aux Pays-Bas.<\/p>\n<p><strong>Accord verbal avec Sofyan Amrabat<\/strong><\/p>\n<p>Selon l&rsquo;insider Fabrizio Romano, les Lanciers sont en passe de boucler la signature de l&rsquo;international marocain Sofyan Amrabat (78 s\u00e9lections), fra\u00eechement lib\u00e9r\u00e9 d&rsquo;un commun accord par Fenerbah\u00e7e. Un accord verbal aurait \u00e9t\u00e9 trouv\u00e9 pour le transfert du milieu d\u00e9fensif de 30 ans, arrivant en agent libre et consid\u00e9r\u00e9 comme une priorit\u00e9 du directeur technique Jordi Cruyff.<\/p>\n<p><strong>Ounahi \u00e9galement dans le viseur<\/strong><\/p>\n<p>En parall\u00e8le, la cellule de recrutement ajacide aurait cibl\u00e9 Azzedine Ounahi (26 ans), sous contrat avec Girona jusqu&rsquo;en 2030. Selon Foot Mercato, l&rsquo;ancien Marseillais aurait obtenu le feu vert des Blanquivermells pour n\u00e9gocier avec l&rsquo;Ajax, ainsi qu&rsquo;avec d&rsquo;autres pr\u00e9tendants n\u00e9erlandais.<\/p>\n<p>Auteur d&rsquo;une bonne saison 2025-2026 (5 buts, 3 passes d\u00e9cisives en 24 matchs) et d&rsquo;une Coupe du Monde 2026 r\u00e9ussie avec les Lions de l&rsquo;Atlas \u2014 o\u00f9 il avait notamment inscrit un doubl\u00e9 en huiti\u00e8mes de finale \u2014, Ounahi reste convoit\u00e9 malgr\u00e9 la rel\u00e9gation de Girona en deuxi\u00e8me division espagnole. Il compte 55 s\u00e9lections et 11 buts avec le Maroc.<\/p>\n<p><strong>Un duo d\u00e9j\u00e0 r\u00eav\u00e9 par les supporters<\/strong><\/p>\n<p>Si cette double op\u00e9ration se concr\u00e9tise, l&rsquo;Ajax pourrait aligner Amrabat et Ounahi dans son entrejeu d\u00e8s cette saison \u2014 une perspective qui suscite d\u00e9j\u00e0 l&rsquo;enthousiasme des supporters amstellodamois. Le premier serait align\u00e9 en position de sentinelle, tandis que le second \u00e9voluerait davantage en relayeur ou meneur de jeu.<\/p>\n","protected":false},"excerpt":{"rendered":"<p>L&rsquo;Ajax Amsterdam met les bouch\u00e9es doubles en cette fin de mercato estival. Le club n\u00e9erlandais souhaite renforcer son milieu de terrain d&rsquo;ici au 2 septembre, date de fermeture du march\u00e9 des transferts aux Pays-Bas. Accord verbal avec Sofyan Amrabat Selon l&rsquo;insider Fabrizio Romano, les Lanciers sont en passe de boucler la signature de l&rsquo;international marocain [&hellip;]<\/p>\n","protected":false},"author":3,"featured_media":5828,"comment_status":"open","ping_status":"open","sticky":false,"template":"","format":"standard","meta":{"footnotes":""},"categories":[52,33,31,48,47],"tags":[548,697],"class_list":["post-5827","post","type-post","status-publish","format-standard","has-post-thumbnail","category-flash","category-linternationales","category-nos-lions","category-slider","category-top-spots","tag-azzedine-ounahi","tag-sofyan-amrabat"],"yoast_head":"<!-- This site is optimized with the Yoast SEO plugin v27.6 - https:\/\/yoast.com\/product\/yoast-seo-wordpress\/ -->\n<title>Ajax: accord trouv\u00e9 avec Amrabat, Ounahi en approche - RADIOMARS<\/title>\n<meta name=\"robots\" content=\"index, follow, max-snippet:-1, max-image-preview:large, max-video-preview:-1\" \/>\n<link rel=\"canonical\" href=\"https:\/\/radiomars.ma\/fr\/?p=5827\" \/>\n<meta property=\"og:locale\" content=\"fr_FR\" \/>\n<meta property=\"og:type\" content=\"article\" \/>\n<meta property=\"og:title\" content=\"Ajax: accord trouv\u00e9 avec Amrabat, Ounahi en approche - RADIOMARS\" \/>\n<meta property=\"og:description\" content=\"L&rsquo;Ajax Amsterdam met les bouch\u00e9es doubles en cette fin de mercato estival. Le club n\u00e9erlandais souhaite renforcer son milieu de terrain d&rsquo;ici au 2 septembre, date de fermeture du march\u00e9 des transferts aux Pays-Bas. Accord verbal avec Sofyan Amrabat Selon l&rsquo;insider Fabrizio Romano, les Lanciers sont en passe de boucler la signature de l&rsquo;international marocain [&hellip;]\" \/>\n<meta property=\"og:url\" content=\"https:\/\/radiomars.ma\/fr\/?p=5827\" \/>\n<meta property=\"og:site_name\" content=\"RADIOMARS\" \/>\n<meta property=\"article:published_time\" content=\"2026-08-29T21:37:10+00:00\" \/>\n<meta property=\"og:image\" content=\"https:\/\/radiomars.ma\/fr\/wp-content\/uploads\/2026\/08\/1000042957.jpg\" \/>\n\t<meta property=\"og:image:width\" content=\"1205\" \/>\n\t<meta property=\"og:image:height\" content=\"670\" \/>\n\t<meta property=\"og:image:type\" content=\"image\/jpeg\" \/>\n<meta name=\"author\" content=\"Amine Birouk\" \/>\n<meta name=\"twitter:card\" content=\"summary_large_image\" \/>\n<meta name=\"twitter:label1\" content=\"\u00c9crit par\" \/>\n\t<meta name=\"twitter:data1\" content=\"Amine Birouk\" \/>\n\t<meta name=\"twitter:label2\" content=\"Dur\u00e9e de lecture estim\u00e9e\" \/>\n\t<meta name=\"twitter:data2\" content=\"2 minutes\" \/>\n<script type=\"application\/ld+json\" class=\"yoast-schema-graph\">{\"@context\":\"https:\\\/\\\/schema.org\",\"@graph\":[{\"@type\":\"Article\",\"@id\":\"https:\\\/\\\/radiomars.ma\\\/fr\\\/?p=5827#article\",\"isPartOf\":{\"@id\":\"https:\\\/\\\/radiomars.ma\\\/fr\\\/?p=5827\"},\"author\":{\"name\":\"Amine Birouk\",\"@id\":\"https:\\\/\\\/radiomars.ma\\\/fr\\\/#\\\/schema\\\/person\\\/3c84279e0c82d50196b7b9eaeb67f7df\"},\"headline\":\"Ajax: accord trouv\u00e9 avec Amrabat, Ounahi en approche\",\"datePublished\":\"2026-08-29T21:37:10+00:00\",\"mainEntityOfPage\":{\"@id\":\"https:\\\/\\\/radiomars.ma\\\/fr\\\/?p=5827\"},\"wordCount\":288,\"commentCount\":0,\"image\":{\"@id\":\"https:\\\/\\\/radiomars.ma\\\/fr\\\/?p=5827#primaryimage\"},\"thumbnailUrl\":\"https:\\\/\\\/radiomars.ma\\\/fr\\\/wp-content\\\/uploads\\\/2026\\\/08\\\/1000042957.jpg\",\"keywords\":[\"Azzedine Ounahi\",\"Sofyan Amrabat\"],\"articleSection\":[\"flash\",\"L'INTERNATIONALE\",\"NOS LIONS\",\"slider\",\"Top spots\"],\"inLanguage\":\"fr-FR\",\"potentialAction\":[{\"@type\":\"CommentAction\",\"name\":\"Comment\",\"target\":[\"https:\\\/\\\/radiomars.ma\\\/fr\\\/?p=5827#respond\"]}]},{\"@type\":\"WebPage\",\"@id\":\"https:\\\/\\\/radiomars.ma\\\/fr\\\/?p=5827\",\"url\":\"https:\\\/\\\/radiomars.ma\\\/fr\\\/?p=5827\",\"name\":\"Ajax: accord trouv\u00e9 avec Amrabat, Ounahi en approche - RADIOMARS\",\"isPartOf\":{\"@id\":\"https:\\\/\\\/radiomars.ma\\\/fr\\\/#website\"},\"primaryImageOfPage\":{\"@id\":\"https:\\\/\\\/radiomars.ma\\\/fr\\\/?p=5827#primaryimage\"},\"image\":{\"@id\":\"https:\\\/\\\/radiomars.ma\\\/fr\\\/?p=5827#primaryimage\"},\"thumbnailUrl\":\"https:\\\/\\\/radiomars.ma\\\/fr\\\/wp-content\\\/uploads\\\/2026\\\/08\\\/1000042957.jpg\",\"datePublished\":\"2026-08-29T21:37:10+00:00\",\"author\":{\"@id\":\"https:\\\/\\\/radiomars.ma\\\/fr\\\/#\\\/schema\\\/person\\\/3c84279e0c82d50196b7b9eaeb67f7df\"},\"breadcrumb\":{\"@id\":\"https:\\\/\\\/radiomars.ma\\\/fr\\\/?p=5827#breadcrumb\"},\"inLanguage\":\"fr-FR\",\"potentialAction\":[{\"@type\":\"ReadAction\",\"target\":[\"https:\\\/\\\/radiomars.ma\\\/fr\\\/?p=5827\"]}]},{\"@type\":\"ImageObject\",\"inLanguage\":\"fr-FR\",\"@id\":\"https:\\\/\\\/radiomars.ma\\\/fr\\\/?p=5827#primaryimage\",\"url\":\"https:\\\/\\\/radiomars.ma\\\/fr\\\/wp-content\\\/uploads\\\/2026\\\/08\\\/1000042957.jpg\",\"contentUrl\":\"https:\\\/\\\/radiomars.ma\\\/fr\\\/wp-content\\\/uploads\\\/2026\\\/08\\\/1000042957.jpg\",\"width\":1205,\"height\":670},{\"@type\":\"BreadcrumbList\",\"@id\":\"https:\\\/\\\/radiomars.ma\\\/fr\\\/?p=5827#breadcrumb\",\"itemListElement\":[{\"@type\":\"ListItem\",\"position\":1,\"name\":\"Accueil\",\"item\":\"https:\\\/\\\/radiomars.ma\\\/fr\\\/\"},{\"@type\":\"ListItem\",\"position\":2,\"name\":\"Ajax: accord trouv\u00e9 avec Amrabat, Ounahi en approche\"}]},{\"@type\":\"WebSite\",\"@id\":\"https:\\\/\\\/radiomars.ma\\\/fr\\\/#website\",\"url\":\"https:\\\/\\\/radiomars.ma\\\/fr\\\/\",\"name\":\"RADIOMARS\",\"description\":\"\",\"potentialAction\":[{\"@type\":\"SearchAction\",\"target\":{\"@type\":\"EntryPoint\",\"urlTemplate\":\"https:\\\/\\\/radiomars.ma\\\/fr\\\/?s={search_term_string}\"},\"query-input\":{\"@type\":\"PropertyValueSpecification\",\"valueRequired\":true,\"valueName\":\"search_term_string\"}}],\"inLanguage\":\"fr-FR\"},{\"@type\":\"Person\",\"@id\":\"https:\\\/\\\/radiomars.ma\\\/fr\\\/#\\\/schema\\\/person\\\/3c84279e0c82d50196b7b9eaeb67f7df\",\"name\":\"Amine Birouk\",\"image\":{\"@type\":\"ImageObject\",\"inLanguage\":\"fr-FR\",\"@id\":\"https:\\\/\\\/secure.gravatar.com\\\/avatar\\\/980362d30b99e5f165da95d8182ab3d998bbd98c95f5200d1e5670c03c19cb38?s=96&d=mm&r=g\",\"url\":\"https:\\\/\\\/secure.gravatar.com\\\/avatar\\\/980362d30b99e5f165da95d8182ab3d998bbd98c95f5200d1e5670c03c19cb38?s=96&d=mm&r=g\",\"contentUrl\":\"https:\\\/\\\/secure.gravatar.com\\\/avatar\\\/980362d30b99e5f165da95d8182ab3d998bbd98c95f5200d1e5670c03c19cb38?s=96&d=mm&r=g\",\"caption\":\"Amine Birouk\"},\"url\":\"https:\\\/\\\/radiomars.ma\\\/fr\\\/?author=3\"}]}<\/script>\n<!-- \/ Yoast SEO plugin. -->","yoast_head_json":{"title":"Ajax: accord trouv\u00e9 avec Amrabat, Ounahi en approche - RADIOMARS","robots":{"index":"index","follow":"follow","max-snippet":"max-snippet:-1","max-image-preview":"max-image-preview:large","max-video-preview":"max-video-preview:-1"},"canonical":"https:\/\/radiomars.ma\/fr\/?p=5827","og_locale":"fr_FR","og_type":"article","og_title":"Ajax: accord trouv\u00e9 avec Amrabat, Ounahi en approche - RADIOMARS","og_description":"L&rsquo;Ajax Amsterdam met les bouch\u00e9es doubles en cette fin de mercato estival. Le club n\u00e9erlandais souhaite renforcer son milieu de terrain d&rsquo;ici au 2 septembre, date de fermeture du march\u00e9 des transferts aux Pays-Bas. Accord verbal avec Sofyan Amrabat Selon l&rsquo;insider Fabrizio Romano, les Lanciers sont en passe de boucler la signature de l&rsquo;international marocain [&hellip;]","og_url":"https:\/\/radiomars.ma\/fr\/?p=5827","og_site_name":"RADIOMARS","article_published_time":"2026-08-29T21:37:10+00:00","og_image":[{"width":1205,"height":670,"url":"https:\/\/radiomars.ma\/fr\/wp-content\/uploads\/2026\/08\/1000042957.jpg","type":"image\/jpeg"}],"author":"Amine Birouk","twitter_card":"summary_large_image","twitter_misc":{"\u00c9crit par":"Amine Birouk","Dur\u00e9e de lecture estim\u00e9e":"2 minutes"},"schema":{"@context":"https:\/\/schema.org","@graph":[{"@type":"Article","@id":"https:\/\/radiomars.ma\/fr\/?p=5827#article","isPartOf":{"@id":"https:\/\/radiomars.ma\/fr\/?p=5827"},"author":{"name":"Amine Birouk","@id":"https:\/\/radiomars.ma\/fr\/#\/schema\/person\/3c84279e0c82d50196b7b9eaeb67f7df"},"headline":"Ajax: accord trouv\u00e9 avec Amrabat, Ounahi en approche","datePublished":"2026-08-29T21:37:10+00:00","mainEntityOfPage":{"@id":"https:\/\/radiomars.ma\/fr\/?p=5827"},"wordCount":288,"commentCount":0,"image":{"@id":"https:\/\/radiomars.ma\/fr\/?p=5827#primaryimage"},"thumbnailUrl":"https:\/\/radiomars.ma\/fr\/wp-content\/uploads\/2026\/08\/1000042957.jpg","keywords":["Azzedine Ounahi","Sofyan Amrabat"],"articleSection":["flash","L'INTERNATIONALE","NOS LIONS","slider","Top spots"],"inLanguage":"fr-FR","potentialAction":[{"@type":"CommentAction","name":"Comment","target":["https:\/\/radiomars.ma\/fr\/?p=5827#respond"]}]},{"@type":"WebPage","@id":"https:\/\/radiomars.ma\/fr\/?p=5827","url":"https:\/\/radiomars.ma\/fr\/?p=5827","name":"Ajax: accord trouv\u00e9 avec Amrabat, Ounahi en approche - RADIOMARS","isPartOf":{"@id":"https:\/\/radiomars.ma\/fr\/#website"},"primaryImageOfPage":{"@id":"https:\/\/radiomars.ma\/fr\/?p=5827#primaryimage"},"image":{"@id":"https:\/\/radiomars.ma\/fr\/?p=5827#primaryimage"},"thumbnailUrl":"https:\/\/radiomars.ma\/fr\/wp-content\/uploads\/2026\/08\/1000042957.jpg","datePublished":"2026-08-29T21:37:10+00:00","author":{"@id":"https:\/\/radiomars.ma\/fr\/#\/schema\/person\/3c84279e0c82d50196b7b9eaeb67f7df"},"breadcrumb":{"@id":"https:\/\/radiomars.ma\/fr\/?p=5827#breadcrumb"},"inLanguage":"fr-FR","potentialAction":[{"@type":"ReadAction","target":["https:\/\/radiomars.ma\/fr\/?p=5827"]}]},{"@type":"ImageObject","inLanguage":"fr-FR","@id":"https:\/\/radiomars.ma\/fr\/?p=5827#primaryimage","url":"https:\/\/radiomars.ma\/fr\/wp-content\/uploads\/2026\/08\/1000042957.jpg","contentUrl":"https:\/\/radiomars.ma\/fr\/wp-content\/uploads\/2026\/08\/1000042957.jpg","width":1205,"height":670},{"@type":"BreadcrumbList","@id":"https:\/\/radiomars.ma\/fr\/?p=5827#breadcrumb","itemListElement":[{"@type":"ListItem","position":1,"name":"Accueil","item":"https:\/\/radiomars.ma\/fr\/"},{"@type":"ListItem","position":2,"name":"Ajax: accord trouv\u00e9 avec Amrabat, Ounahi en approche"}]},{"@type":"WebSite","@id":"https:\/\/radiomars.ma\/fr\/#website","url":"https:\/\/radiomars.ma\/fr\/","name":"RADIOMARS","description":"","potentialAction":[{"@type":"SearchAction","target":{"@type":"EntryPoint","urlTemplate":"https:\/\/radiomars.ma\/fr\/?s={search_term_string}"},"query-input":{"@type":"PropertyValueSpecification","valueRequired":true,"valueName":"search_term_string"}}],"inLanguage":"fr-FR"},{"@type":"Person","@id":"https:\/\/radiomars.ma\/fr\/#\/schema\/person\/3c84279e0c82d50196b7b9eaeb67f7df","name":"Amine Birouk","image":{"@type":"ImageObject","inLanguage":"fr-FR","@id":"https:\/\/secure.gravatar.com\/avatar\/980362d30b99e5f165da95d8182ab3d998bbd98c95f5200d1e5670c03c19cb38?s=96&d=mm&r=g","url":"https:\/\/secure.gravatar.com\/avatar\/980362d30b99e5f165da95d8182ab3d998bbd98c95f5200d1e5670c03c19cb38?s=96&d=mm&r=g","contentUrl":"https:\/\/secure.gravatar.com\/avatar\/980362d30b99e5f165da95d8182ab3d998bbd98c95f5200d1e5670c03c19cb38?s=96&d=mm&r=g","caption":"Amine Birouk"},"url":"https:\/\/radiomars.ma\/fr\/?author=3"}]}},"_links":{"self":[{"href":"https:\/\/radiomars.ma\/fr\/index.php?rest_route=\/wp\/v2\/posts\/5827","targetHints":{"allow":["GET"]}}],"collection":[{"href":"https:\/\/radiomars.ma\/fr\/index.php?rest_route=\/wp\/v2\/posts"}],"about":[{"href":"https:\/\/radiomars.ma\/fr\/index.php?rest_route=\/wp\/v2\/types\/post"}],"author":[{"embeddable":true,"href":"https:\/\/radiomars.ma\/fr\/index.php?rest_route=\/wp\/v2\/users\/3"}],"replies":[{"embeddable":true,"href":"https:\/\/radiomars.ma\/fr\/index.php?rest_route=%2Fwp%2Fv2%2Fcomments&post=5827"}],"version-history":[{"count":1,"href":"https:\/\/radiomars.ma\/fr\/index.php?rest_route=\/wp\/v2\/posts\/5827\/revisions"}],"predecessor-version":[{"id":5829,"href":"https:\/\/radiomars.ma\/fr\/index.php?rest_route=\/wp\/v2\/posts\/5827\/revisions\/5829"}],"wp:featuredmedia":[{"embeddable":true,"href":"https:\/\/radiomars.ma\/fr\/index.php?rest_route=\/wp\/v2\/media\/5828"}],"wp:attachment":[{"href":"https:\/\/radiomars.ma\/fr\/index.php?rest_route=%2Fwp%2Fv2%2Fmedia&parent=5827"}],"wp:term":[{"taxonomy":"category","embeddable":true,"href":"https:\/\/radiomars.ma\/fr\/index.php?rest_route=%2Fwp%2Fv2%2Fcategories&post=5827"},{"taxonomy":"post_tag","embeddable":true,"href":"https:\/\/radiomars.ma\/fr\/index.php?rest_route=%2Fwp%2Fv2%2Ftags&post=5827"}],"curies":[{"name":"wp","href":"https:\/\/api.w.org\/{rel}","templated":true}]}}