{"id":5834,"date":"2026-08-30T16:16:57","date_gmt":"2026-08-30T14:16:57","guid":{"rendered":"https:\/\/radiomars.ma\/fr\/?p=5834"},"modified":"2026-08-30T16:16:57","modified_gmt":"2026-08-30T14:16:57","slug":"mercato-neil-el-aynaoui-en-route-vers-le-rb-leipzig","status":"publish","type":"post","link":"https:\/\/radiomars.ma\/fr\/?p=5834","title":{"rendered":"Mercato : Neil El Aynaoui en route vers le RB Leipzig"},"content":{"rendered":"<p>Le feuilleton mercato autour de Neil El Aynaoui touche \u00e0 sa fin. Selon les informations relay\u00e9es ce dimanche par le journaliste italien Fabrizio Romano, le milieu d\u00e9fensif marocain de l&rsquo;AS Roma se dirige vers le RB Leipzig, actuel dauphin du championnat de Bundesliga.<\/p>\n<p>Un accord aurait \u00e9t\u00e9 scell\u00e9 samedi soir entre les deux clubs, apr\u00e8s l&rsquo;\u00e9chec du deal initial impliquant le joueur du Bar\u00e7a Marc Casad\u00f3, qui devait lui prendre sa place dans l&rsquo;op\u00e9ration. L&rsquo;international marocain \u00e9tait pourtant convoit\u00e9 par d&rsquo;autres \u00e9curies, notamment Crystal Palace et le Bayer Leverkusen, mais c&rsquo;est bien le club allemand qu&rsquo;il aurait choisi.<\/p>\n<p>Le transfert prendrait la forme d&rsquo;un pr\u00eat payant estim\u00e9 \u00e0 4 millions d&rsquo;euros, assorti d&rsquo;une option d&rsquo;achat fix\u00e9e \u00e0 25 millions d&rsquo;euros et d&rsquo;un pourcentage \u00e0 la revente, selon des sources italiennes.<\/p>\n<p>Le Lion de l&rsquo;Atlas s&rsquo;appr\u00eaterait ainsi \u00e0 d\u00e9couvrir la Bundesliga, sous les couleurs d&rsquo;un RB Leipzig ambitieux et actuellement solide leader poursuivant dans l&rsquo;\u00e9lite allemande.<\/p>\n","protected":false},"excerpt":{"rendered":"<p>Le feuilleton mercato autour de Neil El Aynaoui touche \u00e0 sa fin. Selon les informations relay\u00e9es ce dimanche par le journaliste italien Fabrizio Romano, le milieu d\u00e9fensif marocain de l&rsquo;AS Roma se dirige vers le RB Leipzig, actuel dauphin du championnat de Bundesliga. Un accord aurait \u00e9t\u00e9 scell\u00e9 samedi soir entre les deux clubs, apr\u00e8s [&hellip;]<\/p>\n","protected":false},"author":3,"featured_media":5835,"comment_status":"open","ping_status":"open","sticky":false,"template":"","format":"standard","meta":{"footnotes":""},"categories":[52,31,48,47],"tags":[272],"class_list":["post-5834","post","type-post","status-publish","format-standard","has-post-thumbnail","category-flash","category-nos-lions","category-slider","category-top-spots","tag-neil-el-aynaoui"],"yoast_head":"<!-- This site is optimized with the Yoast SEO plugin v27.6 - https:\/\/yoast.com\/product\/yoast-seo-wordpress\/ -->\n<title>Mercato : Neil El Aynaoui en route vers le RB Leipzig - RADIOMARS<\/title>\n<meta name=\"robots\" content=\"index, follow, max-snippet:-1, max-image-preview:large, max-video-preview:-1\" \/>\n<link rel=\"canonical\" href=\"https:\/\/radiomars.ma\/fr\/?p=5834\" \/>\n<meta property=\"og:locale\" content=\"fr_FR\" \/>\n<meta property=\"og:type\" content=\"article\" \/>\n<meta property=\"og:title\" content=\"Mercato : Neil El Aynaoui en route vers le RB Leipzig - RADIOMARS\" \/>\n<meta property=\"og:description\" content=\"Le feuilleton mercato autour de Neil El Aynaoui touche \u00e0 sa fin. Selon les informations relay\u00e9es ce dimanche par le journaliste italien Fabrizio Romano, le milieu d\u00e9fensif marocain de l&rsquo;AS Roma se dirige vers le RB Leipzig, actuel dauphin du championnat de Bundesliga. Un accord aurait \u00e9t\u00e9 scell\u00e9 samedi soir entre les deux clubs, apr\u00e8s [&hellip;]\" \/>\n<meta property=\"og:url\" content=\"https:\/\/radiomars.ma\/fr\/?p=5834\" \/>\n<meta property=\"og:site_name\" content=\"RADIOMARS\" \/>\n<meta property=\"article:published_time\" content=\"2026-08-30T14:16:57+00:00\" \/>\n<meta property=\"og:image\" content=\"https:\/\/radiomars.ma\/fr\/wp-content\/uploads\/2026\/08\/d692fab208c8555c2426ad9169f22721.webp.jpg\" \/>\n\t<meta property=\"og:image:width\" content=\"960\" \/>\n\t<meta property=\"og:image:height\" content=\"540\" \/>\n\t<meta property=\"og:image:type\" content=\"image\/jpeg\" \/>\n<meta name=\"author\" content=\"Amine Birouk\" \/>\n<meta name=\"twitter:card\" content=\"summary_large_image\" \/>\n<meta name=\"twitter:label1\" content=\"\u00c9crit par\" \/>\n\t<meta name=\"twitter:data1\" content=\"Amine Birouk\" \/>\n\t<meta name=\"twitter:label2\" content=\"Dur\u00e9e de lecture estim\u00e9e\" \/>\n\t<meta name=\"twitter:data2\" content=\"1 minute\" \/>\n<script type=\"application\/ld+json\" class=\"yoast-schema-graph\">{\"@context\":\"https:\\\/\\\/schema.org\",\"@graph\":[{\"@type\":\"Article\",\"@id\":\"https:\\\/\\\/radiomars.ma\\\/fr\\\/?p=5834#article\",\"isPartOf\":{\"@id\":\"https:\\\/\\\/radiomars.ma\\\/fr\\\/?p=5834\"},\"author\":{\"name\":\"Amine Birouk\",\"@id\":\"https:\\\/\\\/radiomars.ma\\\/fr\\\/#\\\/schema\\\/person\\\/3c84279e0c82d50196b7b9eaeb67f7df\"},\"headline\":\"Mercato : Neil El Aynaoui en route vers le RB Leipzig\",\"datePublished\":\"2026-08-30T14:16:57+00:00\",\"mainEntityOfPage\":{\"@id\":\"https:\\\/\\\/radiomars.ma\\\/fr\\\/?p=5834\"},\"wordCount\":184,\"commentCount\":0,\"image\":{\"@id\":\"https:\\\/\\\/radiomars.ma\\\/fr\\\/?p=5834#primaryimage\"},\"thumbnailUrl\":\"https:\\\/\\\/radiomars.ma\\\/fr\\\/wp-content\\\/uploads\\\/2026\\\/08\\\/d692fab208c8555c2426ad9169f22721.webp.jpg\",\"keywords\":[\"Neil El Aynaoui\"],\"articleSection\":[\"flash\",\"NOS LIONS\",\"slider\",\"Top spots\"],\"inLanguage\":\"fr-FR\",\"potentialAction\":[{\"@type\":\"CommentAction\",\"name\":\"Comment\",\"target\":[\"https:\\\/\\\/radiomars.ma\\\/fr\\\/?p=5834#respond\"]}]},{\"@type\":\"WebPage\",\"@id\":\"https:\\\/\\\/radiomars.ma\\\/fr\\\/?p=5834\",\"url\":\"https:\\\/\\\/radiomars.ma\\\/fr\\\/?p=5834\",\"name\":\"Mercato : Neil El Aynaoui en route vers le RB Leipzig - RADIOMARS\",\"isPartOf\":{\"@id\":\"https:\\\/\\\/radiomars.ma\\\/fr\\\/#website\"},\"primaryImageOfPage\":{\"@id\":\"https:\\\/\\\/radiomars.ma\\\/fr\\\/?p=5834#primaryimage\"},\"image\":{\"@id\":\"https:\\\/\\\/radiomars.ma\\\/fr\\\/?p=5834#primaryimage\"},\"thumbnailUrl\":\"https:\\\/\\\/radiomars.ma\\\/fr\\\/wp-content\\\/uploads\\\/2026\\\/08\\\/d692fab208c8555c2426ad9169f22721.webp.jpg\",\"datePublished\":\"2026-08-30T14:16:57+00:00\",\"author\":{\"@id\":\"https:\\\/\\\/radiomars.ma\\\/fr\\\/#\\\/schema\\\/person\\\/3c84279e0c82d50196b7b9eaeb67f7df\"},\"breadcrumb\":{\"@id\":\"https:\\\/\\\/radiomars.ma\\\/fr\\\/?p=5834#breadcrumb\"},\"inLanguage\":\"fr-FR\",\"potentialAction\":[{\"@type\":\"ReadAction\",\"target\":[\"https:\\\/\\\/radiomars.ma\\\/fr\\\/?p=5834\"]}]},{\"@type\":\"ImageObject\",\"inLanguage\":\"fr-FR\",\"@id\":\"https:\\\/\\\/radiomars.ma\\\/fr\\\/?p=5834#primaryimage\",\"url\":\"https:\\\/\\\/radiomars.ma\\\/fr\\\/wp-content\\\/uploads\\\/2026\\\/08\\\/d692fab208c8555c2426ad9169f22721.webp.jpg\",\"contentUrl\":\"https:\\\/\\\/radiomars.ma\\\/fr\\\/wp-content\\\/uploads\\\/2026\\\/08\\\/d692fab208c8555c2426ad9169f22721.webp.jpg\",\"width\":960,\"height\":540},{\"@type\":\"BreadcrumbList\",\"@id\":\"https:\\\/\\\/radiomars.ma\\\/fr\\\/?p=5834#breadcrumb\",\"itemListElement\":[{\"@type\":\"ListItem\",\"position\":1,\"name\":\"Accueil\",\"item\":\"https:\\\/\\\/radiomars.ma\\\/fr\\\/\"},{\"@type\":\"ListItem\",\"position\":2,\"name\":\"Mercato : Neil El Aynaoui en route vers le RB Leipzig\"}]},{\"@type\":\"WebSite\",\"@id\":\"https:\\\/\\\/radiomars.ma\\\/fr\\\/#website\",\"url\":\"https:\\\/\\\/radiomars.ma\\\/fr\\\/\",\"name\":\"RADIOMARS\",\"description\":\"\",\"potentialAction\":[{\"@type\":\"SearchAction\",\"target\":{\"@type\":\"EntryPoint\",\"urlTemplate\":\"https:\\\/\\\/radiomars.ma\\\/fr\\\/?s={search_term_string}\"},\"query-input\":{\"@type\":\"PropertyValueSpecification\",\"valueRequired\":true,\"valueName\":\"search_term_string\"}}],\"inLanguage\":\"fr-FR\"},{\"@type\":\"Person\",\"@id\":\"https:\\\/\\\/radiomars.ma\\\/fr\\\/#\\\/schema\\\/person\\\/3c84279e0c82d50196b7b9eaeb67f7df\",\"name\":\"Amine Birouk\",\"image\":{\"@type\":\"ImageObject\",\"inLanguage\":\"fr-FR\",\"@id\":\"https:\\\/\\\/secure.gravatar.com\\\/avatar\\\/980362d30b99e5f165da95d8182ab3d998bbd98c95f5200d1e5670c03c19cb38?s=96&d=mm&r=g\",\"url\":\"https:\\\/\\\/secure.gravatar.com\\\/avatar\\\/980362d30b99e5f165da95d8182ab3d998bbd98c95f5200d1e5670c03c19cb38?s=96&d=mm&r=g\",\"contentUrl\":\"https:\\\/\\\/secure.gravatar.com\\\/avatar\\\/980362d30b99e5f165da95d8182ab3d998bbd98c95f5200d1e5670c03c19cb38?s=96&d=mm&r=g\",\"caption\":\"Amine Birouk\"},\"url\":\"https:\\\/\\\/radiomars.ma\\\/fr\\\/?author=3\"}]}<\/script>\n<!-- \/ Yoast SEO plugin. -->","yoast_head_json":{"title":"Mercato : Neil El Aynaoui en route vers le RB Leipzig - RADIOMARS","robots":{"index":"index","follow":"follow","max-snippet":"max-snippet:-1","max-image-preview":"max-image-preview:large","max-video-preview":"max-video-preview:-1"},"canonical":"https:\/\/radiomars.ma\/fr\/?p=5834","og_locale":"fr_FR","og_type":"article","og_title":"Mercato : Neil El Aynaoui en route vers le RB Leipzig - RADIOMARS","og_description":"Le feuilleton mercato autour de Neil El Aynaoui touche \u00e0 sa fin. Selon les informations relay\u00e9es ce dimanche par le journaliste italien Fabrizio Romano, le milieu d\u00e9fensif marocain de l&rsquo;AS Roma se dirige vers le RB Leipzig, actuel dauphin du championnat de Bundesliga. Un accord aurait \u00e9t\u00e9 scell\u00e9 samedi soir entre les deux clubs, apr\u00e8s [&hellip;]","og_url":"https:\/\/radiomars.ma\/fr\/?p=5834","og_site_name":"RADIOMARS","article_published_time":"2026-08-30T14:16:57+00:00","og_image":[{"width":960,"height":540,"url":"https:\/\/radiomars.ma\/fr\/wp-content\/uploads\/2026\/08\/d692fab208c8555c2426ad9169f22721.webp.jpg","type":"image\/jpeg"}],"author":"Amine Birouk","twitter_card":"summary_large_image","twitter_misc":{"\u00c9crit par":"Amine Birouk","Dur\u00e9e de lecture estim\u00e9e":"1 minute"},"schema":{"@context":"https:\/\/schema.org","@graph":[{"@type":"Article","@id":"https:\/\/radiomars.ma\/fr\/?p=5834#article","isPartOf":{"@id":"https:\/\/radiomars.ma\/fr\/?p=5834"},"author":{"name":"Amine Birouk","@id":"https:\/\/radiomars.ma\/fr\/#\/schema\/person\/3c84279e0c82d50196b7b9eaeb67f7df"},"headline":"Mercato : Neil El Aynaoui en route vers le RB Leipzig","datePublished":"2026-08-30T14:16:57+00:00","mainEntityOfPage":{"@id":"https:\/\/radiomars.ma\/fr\/?p=5834"},"wordCount":184,"commentCount":0,"image":{"@id":"https:\/\/radiomars.ma\/fr\/?p=5834#primaryimage"},"thumbnailUrl":"https:\/\/radiomars.ma\/fr\/wp-content\/uploads\/2026\/08\/d692fab208c8555c2426ad9169f22721.webp.jpg","keywords":["Neil El Aynaoui"],"articleSection":["flash","NOS LIONS","slider","Top spots"],"inLanguage":"fr-FR","potentialAction":[{"@type":"CommentAction","name":"Comment","target":["https:\/\/radiomars.ma\/fr\/?p=5834#respond"]}]},{"@type":"WebPage","@id":"https:\/\/radiomars.ma\/fr\/?p=5834","url":"https:\/\/radiomars.ma\/fr\/?p=5834","name":"Mercato : Neil El Aynaoui en route vers le RB Leipzig - RADIOMARS","isPartOf":{"@id":"https:\/\/radiomars.ma\/fr\/#website"},"primaryImageOfPage":{"@id":"https:\/\/radiomars.ma\/fr\/?p=5834#primaryimage"},"image":{"@id":"https:\/\/radiomars.ma\/fr\/?p=5834#primaryimage"},"thumbnailUrl":"https:\/\/radiomars.ma\/fr\/wp-content\/uploads\/2026\/08\/d692fab208c8555c2426ad9169f22721.webp.jpg","datePublished":"2026-08-30T14:16:57+00:00","author":{"@id":"https:\/\/radiomars.ma\/fr\/#\/schema\/person\/3c84279e0c82d50196b7b9eaeb67f7df"},"breadcrumb":{"@id":"https:\/\/radiomars.ma\/fr\/?p=5834#breadcrumb"},"inLanguage":"fr-FR","potentialAction":[{"@type":"ReadAction","target":["https:\/\/radiomars.ma\/fr\/?p=5834"]}]},{"@type":"ImageObject","inLanguage":"fr-FR","@id":"https:\/\/radiomars.ma\/fr\/?p=5834#primaryimage","url":"https:\/\/radiomars.ma\/fr\/wp-content\/uploads\/2026\/08\/d692fab208c8555c2426ad9169f22721.webp.jpg","contentUrl":"https:\/\/radiomars.ma\/fr\/wp-content\/uploads\/2026\/08\/d692fab208c8555c2426ad9169f22721.webp.jpg","width":960,"height":540},{"@type":"BreadcrumbList","@id":"https:\/\/radiomars.ma\/fr\/?p=5834#breadcrumb","itemListElement":[{"@type":"ListItem","position":1,"name":"Accueil","item":"https:\/\/radiomars.ma\/fr\/"},{"@type":"ListItem","position":2,"name":"Mercato : Neil El Aynaoui en route vers le RB Leipzig"}]},{"@type":"WebSite","@id":"https:\/\/radiomars.ma\/fr\/#website","url":"https:\/\/radiomars.ma\/fr\/","name":"RADIOMARS","description":"","potentialAction":[{"@type":"SearchAction","target":{"@type":"EntryPoint","urlTemplate":"https:\/\/radiomars.ma\/fr\/?s={search_term_string}"},"query-input":{"@type":"PropertyValueSpecification","valueRequired":true,"valueName":"search_term_string"}}],"inLanguage":"fr-FR"},{"@type":"Person","@id":"https:\/\/radiomars.ma\/fr\/#\/schema\/person\/3c84279e0c82d50196b7b9eaeb67f7df","name":"Amine Birouk","image":{"@type":"ImageObject","inLanguage":"fr-FR","@id":"https:\/\/secure.gravatar.com\/avatar\/980362d30b99e5f165da95d8182ab3d998bbd98c95f5200d1e5670c03c19cb38?s=96&d=mm&r=g","url":"https:\/\/secure.gravatar.com\/avatar\/980362d30b99e5f165da95d8182ab3d998bbd98c95f5200d1e5670c03c19cb38?s=96&d=mm&r=g","contentUrl":"https:\/\/secure.gravatar.com\/avatar\/980362d30b99e5f165da95d8182ab3d998bbd98c95f5200d1e5670c03c19cb38?s=96&d=mm&r=g","caption":"Amine Birouk"},"url":"https:\/\/radiomars.ma\/fr\/?author=3"}]}},"_links":{"self":[{"href":"https:\/\/radiomars.ma\/fr\/index.php?rest_route=\/wp\/v2\/posts\/5834","targetHints":{"allow":["GET"]}}],"collection":[{"href":"https:\/\/radiomars.ma\/fr\/index.php?rest_route=\/wp\/v2\/posts"}],"about":[{"href":"https:\/\/radiomars.ma\/fr\/index.php?rest_route=\/wp\/v2\/types\/post"}],"author":[{"embeddable":true,"href":"https:\/\/radiomars.ma\/fr\/index.php?rest_route=\/wp\/v2\/users\/3"}],"replies":[{"embeddable":true,"href":"https:\/\/radiomars.ma\/fr\/index.php?rest_route=%2Fwp%2Fv2%2Fcomments&post=5834"}],"version-history":[{"count":1,"href":"https:\/\/radiomars.ma\/fr\/index.php?rest_route=\/wp\/v2\/posts\/5834\/revisions"}],"predecessor-version":[{"id":5836,"href":"https:\/\/radiomars.ma\/fr\/index.php?rest_route=\/wp\/v2\/posts\/5834\/revisions\/5836"}],"wp:featuredmedia":[{"embeddable":true,"href":"https:\/\/radiomars.ma\/fr\/index.php?rest_route=\/wp\/v2\/media\/5835"}],"wp:attachment":[{"href":"https:\/\/radiomars.ma\/fr\/index.php?rest_route=%2Fwp%2Fv2%2Fmedia&parent=5834"}],"wp:term":[{"taxonomy":"category","embeddable":true,"href":"https:\/\/radiomars.ma\/fr\/index.php?rest_route=%2Fwp%2Fv2%2Fcategories&post=5834"},{"taxonomy":"post_tag","embeddable":true,"href":"https:\/\/radiomars.ma\/fr\/index.php?rest_route=%2Fwp%2Fv2%2Ftags&post=5834"}],"curies":[{"name":"wp","href":"https:\/\/api.w.org\/{rel}","templated":true}]}}