{"id":5840,"date":"2026-08-30T19:37:29","date_gmt":"2026-08-30T17:37:29","guid":{"rendered":"https:\/\/radiomars.ma\/fr\/?p=5840"},"modified":"2026-08-30T19:37:29","modified_gmt":"2026-08-30T17:37:29","slug":"mercato-accord-total-trouve-pour-le-transfert-de-zakaria-el-ouahdi-a-hambourg","status":"publish","type":"post","link":"https:\/\/radiomars.ma\/fr\/?p=5840","title":{"rendered":"Mercato : accord total trouv\u00e9 pour le transfert de Zakaria El Ouahdi \u00e0 Hambourg"},"content":{"rendered":"<p>Zakaria El Ouahdi se rapproche plus que jamais de la Bundesliga. \u00c0 moins de 48 heures de la cl\u00f4ture du mercato estival, le lat\u00e9ral droit international marocain devrait quitter le KRC Genk pour rejoindre le Hambourg SV.<\/p>\n<p>Selon les informations du journaliste allemand Florian Plettenberg, un accord total a \u00e9t\u00e9 trouv\u00e9 entre les deux clubs pour un transfert d\u00e9finitif, le joueur de 24 ans devant s&rsquo;engager pour un contrat de longue dur\u00e9e avec la formation allemande. Le montant de l&rsquo;op\u00e9ration serait inf\u00e9rieur \u00e0 10 millions d&rsquo;euros.<\/p>\n<p>Le Lion de l&rsquo;Atlas est attendu ce dimanche pour y passer sa visite m\u00e9dicale, derni\u00e8re \u00e9tape avant la signature officielle de son contrat.<\/p>\n<p>Ce d\u00e9nouement intervient apr\u00e8s deux offres d\u00e9j\u00e0 formul\u00e9es par Hambourg ces derniers jours, le club allemand ayant pr\u00e9par\u00e9 une troisi\u00e8me proposition pour convaincre Genk de laisser filer son international marocain, qui souhaitait de son c\u00f4t\u00e9 rejoindre le championnat allemand.<\/p>\n","protected":false},"excerpt":{"rendered":"<p>Zakaria El Ouahdi se rapproche plus que jamais de la Bundesliga. \u00c0 moins de 48 heures de la cl\u00f4ture du mercato estival, le lat\u00e9ral droit international marocain devrait quitter le KRC Genk pour rejoindre le Hambourg SV. Selon les informations du journaliste allemand Florian Plettenberg, un accord total a \u00e9t\u00e9 trouv\u00e9 entre les deux clubs [&hellip;]<\/p>\n","protected":false},"author":3,"featured_media":5841,"comment_status":"open","ping_status":"open","sticky":false,"template":"","format":"standard","meta":{"footnotes":""},"categories":[52,31,48,47],"tags":[1070,330],"class_list":["post-5840","post","type-post","status-publish","format-standard","has-post-thumbnail","category-flash","category-nos-lions","category-slider","category-top-spots","tag-hambourg","tag-zakaria-el-ouahdi"],"yoast_head":"<!-- This site is optimized with the Yoast SEO plugin v27.6 - https:\/\/yoast.com\/product\/yoast-seo-wordpress\/ -->\n<title>Mercato : accord total trouv\u00e9 pour le transfert de Zakaria El Ouahdi \u00e0 Hambourg - RADIOMARS<\/title>\n<meta name=\"robots\" content=\"index, follow, max-snippet:-1, max-image-preview:large, max-video-preview:-1\" \/>\n<link rel=\"canonical\" href=\"https:\/\/radiomars.ma\/fr\/?p=5840\" \/>\n<meta property=\"og:locale\" content=\"fr_FR\" \/>\n<meta property=\"og:type\" content=\"article\" \/>\n<meta property=\"og:title\" content=\"Mercato : accord total trouv\u00e9 pour le transfert de Zakaria El Ouahdi \u00e0 Hambourg - RADIOMARS\" \/>\n<meta property=\"og:description\" content=\"Zakaria El Ouahdi se rapproche plus que jamais de la Bundesliga. \u00c0 moins de 48 heures de la cl\u00f4ture du mercato estival, le lat\u00e9ral droit international marocain devrait quitter le KRC Genk pour rejoindre le Hambourg SV. Selon les informations du journaliste allemand Florian Plettenberg, un accord total a \u00e9t\u00e9 trouv\u00e9 entre les deux clubs [&hellip;]\" \/>\n<meta property=\"og:url\" content=\"https:\/\/radiomars.ma\/fr\/?p=5840\" \/>\n<meta property=\"og:site_name\" content=\"RADIOMARS\" \/>\n<meta property=\"article:published_time\" content=\"2026-08-30T17:37:29+00:00\" \/>\n<meta property=\"og:image\" content=\"https:\/\/radiomars.ma\/fr\/wp-content\/uploads\/2026\/08\/Zakaria_El_Ouahdi-2.jpg\" \/>\n\t<meta property=\"og:image:width\" content=\"800\" \/>\n\t<meta property=\"og:image:height\" content=\"534\" \/>\n\t<meta property=\"og:image:type\" content=\"image\/jpeg\" \/>\n<meta name=\"author\" content=\"Amine Birouk\" \/>\n<meta name=\"twitter:card\" content=\"summary_large_image\" \/>\n<meta name=\"twitter:label1\" content=\"\u00c9crit par\" \/>\n\t<meta name=\"twitter:data1\" content=\"Amine Birouk\" \/>\n\t<meta name=\"twitter:label2\" content=\"Dur\u00e9e de lecture estim\u00e9e\" \/>\n\t<meta name=\"twitter:data2\" content=\"1 minute\" \/>\n<script type=\"application\/ld+json\" class=\"yoast-schema-graph\">{\"@context\":\"https:\\\/\\\/schema.org\",\"@graph\":[{\"@type\":\"Article\",\"@id\":\"https:\\\/\\\/radiomars.ma\\\/fr\\\/?p=5840#article\",\"isPartOf\":{\"@id\":\"https:\\\/\\\/radiomars.ma\\\/fr\\\/?p=5840\"},\"author\":{\"name\":\"Amine Birouk\",\"@id\":\"https:\\\/\\\/radiomars.ma\\\/fr\\\/#\\\/schema\\\/person\\\/3c84279e0c82d50196b7b9eaeb67f7df\"},\"headline\":\"Mercato : accord total trouv\u00e9 pour le transfert de Zakaria El Ouahdi \u00e0 Hambourg\",\"datePublished\":\"2026-08-30T17:37:29+00:00\",\"mainEntityOfPage\":{\"@id\":\"https:\\\/\\\/radiomars.ma\\\/fr\\\/?p=5840\"},\"wordCount\":174,\"commentCount\":0,\"image\":{\"@id\":\"https:\\\/\\\/radiomars.ma\\\/fr\\\/?p=5840#primaryimage\"},\"thumbnailUrl\":\"https:\\\/\\\/radiomars.ma\\\/fr\\\/wp-content\\\/uploads\\\/2026\\\/08\\\/Zakaria_El_Ouahdi-2.jpg\",\"keywords\":[\"Hambourg\",\"Zakaria El Ouahdi\"],\"articleSection\":[\"flash\",\"NOS LIONS\",\"slider\",\"Top spots\"],\"inLanguage\":\"fr-FR\",\"potentialAction\":[{\"@type\":\"CommentAction\",\"name\":\"Comment\",\"target\":[\"https:\\\/\\\/radiomars.ma\\\/fr\\\/?p=5840#respond\"]}]},{\"@type\":\"WebPage\",\"@id\":\"https:\\\/\\\/radiomars.ma\\\/fr\\\/?p=5840\",\"url\":\"https:\\\/\\\/radiomars.ma\\\/fr\\\/?p=5840\",\"name\":\"Mercato : accord total trouv\u00e9 pour le transfert de Zakaria El Ouahdi \u00e0 Hambourg - RADIOMARS\",\"isPartOf\":{\"@id\":\"https:\\\/\\\/radiomars.ma\\\/fr\\\/#website\"},\"primaryImageOfPage\":{\"@id\":\"https:\\\/\\\/radiomars.ma\\\/fr\\\/?p=5840#primaryimage\"},\"image\":{\"@id\":\"https:\\\/\\\/radiomars.ma\\\/fr\\\/?p=5840#primaryimage\"},\"thumbnailUrl\":\"https:\\\/\\\/radiomars.ma\\\/fr\\\/wp-content\\\/uploads\\\/2026\\\/08\\\/Zakaria_El_Ouahdi-2.jpg\",\"datePublished\":\"2026-08-30T17:37:29+00:00\",\"author\":{\"@id\":\"https:\\\/\\\/radiomars.ma\\\/fr\\\/#\\\/schema\\\/person\\\/3c84279e0c82d50196b7b9eaeb67f7df\"},\"breadcrumb\":{\"@id\":\"https:\\\/\\\/radiomars.ma\\\/fr\\\/?p=5840#breadcrumb\"},\"inLanguage\":\"fr-FR\",\"potentialAction\":[{\"@type\":\"ReadAction\",\"target\":[\"https:\\\/\\\/radiomars.ma\\\/fr\\\/?p=5840\"]}]},{\"@type\":\"ImageObject\",\"inLanguage\":\"fr-FR\",\"@id\":\"https:\\\/\\\/radiomars.ma\\\/fr\\\/?p=5840#primaryimage\",\"url\":\"https:\\\/\\\/radiomars.ma\\\/fr\\\/wp-content\\\/uploads\\\/2026\\\/08\\\/Zakaria_El_Ouahdi-2.jpg\",\"contentUrl\":\"https:\\\/\\\/radiomars.ma\\\/fr\\\/wp-content\\\/uploads\\\/2026\\\/08\\\/Zakaria_El_Ouahdi-2.jpg\",\"width\":800,\"height\":534},{\"@type\":\"BreadcrumbList\",\"@id\":\"https:\\\/\\\/radiomars.ma\\\/fr\\\/?p=5840#breadcrumb\",\"itemListElement\":[{\"@type\":\"ListItem\",\"position\":1,\"name\":\"Accueil\",\"item\":\"https:\\\/\\\/radiomars.ma\\\/fr\\\/\"},{\"@type\":\"ListItem\",\"position\":2,\"name\":\"Mercato : accord total trouv\u00e9 pour le transfert de Zakaria El Ouahdi \u00e0 Hambourg\"}]},{\"@type\":\"WebSite\",\"@id\":\"https:\\\/\\\/radiomars.ma\\\/fr\\\/#website\",\"url\":\"https:\\\/\\\/radiomars.ma\\\/fr\\\/\",\"name\":\"RADIOMARS\",\"description\":\"\",\"potentialAction\":[{\"@type\":\"SearchAction\",\"target\":{\"@type\":\"EntryPoint\",\"urlTemplate\":\"https:\\\/\\\/radiomars.ma\\\/fr\\\/?s={search_term_string}\"},\"query-input\":{\"@type\":\"PropertyValueSpecification\",\"valueRequired\":true,\"valueName\":\"search_term_string\"}}],\"inLanguage\":\"fr-FR\"},{\"@type\":\"Person\",\"@id\":\"https:\\\/\\\/radiomars.ma\\\/fr\\\/#\\\/schema\\\/person\\\/3c84279e0c82d50196b7b9eaeb67f7df\",\"name\":\"Amine Birouk\",\"image\":{\"@type\":\"ImageObject\",\"inLanguage\":\"fr-FR\",\"@id\":\"https:\\\/\\\/secure.gravatar.com\\\/avatar\\\/980362d30b99e5f165da95d8182ab3d998bbd98c95f5200d1e5670c03c19cb38?s=96&d=mm&r=g\",\"url\":\"https:\\\/\\\/secure.gravatar.com\\\/avatar\\\/980362d30b99e5f165da95d8182ab3d998bbd98c95f5200d1e5670c03c19cb38?s=96&d=mm&r=g\",\"contentUrl\":\"https:\\\/\\\/secure.gravatar.com\\\/avatar\\\/980362d30b99e5f165da95d8182ab3d998bbd98c95f5200d1e5670c03c19cb38?s=96&d=mm&r=g\",\"caption\":\"Amine Birouk\"},\"url\":\"https:\\\/\\\/radiomars.ma\\\/fr\\\/?author=3\"}]}<\/script>\n<!-- \/ Yoast SEO plugin. -->","yoast_head_json":{"title":"Mercato : accord total trouv\u00e9 pour le transfert de Zakaria El Ouahdi \u00e0 Hambourg - RADIOMARS","robots":{"index":"index","follow":"follow","max-snippet":"max-snippet:-1","max-image-preview":"max-image-preview:large","max-video-preview":"max-video-preview:-1"},"canonical":"https:\/\/radiomars.ma\/fr\/?p=5840","og_locale":"fr_FR","og_type":"article","og_title":"Mercato : accord total trouv\u00e9 pour le transfert de Zakaria El Ouahdi \u00e0 Hambourg - RADIOMARS","og_description":"Zakaria El Ouahdi se rapproche plus que jamais de la Bundesliga. \u00c0 moins de 48 heures de la cl\u00f4ture du mercato estival, le lat\u00e9ral droit international marocain devrait quitter le KRC Genk pour rejoindre le Hambourg SV. Selon les informations du journaliste allemand Florian Plettenberg, un accord total a \u00e9t\u00e9 trouv\u00e9 entre les deux clubs [&hellip;]","og_url":"https:\/\/radiomars.ma\/fr\/?p=5840","og_site_name":"RADIOMARS","article_published_time":"2026-08-30T17:37:29+00:00","og_image":[{"width":800,"height":534,"url":"https:\/\/radiomars.ma\/fr\/wp-content\/uploads\/2026\/08\/Zakaria_El_Ouahdi-2.jpg","type":"image\/jpeg"}],"author":"Amine Birouk","twitter_card":"summary_large_image","twitter_misc":{"\u00c9crit par":"Amine Birouk","Dur\u00e9e de lecture estim\u00e9e":"1 minute"},"schema":{"@context":"https:\/\/schema.org","@graph":[{"@type":"Article","@id":"https:\/\/radiomars.ma\/fr\/?p=5840#article","isPartOf":{"@id":"https:\/\/radiomars.ma\/fr\/?p=5840"},"author":{"name":"Amine Birouk","@id":"https:\/\/radiomars.ma\/fr\/#\/schema\/person\/3c84279e0c82d50196b7b9eaeb67f7df"},"headline":"Mercato : accord total trouv\u00e9 pour le transfert de Zakaria El Ouahdi \u00e0 Hambourg","datePublished":"2026-08-30T17:37:29+00:00","mainEntityOfPage":{"@id":"https:\/\/radiomars.ma\/fr\/?p=5840"},"wordCount":174,"commentCount":0,"image":{"@id":"https:\/\/radiomars.ma\/fr\/?p=5840#primaryimage"},"thumbnailUrl":"https:\/\/radiomars.ma\/fr\/wp-content\/uploads\/2026\/08\/Zakaria_El_Ouahdi-2.jpg","keywords":["Hambourg","Zakaria El Ouahdi"],"articleSection":["flash","NOS LIONS","slider","Top spots"],"inLanguage":"fr-FR","potentialAction":[{"@type":"CommentAction","name":"Comment","target":["https:\/\/radiomars.ma\/fr\/?p=5840#respond"]}]},{"@type":"WebPage","@id":"https:\/\/radiomars.ma\/fr\/?p=5840","url":"https:\/\/radiomars.ma\/fr\/?p=5840","name":"Mercato : accord total trouv\u00e9 pour le transfert de Zakaria El Ouahdi \u00e0 Hambourg - RADIOMARS","isPartOf":{"@id":"https:\/\/radiomars.ma\/fr\/#website"},"primaryImageOfPage":{"@id":"https:\/\/radiomars.ma\/fr\/?p=5840#primaryimage"},"image":{"@id":"https:\/\/radiomars.ma\/fr\/?p=5840#primaryimage"},"thumbnailUrl":"https:\/\/radiomars.ma\/fr\/wp-content\/uploads\/2026\/08\/Zakaria_El_Ouahdi-2.jpg","datePublished":"2026-08-30T17:37:29+00:00","author":{"@id":"https:\/\/radiomars.ma\/fr\/#\/schema\/person\/3c84279e0c82d50196b7b9eaeb67f7df"},"breadcrumb":{"@id":"https:\/\/radiomars.ma\/fr\/?p=5840#breadcrumb"},"inLanguage":"fr-FR","potentialAction":[{"@type":"ReadAction","target":["https:\/\/radiomars.ma\/fr\/?p=5840"]}]},{"@type":"ImageObject","inLanguage":"fr-FR","@id":"https:\/\/radiomars.ma\/fr\/?p=5840#primaryimage","url":"https:\/\/radiomars.ma\/fr\/wp-content\/uploads\/2026\/08\/Zakaria_El_Ouahdi-2.jpg","contentUrl":"https:\/\/radiomars.ma\/fr\/wp-content\/uploads\/2026\/08\/Zakaria_El_Ouahdi-2.jpg","width":800,"height":534},{"@type":"BreadcrumbList","@id":"https:\/\/radiomars.ma\/fr\/?p=5840#breadcrumb","itemListElement":[{"@type":"ListItem","position":1,"name":"Accueil","item":"https:\/\/radiomars.ma\/fr\/"},{"@type":"ListItem","position":2,"name":"Mercato : accord total trouv\u00e9 pour le transfert de Zakaria El Ouahdi \u00e0 Hambourg"}]},{"@type":"WebSite","@id":"https:\/\/radiomars.ma\/fr\/#website","url":"https:\/\/radiomars.ma\/fr\/","name":"RADIOMARS","description":"","potentialAction":[{"@type":"SearchAction","target":{"@type":"EntryPoint","urlTemplate":"https:\/\/radiomars.ma\/fr\/?s={search_term_string}"},"query-input":{"@type":"PropertyValueSpecification","valueRequired":true,"valueName":"search_term_string"}}],"inLanguage":"fr-FR"},{"@type":"Person","@id":"https:\/\/radiomars.ma\/fr\/#\/schema\/person\/3c84279e0c82d50196b7b9eaeb67f7df","name":"Amine Birouk","image":{"@type":"ImageObject","inLanguage":"fr-FR","@id":"https:\/\/secure.gravatar.com\/avatar\/980362d30b99e5f165da95d8182ab3d998bbd98c95f5200d1e5670c03c19cb38?s=96&d=mm&r=g","url":"https:\/\/secure.gravatar.com\/avatar\/980362d30b99e5f165da95d8182ab3d998bbd98c95f5200d1e5670c03c19cb38?s=96&d=mm&r=g","contentUrl":"https:\/\/secure.gravatar.com\/avatar\/980362d30b99e5f165da95d8182ab3d998bbd98c95f5200d1e5670c03c19cb38?s=96&d=mm&r=g","caption":"Amine Birouk"},"url":"https:\/\/radiomars.ma\/fr\/?author=3"}]}},"_links":{"self":[{"href":"https:\/\/radiomars.ma\/fr\/index.php?rest_route=\/wp\/v2\/posts\/5840","targetHints":{"allow":["GET"]}}],"collection":[{"href":"https:\/\/radiomars.ma\/fr\/index.php?rest_route=\/wp\/v2\/posts"}],"about":[{"href":"https:\/\/radiomars.ma\/fr\/index.php?rest_route=\/wp\/v2\/types\/post"}],"author":[{"embeddable":true,"href":"https:\/\/radiomars.ma\/fr\/index.php?rest_route=\/wp\/v2\/users\/3"}],"replies":[{"embeddable":true,"href":"https:\/\/radiomars.ma\/fr\/index.php?rest_route=%2Fwp%2Fv2%2Fcomments&post=5840"}],"version-history":[{"count":1,"href":"https:\/\/radiomars.ma\/fr\/index.php?rest_route=\/wp\/v2\/posts\/5840\/revisions"}],"predecessor-version":[{"id":5842,"href":"https:\/\/radiomars.ma\/fr\/index.php?rest_route=\/wp\/v2\/posts\/5840\/revisions\/5842"}],"wp:featuredmedia":[{"embeddable":true,"href":"https:\/\/radiomars.ma\/fr\/index.php?rest_route=\/wp\/v2\/media\/5841"}],"wp:attachment":[{"href":"https:\/\/radiomars.ma\/fr\/index.php?rest_route=%2Fwp%2Fv2%2Fmedia&parent=5840"}],"wp:term":[{"taxonomy":"category","embeddable":true,"href":"https:\/\/radiomars.ma\/fr\/index.php?rest_route=%2Fwp%2Fv2%2Fcategories&post=5840"},{"taxonomy":"post_tag","embeddable":true,"href":"https:\/\/radiomars.ma\/fr\/index.php?rest_route=%2Fwp%2Fv2%2Ftags&post=5840"}],"curies":[{"name":"wp","href":"https:\/\/api.w.org\/{rel}","templated":true}]}}