{"id":5847,"date":"2026-08-30T22:09:42","date_gmt":"2026-08-30T20:09:42","guid":{"rendered":"https:\/\/radiomars.ma\/fr\/?p=5847"},"modified":"2026-08-30T22:09:42","modified_gmt":"2026-08-30T20:09:42","slug":"wydad-la-crise-entre-hakim-ziyech-et-la-direction-sintensifie","status":"publish","type":"post","link":"https:\/\/radiomars.ma\/fr\/?p=5847","title":{"rendered":"Wydad : la crise entre Hakim Ziyech et la direction s&rsquo;intensifie"},"content":{"rendered":"<p>Le feuilleton Hakim Ziyech au Wydad de Casablanca conna\u00eet un nouveau rebondissement, avec une confrontation qui s&rsquo;est cette fois expos\u00e9e au grand jour.<\/p>\n<p>Selon des informations relay\u00e9es par le site Media90, l&rsquo;origine du diff\u00e9rend remonterait \u00e0 une proposition de r\u00e9am\u00e9nagement salarial formul\u00e9e par la nouvelle direction du club, confront\u00e9e \u00e0 des difficult\u00e9s \u00e9conomiques. Il aurait \u00e9t\u00e9 propos\u00e9 au joueur un salaire mensuel fixe de 50 millions de centimes, le reste de ses arri\u00e9r\u00e9s \u2014 environ 500 millions de centimes \u2014 devant \u00eatre \u00e9tal\u00e9 sur trois versements, \u00e0 l&rsquo;image du reste de l&rsquo;effectif. Une offre cat\u00e9goriquement refus\u00e9e par l&rsquo;international marocain, qui s&rsquo;appuie sur les termes de son contrat pr\u00e9voyant une r\u00e9mun\u00e9ration mensuelle avoisinant 107 millions de centimes, invoquant des engagements personnels et des projets immobiliers n\u00e9cessitant le maintien int\u00e9gral de ses revenus contractuels.<\/p>\n<p>Si la direction avait dans un premier temps pr\u00e9f\u00e9r\u00e9 mettre de c\u00f4t\u00e9 ce dossier de n\u00e9gociation pour se concentrer sur les aspects sportifs, les tensions sont rapidement remont\u00e9es \u00e0 la surface. Le club aurait reproch\u00e9 au joueur un manque de discipline, entre non-respect des consignes du staff technique et absences irr\u00e9guli\u00e8res aux s\u00e9ances d&rsquo;entra\u00eenement.<\/p>\n<p>La situation a connu son point culminant ce week-end. Pr\u00e9sent au Complexe Wellness pour le match amical face \u00e0 la RCA Zemamra, Ziyech, pourtant en tenue, s&rsquo;appr\u00eatait \u00e0 rejoindre ses co\u00e9quipiers pour l&rsquo;\u00e9chauffement lorsqu&rsquo;il aurait \u00e9t\u00e9 inform\u00e9 par son entra\u00eeneur, Paulo S\u00e9rgio Brito, qu&rsquo;il ne pouvait finalement pas prendre part \u00e0 la rencontre \u2014 d\u00e9cision attribu\u00e9e au pr\u00e9sident du club, Ibrahim El Assri. L&rsquo;ancien Blues n&rsquo;a pas non plus \u00e9t\u00e9 retenu pour le stage de pr\u00e9paration pr\u00e9vu \u00e0 Agadir.<\/p>\n<p>Ces deux d\u00e9cisions ont pouss\u00e9 l&rsquo;ex-star de Chelsea \u00e0 sortir de son silence. R\u00e9agissant \u00e0 une publication Instagram consacr\u00e9e \u00e0 l&rsquo;actualit\u00e9 des Rouge et Blanc, Ziyech a directement mis en cause le pr\u00e9sident El Assri, qu&rsquo;il accuse d&rsquo;\u00eatre \u00e0 l&rsquo;origine de sa mise \u00e0 l&rsquo;\u00e9cart, aussi bien du match amical que du stage \u00e0 Agadir.<\/p>\n<p>Cette sortie publique marque un tournant dans un dossier rest\u00e9 jusque-l\u00e0 loin des projecteurs. Le joueur avait pourtant continu\u00e9 \u00e0 s&rsquo;entra\u00eener normalement et avait particip\u00e9 au match de pr\u00e9paration face \u00e0 l&rsquo;Ittihad de Tanger. \u00c0 moins d&rsquo;un mois du coup d&rsquo;envoi de la Botola Pro, fix\u00e9 au 24 septembre, ce qui devait \u00eatre l&rsquo;un des premiers dossiers g\u00e9r\u00e9s par la nouvelle pr\u00e9sidence tourne d\u00e9sormais au v\u00e9ritable bras de fer.<\/p>\n","protected":false},"excerpt":{"rendered":"<p>Le feuilleton Hakim Ziyech au Wydad de Casablanca conna\u00eet un nouveau rebondissement, avec une confrontation qui s&rsquo;est cette fois expos\u00e9e au grand jour. Selon des informations relay\u00e9es par le site Media90, l&rsquo;origine du diff\u00e9rend remonterait \u00e0 une proposition de r\u00e9am\u00e9nagement salarial formul\u00e9e par la nouvelle direction du club, confront\u00e9e \u00e0 des difficult\u00e9s \u00e9conomiques. Il aurait [&hellip;]<\/p>\n","protected":false},"author":3,"featured_media":5848,"comment_status":"open","ping_status":"open","sticky":false,"template":"","format":"standard","meta":{"footnotes":""},"categories":[15,16,52,48,47],"tags":[172,714],"class_list":["post-5847","post","type-post","status-publish","format-standard","has-post-thumbnail","category-botola-pro","category-d1","category-flash","category-slider","category-top-spots","tag-hakim-ziyech","tag-wydad-casablanca"],"yoast_head":"<!-- This site is optimized with the Yoast SEO plugin v27.6 - https:\/\/yoast.com\/product\/yoast-seo-wordpress\/ -->\n<title>Wydad : la crise entre Hakim Ziyech et la direction s&#039;intensifie - RADIOMARS<\/title>\n<meta name=\"robots\" content=\"index, follow, max-snippet:-1, max-image-preview:large, max-video-preview:-1\" \/>\n<link rel=\"canonical\" href=\"https:\/\/radiomars.ma\/fr\/?p=5847\" \/>\n<meta property=\"og:locale\" content=\"fr_FR\" \/>\n<meta property=\"og:type\" content=\"article\" \/>\n<meta property=\"og:title\" content=\"Wydad : la crise entre Hakim Ziyech et la direction s&#039;intensifie - RADIOMARS\" \/>\n<meta property=\"og:description\" content=\"Le feuilleton Hakim Ziyech au Wydad de Casablanca conna\u00eet un nouveau rebondissement, avec une confrontation qui s&rsquo;est cette fois expos\u00e9e au grand jour. Selon des informations relay\u00e9es par le site Media90, l&rsquo;origine du diff\u00e9rend remonterait \u00e0 une proposition de r\u00e9am\u00e9nagement salarial formul\u00e9e par la nouvelle direction du club, confront\u00e9e \u00e0 des difficult\u00e9s \u00e9conomiques. Il aurait [&hellip;]\" \/>\n<meta property=\"og:url\" content=\"https:\/\/radiomars.ma\/fr\/?p=5847\" \/>\n<meta property=\"og:site_name\" content=\"RADIOMARS\" \/>\n<meta property=\"article:published_time\" content=\"2026-08-30T20:09:42+00:00\" \/>\n<meta property=\"og:image\" content=\"https:\/\/radiomars.ma\/fr\/wp-content\/uploads\/2026\/08\/ziyech-wydad.jpg\" \/>\n\t<meta property=\"og:image:width\" content=\"800\" \/>\n\t<meta property=\"og:image:height\" content=\"533\" \/>\n\t<meta property=\"og:image:type\" content=\"image\/jpeg\" \/>\n<meta name=\"author\" content=\"Amine Birouk\" \/>\n<meta name=\"twitter:card\" content=\"summary_large_image\" \/>\n<meta name=\"twitter:label1\" content=\"\u00c9crit par\" \/>\n\t<meta name=\"twitter:data1\" content=\"Amine Birouk\" \/>\n\t<meta name=\"twitter:label2\" content=\"Dur\u00e9e de lecture estim\u00e9e\" \/>\n\t<meta name=\"twitter:data2\" content=\"3 minutes\" \/>\n<script type=\"application\/ld+json\" class=\"yoast-schema-graph\">{\"@context\":\"https:\\\/\\\/schema.org\",\"@graph\":[{\"@type\":\"Article\",\"@id\":\"https:\\\/\\\/radiomars.ma\\\/fr\\\/?p=5847#article\",\"isPartOf\":{\"@id\":\"https:\\\/\\\/radiomars.ma\\\/fr\\\/?p=5847\"},\"author\":{\"name\":\"Amine Birouk\",\"@id\":\"https:\\\/\\\/radiomars.ma\\\/fr\\\/#\\\/schema\\\/person\\\/3c84279e0c82d50196b7b9eaeb67f7df\"},\"headline\":\"Wydad : la crise entre Hakim Ziyech et la direction s&rsquo;intensifie\",\"datePublished\":\"2026-08-30T20:09:42+00:00\",\"mainEntityOfPage\":{\"@id\":\"https:\\\/\\\/radiomars.ma\\\/fr\\\/?p=5847\"},\"wordCount\":448,\"commentCount\":0,\"image\":{\"@id\":\"https:\\\/\\\/radiomars.ma\\\/fr\\\/?p=5847#primaryimage\"},\"thumbnailUrl\":\"https:\\\/\\\/radiomars.ma\\\/fr\\\/wp-content\\\/uploads\\\/2026\\\/08\\\/ziyech-wydad.jpg\",\"keywords\":[\"Hakim Ziyech\",\"Wydad Casablanca\"],\"articleSection\":[\"BOTOLA PRO\",\"D1\",\"flash\",\"slider\",\"Top spots\"],\"inLanguage\":\"fr-FR\",\"potentialAction\":[{\"@type\":\"CommentAction\",\"name\":\"Comment\",\"target\":[\"https:\\\/\\\/radiomars.ma\\\/fr\\\/?p=5847#respond\"]}]},{\"@type\":\"WebPage\",\"@id\":\"https:\\\/\\\/radiomars.ma\\\/fr\\\/?p=5847\",\"url\":\"https:\\\/\\\/radiomars.ma\\\/fr\\\/?p=5847\",\"name\":\"Wydad : la crise entre Hakim Ziyech et la direction s'intensifie - RADIOMARS\",\"isPartOf\":{\"@id\":\"https:\\\/\\\/radiomars.ma\\\/fr\\\/#website\"},\"primaryImageOfPage\":{\"@id\":\"https:\\\/\\\/radiomars.ma\\\/fr\\\/?p=5847#primaryimage\"},\"image\":{\"@id\":\"https:\\\/\\\/radiomars.ma\\\/fr\\\/?p=5847#primaryimage\"},\"thumbnailUrl\":\"https:\\\/\\\/radiomars.ma\\\/fr\\\/wp-content\\\/uploads\\\/2026\\\/08\\\/ziyech-wydad.jpg\",\"datePublished\":\"2026-08-30T20:09:42+00:00\",\"author\":{\"@id\":\"https:\\\/\\\/radiomars.ma\\\/fr\\\/#\\\/schema\\\/person\\\/3c84279e0c82d50196b7b9eaeb67f7df\"},\"breadcrumb\":{\"@id\":\"https:\\\/\\\/radiomars.ma\\\/fr\\\/?p=5847#breadcrumb\"},\"inLanguage\":\"fr-FR\",\"potentialAction\":[{\"@type\":\"ReadAction\",\"target\":[\"https:\\\/\\\/radiomars.ma\\\/fr\\\/?p=5847\"]}]},{\"@type\":\"ImageObject\",\"inLanguage\":\"fr-FR\",\"@id\":\"https:\\\/\\\/radiomars.ma\\\/fr\\\/?p=5847#primaryimage\",\"url\":\"https:\\\/\\\/radiomars.ma\\\/fr\\\/wp-content\\\/uploads\\\/2026\\\/08\\\/ziyech-wydad.jpg\",\"contentUrl\":\"https:\\\/\\\/radiomars.ma\\\/fr\\\/wp-content\\\/uploads\\\/2026\\\/08\\\/ziyech-wydad.jpg\",\"width\":800,\"height\":533},{\"@type\":\"BreadcrumbList\",\"@id\":\"https:\\\/\\\/radiomars.ma\\\/fr\\\/?p=5847#breadcrumb\",\"itemListElement\":[{\"@type\":\"ListItem\",\"position\":1,\"name\":\"Accueil\",\"item\":\"https:\\\/\\\/radiomars.ma\\\/fr\\\/\"},{\"@type\":\"ListItem\",\"position\":2,\"name\":\"Wydad : la crise entre Hakim Ziyech et la direction s&rsquo;intensifie\"}]},{\"@type\":\"WebSite\",\"@id\":\"https:\\\/\\\/radiomars.ma\\\/fr\\\/#website\",\"url\":\"https:\\\/\\\/radiomars.ma\\\/fr\\\/\",\"name\":\"RADIOMARS\",\"description\":\"\",\"potentialAction\":[{\"@type\":\"SearchAction\",\"target\":{\"@type\":\"EntryPoint\",\"urlTemplate\":\"https:\\\/\\\/radiomars.ma\\\/fr\\\/?s={search_term_string}\"},\"query-input\":{\"@type\":\"PropertyValueSpecification\",\"valueRequired\":true,\"valueName\":\"search_term_string\"}}],\"inLanguage\":\"fr-FR\"},{\"@type\":\"Person\",\"@id\":\"https:\\\/\\\/radiomars.ma\\\/fr\\\/#\\\/schema\\\/person\\\/3c84279e0c82d50196b7b9eaeb67f7df\",\"name\":\"Amine Birouk\",\"image\":{\"@type\":\"ImageObject\",\"inLanguage\":\"fr-FR\",\"@id\":\"https:\\\/\\\/secure.gravatar.com\\\/avatar\\\/980362d30b99e5f165da95d8182ab3d998bbd98c95f5200d1e5670c03c19cb38?s=96&d=mm&r=g\",\"url\":\"https:\\\/\\\/secure.gravatar.com\\\/avatar\\\/980362d30b99e5f165da95d8182ab3d998bbd98c95f5200d1e5670c03c19cb38?s=96&d=mm&r=g\",\"contentUrl\":\"https:\\\/\\\/secure.gravatar.com\\\/avatar\\\/980362d30b99e5f165da95d8182ab3d998bbd98c95f5200d1e5670c03c19cb38?s=96&d=mm&r=g\",\"caption\":\"Amine Birouk\"},\"url\":\"https:\\\/\\\/radiomars.ma\\\/fr\\\/?author=3\"}]}<\/script>\n<!-- \/ Yoast SEO plugin. -->","yoast_head_json":{"title":"Wydad : la crise entre Hakim Ziyech et la direction s'intensifie - RADIOMARS","robots":{"index":"index","follow":"follow","max-snippet":"max-snippet:-1","max-image-preview":"max-image-preview:large","max-video-preview":"max-video-preview:-1"},"canonical":"https:\/\/radiomars.ma\/fr\/?p=5847","og_locale":"fr_FR","og_type":"article","og_title":"Wydad : la crise entre Hakim Ziyech et la direction s'intensifie - RADIOMARS","og_description":"Le feuilleton Hakim Ziyech au Wydad de Casablanca conna\u00eet un nouveau rebondissement, avec une confrontation qui s&rsquo;est cette fois expos\u00e9e au grand jour. Selon des informations relay\u00e9es par le site Media90, l&rsquo;origine du diff\u00e9rend remonterait \u00e0 une proposition de r\u00e9am\u00e9nagement salarial formul\u00e9e par la nouvelle direction du club, confront\u00e9e \u00e0 des difficult\u00e9s \u00e9conomiques. Il aurait [&hellip;]","og_url":"https:\/\/radiomars.ma\/fr\/?p=5847","og_site_name":"RADIOMARS","article_published_time":"2026-08-30T20:09:42+00:00","og_image":[{"width":800,"height":533,"url":"https:\/\/radiomars.ma\/fr\/wp-content\/uploads\/2026\/08\/ziyech-wydad.jpg","type":"image\/jpeg"}],"author":"Amine Birouk","twitter_card":"summary_large_image","twitter_misc":{"\u00c9crit par":"Amine Birouk","Dur\u00e9e de lecture estim\u00e9e":"3 minutes"},"schema":{"@context":"https:\/\/schema.org","@graph":[{"@type":"Article","@id":"https:\/\/radiomars.ma\/fr\/?p=5847#article","isPartOf":{"@id":"https:\/\/radiomars.ma\/fr\/?p=5847"},"author":{"name":"Amine Birouk","@id":"https:\/\/radiomars.ma\/fr\/#\/schema\/person\/3c84279e0c82d50196b7b9eaeb67f7df"},"headline":"Wydad : la crise entre Hakim Ziyech et la direction s&rsquo;intensifie","datePublished":"2026-08-30T20:09:42+00:00","mainEntityOfPage":{"@id":"https:\/\/radiomars.ma\/fr\/?p=5847"},"wordCount":448,"commentCount":0,"image":{"@id":"https:\/\/radiomars.ma\/fr\/?p=5847#primaryimage"},"thumbnailUrl":"https:\/\/radiomars.ma\/fr\/wp-content\/uploads\/2026\/08\/ziyech-wydad.jpg","keywords":["Hakim Ziyech","Wydad Casablanca"],"articleSection":["BOTOLA PRO","D1","flash","slider","Top spots"],"inLanguage":"fr-FR","potentialAction":[{"@type":"CommentAction","name":"Comment","target":["https:\/\/radiomars.ma\/fr\/?p=5847#respond"]}]},{"@type":"WebPage","@id":"https:\/\/radiomars.ma\/fr\/?p=5847","url":"https:\/\/radiomars.ma\/fr\/?p=5847","name":"Wydad : la crise entre Hakim Ziyech et la direction s'intensifie - RADIOMARS","isPartOf":{"@id":"https:\/\/radiomars.ma\/fr\/#website"},"primaryImageOfPage":{"@id":"https:\/\/radiomars.ma\/fr\/?p=5847#primaryimage"},"image":{"@id":"https:\/\/radiomars.ma\/fr\/?p=5847#primaryimage"},"thumbnailUrl":"https:\/\/radiomars.ma\/fr\/wp-content\/uploads\/2026\/08\/ziyech-wydad.jpg","datePublished":"2026-08-30T20:09:42+00:00","author":{"@id":"https:\/\/radiomars.ma\/fr\/#\/schema\/person\/3c84279e0c82d50196b7b9eaeb67f7df"},"breadcrumb":{"@id":"https:\/\/radiomars.ma\/fr\/?p=5847#breadcrumb"},"inLanguage":"fr-FR","potentialAction":[{"@type":"ReadAction","target":["https:\/\/radiomars.ma\/fr\/?p=5847"]}]},{"@type":"ImageObject","inLanguage":"fr-FR","@id":"https:\/\/radiomars.ma\/fr\/?p=5847#primaryimage","url":"https:\/\/radiomars.ma\/fr\/wp-content\/uploads\/2026\/08\/ziyech-wydad.jpg","contentUrl":"https:\/\/radiomars.ma\/fr\/wp-content\/uploads\/2026\/08\/ziyech-wydad.jpg","width":800,"height":533},{"@type":"BreadcrumbList","@id":"https:\/\/radiomars.ma\/fr\/?p=5847#breadcrumb","itemListElement":[{"@type":"ListItem","position":1,"name":"Accueil","item":"https:\/\/radiomars.ma\/fr\/"},{"@type":"ListItem","position":2,"name":"Wydad : la crise entre Hakim Ziyech et la direction s&rsquo;intensifie"}]},{"@type":"WebSite","@id":"https:\/\/radiomars.ma\/fr\/#website","url":"https:\/\/radiomars.ma\/fr\/","name":"RADIOMARS","description":"","potentialAction":[{"@type":"SearchAction","target":{"@type":"EntryPoint","urlTemplate":"https:\/\/radiomars.ma\/fr\/?s={search_term_string}"},"query-input":{"@type":"PropertyValueSpecification","valueRequired":true,"valueName":"search_term_string"}}],"inLanguage":"fr-FR"},{"@type":"Person","@id":"https:\/\/radiomars.ma\/fr\/#\/schema\/person\/3c84279e0c82d50196b7b9eaeb67f7df","name":"Amine Birouk","image":{"@type":"ImageObject","inLanguage":"fr-FR","@id":"https:\/\/secure.gravatar.com\/avatar\/980362d30b99e5f165da95d8182ab3d998bbd98c95f5200d1e5670c03c19cb38?s=96&d=mm&r=g","url":"https:\/\/secure.gravatar.com\/avatar\/980362d30b99e5f165da95d8182ab3d998bbd98c95f5200d1e5670c03c19cb38?s=96&d=mm&r=g","contentUrl":"https:\/\/secure.gravatar.com\/avatar\/980362d30b99e5f165da95d8182ab3d998bbd98c95f5200d1e5670c03c19cb38?s=96&d=mm&r=g","caption":"Amine Birouk"},"url":"https:\/\/radiomars.ma\/fr\/?author=3"}]}},"_links":{"self":[{"href":"https:\/\/radiomars.ma\/fr\/index.php?rest_route=\/wp\/v2\/posts\/5847","targetHints":{"allow":["GET"]}}],"collection":[{"href":"https:\/\/radiomars.ma\/fr\/index.php?rest_route=\/wp\/v2\/posts"}],"about":[{"href":"https:\/\/radiomars.ma\/fr\/index.php?rest_route=\/wp\/v2\/types\/post"}],"author":[{"embeddable":true,"href":"https:\/\/radiomars.ma\/fr\/index.php?rest_route=\/wp\/v2\/users\/3"}],"replies":[{"embeddable":true,"href":"https:\/\/radiomars.ma\/fr\/index.php?rest_route=%2Fwp%2Fv2%2Fcomments&post=5847"}],"version-history":[{"count":1,"href":"https:\/\/radiomars.ma\/fr\/index.php?rest_route=\/wp\/v2\/posts\/5847\/revisions"}],"predecessor-version":[{"id":5849,"href":"https:\/\/radiomars.ma\/fr\/index.php?rest_route=\/wp\/v2\/posts\/5847\/revisions\/5849"}],"wp:featuredmedia":[{"embeddable":true,"href":"https:\/\/radiomars.ma\/fr\/index.php?rest_route=\/wp\/v2\/media\/5848"}],"wp:attachment":[{"href":"https:\/\/radiomars.ma\/fr\/index.php?rest_route=%2Fwp%2Fv2%2Fmedia&parent=5847"}],"wp:term":[{"taxonomy":"category","embeddable":true,"href":"https:\/\/radiomars.ma\/fr\/index.php?rest_route=%2Fwp%2Fv2%2Fcategories&post=5847"},{"taxonomy":"post_tag","embeddable":true,"href":"https:\/\/radiomars.ma\/fr\/index.php?rest_route=%2Fwp%2Fv2%2Ftags&post=5847"}],"curies":[{"name":"wp","href":"https:\/\/api.w.org\/{rel}","templated":true}]}}