{"id":5853,"date":"2026-08-30T22:55:03","date_gmt":"2026-08-30T20:55:03","guid":{"rendered":"https:\/\/radiomars.ma\/fr\/?p=5853"},"modified":"2026-08-30T22:55:03","modified_gmt":"2026-08-30T20:55:03","slug":"le-maroc-confirme-son-leadership-africain-dans-lespor","status":"publish","type":"post","link":"https:\/\/radiomars.ma\/fr\/?p=5853","title":{"rendered":"Le Maroc confirme son leadership africain dans l&rsquo;espor"},"content":{"rendered":"<p>Casablanca a une nouvelle fois d\u00e9montr\u00e9 le savoir-faire marocain dans l&rsquo;organisation de grands \u00e9v\u00e9nements sportifs internationaux, en accueillant avec succ\u00e8s le Championnat d&rsquo;Afrique d&rsquo;esport, du 27 au 29 ao\u00fbt. Ce rendez-vous continental majeur a r\u00e9uni les meilleures s\u00e9lections du continent autour de trois disciplines \u2014 eFootball Mobile, eFootball Console et Rocket League \u2014 avec une belle performance d&rsquo;ensemble pour les Lions de l&rsquo;Atlas.<\/p>\n<p>Selon la F\u00e9d\u00e9ration Royale Marocaine des Sports \u00c9lectroniques, cette comp\u00e9tition, organis\u00e9e en partenariat avec la FIFA et la F\u00e9d\u00e9ration Royale Marocaine de Football, marque une nouvelle \u00e9tape dans le d\u00e9veloppement de l&rsquo;esport au Maroc et confirme la capacit\u00e9 du Royaume \u00e0 accueillir de grands rendez-vous sportifs internationaux.<\/p>\n<p>Le choix de Casablanca n&rsquo;a rien d&rsquo;un hasard. La capitale \u00e9conomique du Royaume fait partie des villes d\u00e9sign\u00e9es par la FIFA pour accueillir les qualifications menant aux finales de la FIFA eWorld Cup, aux c\u00f4t\u00e9s de m\u00e9tropoles comme Lisbonne, Kuala Lumpur, Rio de Janeiro et Mexico. Le Maroc repr\u00e9sente ainsi, \u00e0 lui seul, le continent africain dans ce dispositif mondial.<\/p>\n<p>Au-del\u00e0 des r\u00e9sultats sportifs, la qualit\u00e9 de l&rsquo;organisation a \u00e9t\u00e9 largement salu\u00e9e par les \u00e9quipes de la FIFA, preuve que le Maroc sait d\u00e9sormais mettre son expertise \u00e9prouv\u00e9e dans l&rsquo;\u00e9v\u00e9nementiel sportif au service d&rsquo;un secteur en pleine expansion \u00e0 l&rsquo;\u00e9chelle mondiale.<\/p>\n<p>Sur le terrain, les Marocains ont brill\u00e9 dans les trois disciplines. En eFootball Mobile, la s\u00e9lection nationale a atteint les demi-finales, confirmant sa capacit\u00e9 \u00e0 rivaliser avec les meilleures \u00e9quipes africaines. En eFootball Console, elle a pouss\u00e9 jusqu&rsquo;en finale continentale, d\u00e9crochant le titre de vice-champion d&rsquo;Afrique et, avec lui, un billet pour les finales de la FIFA eWorld Cup. Mais c&rsquo;est en Rocket League que le Maroc a sign\u00e9 l&rsquo;exploit le plus marquant, en d\u00e9crochant le titre de champion d&rsquo;Afrique \u2014 une performance qui lui offre l\u00e0 aussi une qualification pour les finales mondiales.<\/p>\n<p>Les repr\u00e9sentants de la FIFA pr\u00e9sents sur place n&rsquo;ont pas manqu\u00e9 de souligner les progr\u00e8s r\u00e9alis\u00e9s par les joueurs marocains et le niveau affich\u00e9 tout au long du tournoi.<\/p>\n<p>Avec un titre continental, une place de vice-champion, une demi-finale et deux qualifications aux finales mondiales, le Maroc confirme que son expertise dans l&rsquo;organisation des grands \u00e9v\u00e9nements sportifs s&rsquo;\u00e9tend d\u00e9sormais pleinement \u00e0 l&rsquo;univers de l&rsquo;esport.<\/p>\n","protected":false},"excerpt":{"rendered":"<p>Casablanca a une nouvelle fois d\u00e9montr\u00e9 le savoir-faire marocain dans l&rsquo;organisation de grands \u00e9v\u00e9nements sportifs internationaux, en accueillant avec succ\u00e8s le Championnat d&rsquo;Afrique d&rsquo;esport, du 27 au 29 ao\u00fbt. Ce rendez-vous continental majeur a r\u00e9uni les meilleures s\u00e9lections du continent autour de trois disciplines \u2014 eFootball Mobile, eFootball Console et Rocket League \u2014 avec une [&hellip;]<\/p>\n","protected":false},"author":3,"featured_media":5854,"comment_status":"open","ping_status":"open","sticky":false,"template":"","format":"standard","meta":{"footnotes":""},"categories":[35,48,47],"tags":[1075],"class_list":["post-5853","post","type-post","status-publish","format-standard","has-post-thumbnail","category-e-sports","category-slider","category-top-spots","tag-esport"],"yoast_head":"<!-- This site is optimized with the Yoast SEO plugin v27.6 - https:\/\/yoast.com\/product\/yoast-seo-wordpress\/ -->\n<title>Le Maroc confirme son leadership africain dans l&#039;espor - RADIOMARS<\/title>\n<meta name=\"robots\" content=\"index, follow, max-snippet:-1, max-image-preview:large, max-video-preview:-1\" \/>\n<link rel=\"canonical\" href=\"https:\/\/radiomars.ma\/fr\/?p=5853\" \/>\n<meta property=\"og:locale\" content=\"fr_FR\" \/>\n<meta property=\"og:type\" content=\"article\" \/>\n<meta property=\"og:title\" content=\"Le Maroc confirme son leadership africain dans l&#039;espor - RADIOMARS\" \/>\n<meta property=\"og:description\" content=\"Casablanca a une nouvelle fois d\u00e9montr\u00e9 le savoir-faire marocain dans l&rsquo;organisation de grands \u00e9v\u00e9nements sportifs internationaux, en accueillant avec succ\u00e8s le Championnat d&rsquo;Afrique d&rsquo;esport, du 27 au 29 ao\u00fbt. Ce rendez-vous continental majeur a r\u00e9uni les meilleures s\u00e9lections du continent autour de trois disciplines \u2014 eFootball Mobile, eFootball Console et Rocket League \u2014 avec une [&hellip;]\" \/>\n<meta property=\"og:url\" content=\"https:\/\/radiomars.ma\/fr\/?p=5853\" \/>\n<meta property=\"og:site_name\" content=\"RADIOMARS\" \/>\n<meta property=\"article:published_time\" content=\"2026-08-30T20:55:03+00:00\" \/>\n<meta property=\"og:image\" content=\"https:\/\/radiomars.ma\/fr\/wp-content\/uploads\/2026\/08\/images-87.jpeg\" \/>\n\t<meta property=\"og:image:width\" content=\"488\" \/>\n\t<meta property=\"og:image:height\" content=\"409\" \/>\n\t<meta property=\"og:image:type\" content=\"image\/jpeg\" \/>\n<meta name=\"author\" content=\"Amine Birouk\" \/>\n<meta name=\"twitter:card\" content=\"summary_large_image\" \/>\n<meta name=\"twitter:label1\" content=\"\u00c9crit par\" \/>\n\t<meta name=\"twitter:data1\" content=\"Amine Birouk\" \/>\n\t<meta name=\"twitter:label2\" content=\"Dur\u00e9e de lecture estim\u00e9e\" \/>\n\t<meta name=\"twitter:data2\" content=\"2 minutes\" \/>\n<script type=\"application\/ld+json\" class=\"yoast-schema-graph\">{\"@context\":\"https:\\\/\\\/schema.org\",\"@graph\":[{\"@type\":\"Article\",\"@id\":\"https:\\\/\\\/radiomars.ma\\\/fr\\\/?p=5853#article\",\"isPartOf\":{\"@id\":\"https:\\\/\\\/radiomars.ma\\\/fr\\\/?p=5853\"},\"author\":{\"name\":\"Amine Birouk\",\"@id\":\"https:\\\/\\\/radiomars.ma\\\/fr\\\/#\\\/schema\\\/person\\\/3c84279e0c82d50196b7b9eaeb67f7df\"},\"headline\":\"Le Maroc confirme son leadership africain dans l&rsquo;espor\",\"datePublished\":\"2026-08-30T20:55:03+00:00\",\"mainEntityOfPage\":{\"@id\":\"https:\\\/\\\/radiomars.ma\\\/fr\\\/?p=5853\"},\"wordCount\":424,\"commentCount\":0,\"image\":{\"@id\":\"https:\\\/\\\/radiomars.ma\\\/fr\\\/?p=5853#primaryimage\"},\"thumbnailUrl\":\"https:\\\/\\\/radiomars.ma\\\/fr\\\/wp-content\\\/uploads\\\/2026\\\/08\\\/images-87.jpeg\",\"keywords\":[\"Esport\"],\"articleSection\":[\"E-SPORTS\",\"slider\",\"Top spots\"],\"inLanguage\":\"fr-FR\",\"potentialAction\":[{\"@type\":\"CommentAction\",\"name\":\"Comment\",\"target\":[\"https:\\\/\\\/radiomars.ma\\\/fr\\\/?p=5853#respond\"]}]},{\"@type\":\"WebPage\",\"@id\":\"https:\\\/\\\/radiomars.ma\\\/fr\\\/?p=5853\",\"url\":\"https:\\\/\\\/radiomars.ma\\\/fr\\\/?p=5853\",\"name\":\"Le Maroc confirme son leadership africain dans l'espor - RADIOMARS\",\"isPartOf\":{\"@id\":\"https:\\\/\\\/radiomars.ma\\\/fr\\\/#website\"},\"primaryImageOfPage\":{\"@id\":\"https:\\\/\\\/radiomars.ma\\\/fr\\\/?p=5853#primaryimage\"},\"image\":{\"@id\":\"https:\\\/\\\/radiomars.ma\\\/fr\\\/?p=5853#primaryimage\"},\"thumbnailUrl\":\"https:\\\/\\\/radiomars.ma\\\/fr\\\/wp-content\\\/uploads\\\/2026\\\/08\\\/images-87.jpeg\",\"datePublished\":\"2026-08-30T20:55:03+00:00\",\"author\":{\"@id\":\"https:\\\/\\\/radiomars.ma\\\/fr\\\/#\\\/schema\\\/person\\\/3c84279e0c82d50196b7b9eaeb67f7df\"},\"breadcrumb\":{\"@id\":\"https:\\\/\\\/radiomars.ma\\\/fr\\\/?p=5853#breadcrumb\"},\"inLanguage\":\"fr-FR\",\"potentialAction\":[{\"@type\":\"ReadAction\",\"target\":[\"https:\\\/\\\/radiomars.ma\\\/fr\\\/?p=5853\"]}]},{\"@type\":\"ImageObject\",\"inLanguage\":\"fr-FR\",\"@id\":\"https:\\\/\\\/radiomars.ma\\\/fr\\\/?p=5853#primaryimage\",\"url\":\"https:\\\/\\\/radiomars.ma\\\/fr\\\/wp-content\\\/uploads\\\/2026\\\/08\\\/images-87.jpeg\",\"contentUrl\":\"https:\\\/\\\/radiomars.ma\\\/fr\\\/wp-content\\\/uploads\\\/2026\\\/08\\\/images-87.jpeg\",\"width\":488,\"height\":409},{\"@type\":\"BreadcrumbList\",\"@id\":\"https:\\\/\\\/radiomars.ma\\\/fr\\\/?p=5853#breadcrumb\",\"itemListElement\":[{\"@type\":\"ListItem\",\"position\":1,\"name\":\"Accueil\",\"item\":\"https:\\\/\\\/radiomars.ma\\\/fr\\\/\"},{\"@type\":\"ListItem\",\"position\":2,\"name\":\"Le Maroc confirme son leadership africain dans l&rsquo;espor\"}]},{\"@type\":\"WebSite\",\"@id\":\"https:\\\/\\\/radiomars.ma\\\/fr\\\/#website\",\"url\":\"https:\\\/\\\/radiomars.ma\\\/fr\\\/\",\"name\":\"RADIOMARS\",\"description\":\"\",\"potentialAction\":[{\"@type\":\"SearchAction\",\"target\":{\"@type\":\"EntryPoint\",\"urlTemplate\":\"https:\\\/\\\/radiomars.ma\\\/fr\\\/?s={search_term_string}\"},\"query-input\":{\"@type\":\"PropertyValueSpecification\",\"valueRequired\":true,\"valueName\":\"search_term_string\"}}],\"inLanguage\":\"fr-FR\"},{\"@type\":\"Person\",\"@id\":\"https:\\\/\\\/radiomars.ma\\\/fr\\\/#\\\/schema\\\/person\\\/3c84279e0c82d50196b7b9eaeb67f7df\",\"name\":\"Amine Birouk\",\"image\":{\"@type\":\"ImageObject\",\"inLanguage\":\"fr-FR\",\"@id\":\"https:\\\/\\\/secure.gravatar.com\\\/avatar\\\/980362d30b99e5f165da95d8182ab3d998bbd98c95f5200d1e5670c03c19cb38?s=96&d=mm&r=g\",\"url\":\"https:\\\/\\\/secure.gravatar.com\\\/avatar\\\/980362d30b99e5f165da95d8182ab3d998bbd98c95f5200d1e5670c03c19cb38?s=96&d=mm&r=g\",\"contentUrl\":\"https:\\\/\\\/secure.gravatar.com\\\/avatar\\\/980362d30b99e5f165da95d8182ab3d998bbd98c95f5200d1e5670c03c19cb38?s=96&d=mm&r=g\",\"caption\":\"Amine Birouk\"},\"url\":\"https:\\\/\\\/radiomars.ma\\\/fr\\\/?author=3\"}]}<\/script>\n<!-- \/ Yoast SEO plugin. -->","yoast_head_json":{"title":"Le Maroc confirme son leadership africain dans l'espor - RADIOMARS","robots":{"index":"index","follow":"follow","max-snippet":"max-snippet:-1","max-image-preview":"max-image-preview:large","max-video-preview":"max-video-preview:-1"},"canonical":"https:\/\/radiomars.ma\/fr\/?p=5853","og_locale":"fr_FR","og_type":"article","og_title":"Le Maroc confirme son leadership africain dans l'espor - RADIOMARS","og_description":"Casablanca a une nouvelle fois d\u00e9montr\u00e9 le savoir-faire marocain dans l&rsquo;organisation de grands \u00e9v\u00e9nements sportifs internationaux, en accueillant avec succ\u00e8s le Championnat d&rsquo;Afrique d&rsquo;esport, du 27 au 29 ao\u00fbt. Ce rendez-vous continental majeur a r\u00e9uni les meilleures s\u00e9lections du continent autour de trois disciplines \u2014 eFootball Mobile, eFootball Console et Rocket League \u2014 avec une [&hellip;]","og_url":"https:\/\/radiomars.ma\/fr\/?p=5853","og_site_name":"RADIOMARS","article_published_time":"2026-08-30T20:55:03+00:00","og_image":[{"width":488,"height":409,"url":"https:\/\/radiomars.ma\/fr\/wp-content\/uploads\/2026\/08\/images-87.jpeg","type":"image\/jpeg"}],"author":"Amine Birouk","twitter_card":"summary_large_image","twitter_misc":{"\u00c9crit par":"Amine Birouk","Dur\u00e9e de lecture estim\u00e9e":"2 minutes"},"schema":{"@context":"https:\/\/schema.org","@graph":[{"@type":"Article","@id":"https:\/\/radiomars.ma\/fr\/?p=5853#article","isPartOf":{"@id":"https:\/\/radiomars.ma\/fr\/?p=5853"},"author":{"name":"Amine Birouk","@id":"https:\/\/radiomars.ma\/fr\/#\/schema\/person\/3c84279e0c82d50196b7b9eaeb67f7df"},"headline":"Le Maroc confirme son leadership africain dans l&rsquo;espor","datePublished":"2026-08-30T20:55:03+00:00","mainEntityOfPage":{"@id":"https:\/\/radiomars.ma\/fr\/?p=5853"},"wordCount":424,"commentCount":0,"image":{"@id":"https:\/\/radiomars.ma\/fr\/?p=5853#primaryimage"},"thumbnailUrl":"https:\/\/radiomars.ma\/fr\/wp-content\/uploads\/2026\/08\/images-87.jpeg","keywords":["Esport"],"articleSection":["E-SPORTS","slider","Top spots"],"inLanguage":"fr-FR","potentialAction":[{"@type":"CommentAction","name":"Comment","target":["https:\/\/radiomars.ma\/fr\/?p=5853#respond"]}]},{"@type":"WebPage","@id":"https:\/\/radiomars.ma\/fr\/?p=5853","url":"https:\/\/radiomars.ma\/fr\/?p=5853","name":"Le Maroc confirme son leadership africain dans l'espor - RADIOMARS","isPartOf":{"@id":"https:\/\/radiomars.ma\/fr\/#website"},"primaryImageOfPage":{"@id":"https:\/\/radiomars.ma\/fr\/?p=5853#primaryimage"},"image":{"@id":"https:\/\/radiomars.ma\/fr\/?p=5853#primaryimage"},"thumbnailUrl":"https:\/\/radiomars.ma\/fr\/wp-content\/uploads\/2026\/08\/images-87.jpeg","datePublished":"2026-08-30T20:55:03+00:00","author":{"@id":"https:\/\/radiomars.ma\/fr\/#\/schema\/person\/3c84279e0c82d50196b7b9eaeb67f7df"},"breadcrumb":{"@id":"https:\/\/radiomars.ma\/fr\/?p=5853#breadcrumb"},"inLanguage":"fr-FR","potentialAction":[{"@type":"ReadAction","target":["https:\/\/radiomars.ma\/fr\/?p=5853"]}]},{"@type":"ImageObject","inLanguage":"fr-FR","@id":"https:\/\/radiomars.ma\/fr\/?p=5853#primaryimage","url":"https:\/\/radiomars.ma\/fr\/wp-content\/uploads\/2026\/08\/images-87.jpeg","contentUrl":"https:\/\/radiomars.ma\/fr\/wp-content\/uploads\/2026\/08\/images-87.jpeg","width":488,"height":409},{"@type":"BreadcrumbList","@id":"https:\/\/radiomars.ma\/fr\/?p=5853#breadcrumb","itemListElement":[{"@type":"ListItem","position":1,"name":"Accueil","item":"https:\/\/radiomars.ma\/fr\/"},{"@type":"ListItem","position":2,"name":"Le Maroc confirme son leadership africain dans l&rsquo;espor"}]},{"@type":"WebSite","@id":"https:\/\/radiomars.ma\/fr\/#website","url":"https:\/\/radiomars.ma\/fr\/","name":"RADIOMARS","description":"","potentialAction":[{"@type":"SearchAction","target":{"@type":"EntryPoint","urlTemplate":"https:\/\/radiomars.ma\/fr\/?s={search_term_string}"},"query-input":{"@type":"PropertyValueSpecification","valueRequired":true,"valueName":"search_term_string"}}],"inLanguage":"fr-FR"},{"@type":"Person","@id":"https:\/\/radiomars.ma\/fr\/#\/schema\/person\/3c84279e0c82d50196b7b9eaeb67f7df","name":"Amine Birouk","image":{"@type":"ImageObject","inLanguage":"fr-FR","@id":"https:\/\/secure.gravatar.com\/avatar\/980362d30b99e5f165da95d8182ab3d998bbd98c95f5200d1e5670c03c19cb38?s=96&d=mm&r=g","url":"https:\/\/secure.gravatar.com\/avatar\/980362d30b99e5f165da95d8182ab3d998bbd98c95f5200d1e5670c03c19cb38?s=96&d=mm&r=g","contentUrl":"https:\/\/secure.gravatar.com\/avatar\/980362d30b99e5f165da95d8182ab3d998bbd98c95f5200d1e5670c03c19cb38?s=96&d=mm&r=g","caption":"Amine Birouk"},"url":"https:\/\/radiomars.ma\/fr\/?author=3"}]}},"_links":{"self":[{"href":"https:\/\/radiomars.ma\/fr\/index.php?rest_route=\/wp\/v2\/posts\/5853","targetHints":{"allow":["GET"]}}],"collection":[{"href":"https:\/\/radiomars.ma\/fr\/index.php?rest_route=\/wp\/v2\/posts"}],"about":[{"href":"https:\/\/radiomars.ma\/fr\/index.php?rest_route=\/wp\/v2\/types\/post"}],"author":[{"embeddable":true,"href":"https:\/\/radiomars.ma\/fr\/index.php?rest_route=\/wp\/v2\/users\/3"}],"replies":[{"embeddable":true,"href":"https:\/\/radiomars.ma\/fr\/index.php?rest_route=%2Fwp%2Fv2%2Fcomments&post=5853"}],"version-history":[{"count":1,"href":"https:\/\/radiomars.ma\/fr\/index.php?rest_route=\/wp\/v2\/posts\/5853\/revisions"}],"predecessor-version":[{"id":5855,"href":"https:\/\/radiomars.ma\/fr\/index.php?rest_route=\/wp\/v2\/posts\/5853\/revisions\/5855"}],"wp:featuredmedia":[{"embeddable":true,"href":"https:\/\/radiomars.ma\/fr\/index.php?rest_route=\/wp\/v2\/media\/5854"}],"wp:attachment":[{"href":"https:\/\/radiomars.ma\/fr\/index.php?rest_route=%2Fwp%2Fv2%2Fmedia&parent=5853"}],"wp:term":[{"taxonomy":"category","embeddable":true,"href":"https:\/\/radiomars.ma\/fr\/index.php?rest_route=%2Fwp%2Fv2%2Fcategories&post=5853"},{"taxonomy":"post_tag","embeddable":true,"href":"https:\/\/radiomars.ma\/fr\/index.php?rest_route=%2Fwp%2Fv2%2Ftags&post=5853"}],"curies":[{"name":"wp","href":"https:\/\/api.w.org\/{rel}","templated":true}]}}