{"id":5856,"date":"2026-08-30T23:49:34","date_gmt":"2026-08-30T21:49:34","guid":{"rendered":"https:\/\/radiomars.ma\/fr\/?p=5856"},"modified":"2026-08-30T23:49:34","modified_gmt":"2026-08-30T21:49:34","slug":"jeux-mediterraneens-nouvelle-medaille-de-bronze-pour-le-maroc-en-tennis","status":"publish","type":"post","link":"https:\/\/radiomars.ma\/fr\/?p=5856","title":{"rendered":"Jeux m\u00e9diterran\u00e9ens : nouvelle m\u00e9daille de bronze pour le Maroc en tennis"},"content":{"rendered":"<p>Le duo marocain Younes Lalami Laaroussi-Diaeddine El Jardi a d\u00e9croch\u00e9 la m\u00e9daille de bronze du double mixte de tennis aux Jeux m\u00e9diterran\u00e9ens de Tarente 2026.<\/p>\n<p>Les deux Marocains se sont impos\u00e9s face \u00e0 une paire portugaise sur le score de deux sets \u00e0 un (6-7, 7-5, 10-7), au terme d&rsquo;un match disput\u00e9 jusqu&rsquo;au bout.<\/p>\n<p>Une nouvelle breloque qui vient enrichir le beau parcours du tennis marocain \u00e0 Tarente, quelques heures seulement apr\u00e8s le sacre de Lalami Laaroussi et Yassine Dlimi en double messieurs.<\/p>\n","protected":false},"excerpt":{"rendered":"<p>Le duo marocain Younes Lalami Laaroussi-Diaeddine El Jardi a d\u00e9croch\u00e9 la m\u00e9daille de bronze du double mixte de tennis aux Jeux m\u00e9diterran\u00e9ens de Tarente 2026. Les deux Marocains se sont impos\u00e9s face \u00e0 une paire portugaise sur le score de deux sets \u00e0 un (6-7, 7-5, 10-7), au terme d&rsquo;un match disput\u00e9 jusqu&rsquo;au bout. Une [&hellip;]<\/p>\n","protected":false},"author":3,"featured_media":5857,"comment_status":"open","ping_status":"open","sticky":false,"template":"","format":"standard","meta":{"footnotes":""},"categories":[34,52,48,47],"tags":[82,968,79,1073],"class_list":["post-5856","post","type-post","status-publish","format-standard","has-post-thumbnail","category-autres-sports","category-flash","category-slider","category-top-spots","tag-diae-el-jardi","tag-jeux-mediterraneens","tag-tennis","tag-younes-alami-laaroussi"],"yoast_head":"<!-- This site is optimized with the Yoast SEO plugin v27.6 - https:\/\/yoast.com\/product\/yoast-seo-wordpress\/ -->\n<title>Jeux m\u00e9diterran\u00e9ens : nouvelle m\u00e9daille de bronze pour le Maroc en tennis - RADIOMARS<\/title>\n<meta name=\"robots\" content=\"index, follow, max-snippet:-1, max-image-preview:large, max-video-preview:-1\" \/>\n<link rel=\"canonical\" href=\"https:\/\/radiomars.ma\/fr\/?p=5856\" \/>\n<meta property=\"og:locale\" content=\"fr_FR\" \/>\n<meta property=\"og:type\" content=\"article\" \/>\n<meta property=\"og:title\" content=\"Jeux m\u00e9diterran\u00e9ens : nouvelle m\u00e9daille de bronze pour le Maroc en tennis - RADIOMARS\" \/>\n<meta property=\"og:description\" content=\"Le duo marocain Younes Lalami Laaroussi-Diaeddine El Jardi a d\u00e9croch\u00e9 la m\u00e9daille de bronze du double mixte de tennis aux Jeux m\u00e9diterran\u00e9ens de Tarente 2026. Les deux Marocains se sont impos\u00e9s face \u00e0 une paire portugaise sur le score de deux sets \u00e0 un (6-7, 7-5, 10-7), au terme d&rsquo;un match disput\u00e9 jusqu&rsquo;au bout. Une [&hellip;]\" \/>\n<meta property=\"og:url\" content=\"https:\/\/radiomars.ma\/fr\/?p=5856\" \/>\n<meta property=\"og:site_name\" content=\"RADIOMARS\" \/>\n<meta property=\"article:published_time\" content=\"2026-08-30T21:49:34+00:00\" \/>\n<meta property=\"og:image\" content=\"https:\/\/radiomars.ma\/fr\/wp-content\/uploads\/2026\/08\/laalami-.jpg\" \/>\n\t<meta property=\"og:image:width\" content=\"1200\" \/>\n\t<meta property=\"og:image:height\" content=\"600\" \/>\n\t<meta property=\"og:image:type\" content=\"image\/jpeg\" \/>\n<meta name=\"author\" content=\"Amine Birouk\" \/>\n<meta name=\"twitter:card\" content=\"summary_large_image\" \/>\n<meta name=\"twitter:label1\" content=\"\u00c9crit par\" \/>\n\t<meta name=\"twitter:data1\" content=\"Amine Birouk\" \/>\n\t<meta name=\"twitter:label2\" content=\"Dur\u00e9e de lecture estim\u00e9e\" \/>\n\t<meta name=\"twitter:data2\" content=\"1 minute\" \/>\n<script type=\"application\/ld+json\" class=\"yoast-schema-graph\">{\"@context\":\"https:\\\/\\\/schema.org\",\"@graph\":[{\"@type\":\"Article\",\"@id\":\"https:\\\/\\\/radiomars.ma\\\/fr\\\/?p=5856#article\",\"isPartOf\":{\"@id\":\"https:\\\/\\\/radiomars.ma\\\/fr\\\/?p=5856\"},\"author\":{\"name\":\"Amine Birouk\",\"@id\":\"https:\\\/\\\/radiomars.ma\\\/fr\\\/#\\\/schema\\\/person\\\/3c84279e0c82d50196b7b9eaeb67f7df\"},\"headline\":\"Jeux m\u00e9diterran\u00e9ens : nouvelle m\u00e9daille de bronze pour le Maroc en tennis\",\"datePublished\":\"2026-08-30T21:49:34+00:00\",\"mainEntityOfPage\":{\"@id\":\"https:\\\/\\\/radiomars.ma\\\/fr\\\/?p=5856\"},\"wordCount\":101,\"commentCount\":0,\"image\":{\"@id\":\"https:\\\/\\\/radiomars.ma\\\/fr\\\/?p=5856#primaryimage\"},\"thumbnailUrl\":\"https:\\\/\\\/radiomars.ma\\\/fr\\\/wp-content\\\/uploads\\\/2026\\\/08\\\/laalami-.jpg\",\"keywords\":[\"Diae el jardi\",\"Jeux M\u00e9diterran\u00e9ens\",\"tennis\",\"Younes Alami Laaroussi\"],\"articleSection\":[\"AUTRES SPORTS\",\"flash\",\"slider\",\"Top spots\"],\"inLanguage\":\"fr-FR\",\"potentialAction\":[{\"@type\":\"CommentAction\",\"name\":\"Comment\",\"target\":[\"https:\\\/\\\/radiomars.ma\\\/fr\\\/?p=5856#respond\"]}]},{\"@type\":\"WebPage\",\"@id\":\"https:\\\/\\\/radiomars.ma\\\/fr\\\/?p=5856\",\"url\":\"https:\\\/\\\/radiomars.ma\\\/fr\\\/?p=5856\",\"name\":\"Jeux m\u00e9diterran\u00e9ens : nouvelle m\u00e9daille de bronze pour le Maroc en tennis - RADIOMARS\",\"isPartOf\":{\"@id\":\"https:\\\/\\\/radiomars.ma\\\/fr\\\/#website\"},\"primaryImageOfPage\":{\"@id\":\"https:\\\/\\\/radiomars.ma\\\/fr\\\/?p=5856#primaryimage\"},\"image\":{\"@id\":\"https:\\\/\\\/radiomars.ma\\\/fr\\\/?p=5856#primaryimage\"},\"thumbnailUrl\":\"https:\\\/\\\/radiomars.ma\\\/fr\\\/wp-content\\\/uploads\\\/2026\\\/08\\\/laalami-.jpg\",\"datePublished\":\"2026-08-30T21:49:34+00:00\",\"author\":{\"@id\":\"https:\\\/\\\/radiomars.ma\\\/fr\\\/#\\\/schema\\\/person\\\/3c84279e0c82d50196b7b9eaeb67f7df\"},\"breadcrumb\":{\"@id\":\"https:\\\/\\\/radiomars.ma\\\/fr\\\/?p=5856#breadcrumb\"},\"inLanguage\":\"fr-FR\",\"potentialAction\":[{\"@type\":\"ReadAction\",\"target\":[\"https:\\\/\\\/radiomars.ma\\\/fr\\\/?p=5856\"]}]},{\"@type\":\"ImageObject\",\"inLanguage\":\"fr-FR\",\"@id\":\"https:\\\/\\\/radiomars.ma\\\/fr\\\/?p=5856#primaryimage\",\"url\":\"https:\\\/\\\/radiomars.ma\\\/fr\\\/wp-content\\\/uploads\\\/2026\\\/08\\\/laalami-.jpg\",\"contentUrl\":\"https:\\\/\\\/radiomars.ma\\\/fr\\\/wp-content\\\/uploads\\\/2026\\\/08\\\/laalami-.jpg\",\"width\":1200,\"height\":600,\"caption\":\"xr:d:DAFZP5r3BeE:2282,j:5848334666104112347,t:23112720\"},{\"@type\":\"BreadcrumbList\",\"@id\":\"https:\\\/\\\/radiomars.ma\\\/fr\\\/?p=5856#breadcrumb\",\"itemListElement\":[{\"@type\":\"ListItem\",\"position\":1,\"name\":\"Accueil\",\"item\":\"https:\\\/\\\/radiomars.ma\\\/fr\\\/\"},{\"@type\":\"ListItem\",\"position\":2,\"name\":\"Jeux m\u00e9diterran\u00e9ens : nouvelle m\u00e9daille de bronze pour le Maroc en tennis\"}]},{\"@type\":\"WebSite\",\"@id\":\"https:\\\/\\\/radiomars.ma\\\/fr\\\/#website\",\"url\":\"https:\\\/\\\/radiomars.ma\\\/fr\\\/\",\"name\":\"RADIOMARS\",\"description\":\"\",\"potentialAction\":[{\"@type\":\"SearchAction\",\"target\":{\"@type\":\"EntryPoint\",\"urlTemplate\":\"https:\\\/\\\/radiomars.ma\\\/fr\\\/?s={search_term_string}\"},\"query-input\":{\"@type\":\"PropertyValueSpecification\",\"valueRequired\":true,\"valueName\":\"search_term_string\"}}],\"inLanguage\":\"fr-FR\"},{\"@type\":\"Person\",\"@id\":\"https:\\\/\\\/radiomars.ma\\\/fr\\\/#\\\/schema\\\/person\\\/3c84279e0c82d50196b7b9eaeb67f7df\",\"name\":\"Amine Birouk\",\"image\":{\"@type\":\"ImageObject\",\"inLanguage\":\"fr-FR\",\"@id\":\"https:\\\/\\\/secure.gravatar.com\\\/avatar\\\/980362d30b99e5f165da95d8182ab3d998bbd98c95f5200d1e5670c03c19cb38?s=96&d=mm&r=g\",\"url\":\"https:\\\/\\\/secure.gravatar.com\\\/avatar\\\/980362d30b99e5f165da95d8182ab3d998bbd98c95f5200d1e5670c03c19cb38?s=96&d=mm&r=g\",\"contentUrl\":\"https:\\\/\\\/secure.gravatar.com\\\/avatar\\\/980362d30b99e5f165da95d8182ab3d998bbd98c95f5200d1e5670c03c19cb38?s=96&d=mm&r=g\",\"caption\":\"Amine Birouk\"},\"url\":\"https:\\\/\\\/radiomars.ma\\\/fr\\\/?author=3\"}]}<\/script>\n<!-- \/ Yoast SEO plugin. -->","yoast_head_json":{"title":"Jeux m\u00e9diterran\u00e9ens : nouvelle m\u00e9daille de bronze pour le Maroc en tennis - RADIOMARS","robots":{"index":"index","follow":"follow","max-snippet":"max-snippet:-1","max-image-preview":"max-image-preview:large","max-video-preview":"max-video-preview:-1"},"canonical":"https:\/\/radiomars.ma\/fr\/?p=5856","og_locale":"fr_FR","og_type":"article","og_title":"Jeux m\u00e9diterran\u00e9ens : nouvelle m\u00e9daille de bronze pour le Maroc en tennis - RADIOMARS","og_description":"Le duo marocain Younes Lalami Laaroussi-Diaeddine El Jardi a d\u00e9croch\u00e9 la m\u00e9daille de bronze du double mixte de tennis aux Jeux m\u00e9diterran\u00e9ens de Tarente 2026. Les deux Marocains se sont impos\u00e9s face \u00e0 une paire portugaise sur le score de deux sets \u00e0 un (6-7, 7-5, 10-7), au terme d&rsquo;un match disput\u00e9 jusqu&rsquo;au bout. Une [&hellip;]","og_url":"https:\/\/radiomars.ma\/fr\/?p=5856","og_site_name":"RADIOMARS","article_published_time":"2026-08-30T21:49:34+00:00","og_image":[{"width":1200,"height":600,"url":"https:\/\/radiomars.ma\/fr\/wp-content\/uploads\/2026\/08\/laalami-.jpg","type":"image\/jpeg"}],"author":"Amine Birouk","twitter_card":"summary_large_image","twitter_misc":{"\u00c9crit par":"Amine Birouk","Dur\u00e9e de lecture estim\u00e9e":"1 minute"},"schema":{"@context":"https:\/\/schema.org","@graph":[{"@type":"Article","@id":"https:\/\/radiomars.ma\/fr\/?p=5856#article","isPartOf":{"@id":"https:\/\/radiomars.ma\/fr\/?p=5856"},"author":{"name":"Amine Birouk","@id":"https:\/\/radiomars.ma\/fr\/#\/schema\/person\/3c84279e0c82d50196b7b9eaeb67f7df"},"headline":"Jeux m\u00e9diterran\u00e9ens : nouvelle m\u00e9daille de bronze pour le Maroc en tennis","datePublished":"2026-08-30T21:49:34+00:00","mainEntityOfPage":{"@id":"https:\/\/radiomars.ma\/fr\/?p=5856"},"wordCount":101,"commentCount":0,"image":{"@id":"https:\/\/radiomars.ma\/fr\/?p=5856#primaryimage"},"thumbnailUrl":"https:\/\/radiomars.ma\/fr\/wp-content\/uploads\/2026\/08\/laalami-.jpg","keywords":["Diae el jardi","Jeux M\u00e9diterran\u00e9ens","tennis","Younes Alami Laaroussi"],"articleSection":["AUTRES SPORTS","flash","slider","Top spots"],"inLanguage":"fr-FR","potentialAction":[{"@type":"CommentAction","name":"Comment","target":["https:\/\/radiomars.ma\/fr\/?p=5856#respond"]}]},{"@type":"WebPage","@id":"https:\/\/radiomars.ma\/fr\/?p=5856","url":"https:\/\/radiomars.ma\/fr\/?p=5856","name":"Jeux m\u00e9diterran\u00e9ens : nouvelle m\u00e9daille de bronze pour le Maroc en tennis - RADIOMARS","isPartOf":{"@id":"https:\/\/radiomars.ma\/fr\/#website"},"primaryImageOfPage":{"@id":"https:\/\/radiomars.ma\/fr\/?p=5856#primaryimage"},"image":{"@id":"https:\/\/radiomars.ma\/fr\/?p=5856#primaryimage"},"thumbnailUrl":"https:\/\/radiomars.ma\/fr\/wp-content\/uploads\/2026\/08\/laalami-.jpg","datePublished":"2026-08-30T21:49:34+00:00","author":{"@id":"https:\/\/radiomars.ma\/fr\/#\/schema\/person\/3c84279e0c82d50196b7b9eaeb67f7df"},"breadcrumb":{"@id":"https:\/\/radiomars.ma\/fr\/?p=5856#breadcrumb"},"inLanguage":"fr-FR","potentialAction":[{"@type":"ReadAction","target":["https:\/\/radiomars.ma\/fr\/?p=5856"]}]},{"@type":"ImageObject","inLanguage":"fr-FR","@id":"https:\/\/radiomars.ma\/fr\/?p=5856#primaryimage","url":"https:\/\/radiomars.ma\/fr\/wp-content\/uploads\/2026\/08\/laalami-.jpg","contentUrl":"https:\/\/radiomars.ma\/fr\/wp-content\/uploads\/2026\/08\/laalami-.jpg","width":1200,"height":600,"caption":"xr:d:DAFZP5r3BeE:2282,j:5848334666104112347,t:23112720"},{"@type":"BreadcrumbList","@id":"https:\/\/radiomars.ma\/fr\/?p=5856#breadcrumb","itemListElement":[{"@type":"ListItem","position":1,"name":"Accueil","item":"https:\/\/radiomars.ma\/fr\/"},{"@type":"ListItem","position":2,"name":"Jeux m\u00e9diterran\u00e9ens : nouvelle m\u00e9daille de bronze pour le Maroc en tennis"}]},{"@type":"WebSite","@id":"https:\/\/radiomars.ma\/fr\/#website","url":"https:\/\/radiomars.ma\/fr\/","name":"RADIOMARS","description":"","potentialAction":[{"@type":"SearchAction","target":{"@type":"EntryPoint","urlTemplate":"https:\/\/radiomars.ma\/fr\/?s={search_term_string}"},"query-input":{"@type":"PropertyValueSpecification","valueRequired":true,"valueName":"search_term_string"}}],"inLanguage":"fr-FR"},{"@type":"Person","@id":"https:\/\/radiomars.ma\/fr\/#\/schema\/person\/3c84279e0c82d50196b7b9eaeb67f7df","name":"Amine Birouk","image":{"@type":"ImageObject","inLanguage":"fr-FR","@id":"https:\/\/secure.gravatar.com\/avatar\/980362d30b99e5f165da95d8182ab3d998bbd98c95f5200d1e5670c03c19cb38?s=96&d=mm&r=g","url":"https:\/\/secure.gravatar.com\/avatar\/980362d30b99e5f165da95d8182ab3d998bbd98c95f5200d1e5670c03c19cb38?s=96&d=mm&r=g","contentUrl":"https:\/\/secure.gravatar.com\/avatar\/980362d30b99e5f165da95d8182ab3d998bbd98c95f5200d1e5670c03c19cb38?s=96&d=mm&r=g","caption":"Amine Birouk"},"url":"https:\/\/radiomars.ma\/fr\/?author=3"}]}},"_links":{"self":[{"href":"https:\/\/radiomars.ma\/fr\/index.php?rest_route=\/wp\/v2\/posts\/5856","targetHints":{"allow":["GET"]}}],"collection":[{"href":"https:\/\/radiomars.ma\/fr\/index.php?rest_route=\/wp\/v2\/posts"}],"about":[{"href":"https:\/\/radiomars.ma\/fr\/index.php?rest_route=\/wp\/v2\/types\/post"}],"author":[{"embeddable":true,"href":"https:\/\/radiomars.ma\/fr\/index.php?rest_route=\/wp\/v2\/users\/3"}],"replies":[{"embeddable":true,"href":"https:\/\/radiomars.ma\/fr\/index.php?rest_route=%2Fwp%2Fv2%2Fcomments&post=5856"}],"version-history":[{"count":1,"href":"https:\/\/radiomars.ma\/fr\/index.php?rest_route=\/wp\/v2\/posts\/5856\/revisions"}],"predecessor-version":[{"id":5858,"href":"https:\/\/radiomars.ma\/fr\/index.php?rest_route=\/wp\/v2\/posts\/5856\/revisions\/5858"}],"wp:featuredmedia":[{"embeddable":true,"href":"https:\/\/radiomars.ma\/fr\/index.php?rest_route=\/wp\/v2\/media\/5857"}],"wp:attachment":[{"href":"https:\/\/radiomars.ma\/fr\/index.php?rest_route=%2Fwp%2Fv2%2Fmedia&parent=5856"}],"wp:term":[{"taxonomy":"category","embeddable":true,"href":"https:\/\/radiomars.ma\/fr\/index.php?rest_route=%2Fwp%2Fv2%2Fcategories&post=5856"},{"taxonomy":"post_tag","embeddable":true,"href":"https:\/\/radiomars.ma\/fr\/index.php?rest_route=%2Fwp%2Fv2%2Ftags&post=5856"}],"curies":[{"name":"wp","href":"https:\/\/api.w.org\/{rel}","templated":true}]}}