{"id":5869,"date":"2026-08-31T13:28:43","date_gmt":"2026-08-31T11:28:43","guid":{"rendered":"https:\/\/radiomars.ma\/fr\/?p=5869"},"modified":"2026-08-31T13:28:43","modified_gmt":"2026-08-31T11:28:43","slug":"djokovic-elimine-dentree-a-lus-open-une-premiere-en-20-ans","status":"publish","type":"post","link":"https:\/\/radiomars.ma\/fr\/?p=5869","title":{"rendered":"Djokovic \u00e9limin\u00e9 d&rsquo;entr\u00e9e \u00e0 l&rsquo;US Open, une premi\u00e8re en 20 ans"},"content":{"rendered":"<p>Novak Djokovic a \u00e9t\u00e9 \u00e9limin\u00e9 d\u00e8s le premier tour de l&rsquo;US Open ce dimanche, battu en cinq sets (7-6, 5-7, 4-6, 6-2, 6-1) par l&rsquo;Argentin Mariano Navone, 49e mondial, au terme de plus de 4h30 de combat. L&rsquo;ex-num\u00e9ro un mondial, aujourd&rsquo;hui 5e, a \u00e9t\u00e9 tr\u00e8s diminu\u00e9 physiquement tout au long du match, victime de vomissements r\u00e9p\u00e9t\u00e9s et de crampes. \u00ab C&rsquo;est quelque chose que je tra\u00eene, malheureusement, quasiment \u00e0 chaque match cette ann\u00e9e \u00bb, a confi\u00e9 le Serbe.<\/p>\n<p>C&rsquo;est la premi\u00e8re fois en 19 participations que Djokovic chute d\u00e8s le premier tour \u00e0 Flushing Meadows. Il faut remonter \u00e0 l&rsquo;Open d&rsquo;Australie 2006 pour retrouver une sortie aussi pr\u00e9coce du joueur de 39 ans en Grand Chelem \u2014 une d\u00e9faite qui l&rsquo;\u00e9loigne encore un peu plus d&rsquo;un 25e sacre majeur record.<\/p>\n<p>Men\u00e9 4-1 dans le premier set, il a sembl\u00e9 sur le point d&rsquo;abandonner avant de recoller \u00e0 deux sets partout, port\u00e9 par des rel\u00e2chements de son adversaire. Mais les crampes ont eu raison de lui dans le quatri\u00e8me set, o\u00f9 il a perdu huit jeux d&rsquo;affil\u00e9e.<\/p>\n<p>Par ailleurs, Daniil Medvedev et Jessica Pegula ont valid\u00e9 leur premier tour sans trembler, tandis que Venus Williams, 46 ans, a de nouveau \u00e9t\u00e9 \u00e9limin\u00e9e d&rsquo;entr\u00e9e, sa 14e d\u00e9faite cons\u00e9cutive sur le circuit.<\/p>\n","protected":false},"excerpt":{"rendered":"<p>Novak Djokovic a \u00e9t\u00e9 \u00e9limin\u00e9 d\u00e8s le premier tour de l&rsquo;US Open ce dimanche, battu en cinq sets (7-6, 5-7, 4-6, 6-2, 6-1) par l&rsquo;Argentin Mariano Navone, 49e mondial, au terme de plus de 4h30 de combat. L&rsquo;ex-num\u00e9ro un mondial, aujourd&rsquo;hui 5e, a \u00e9t\u00e9 tr\u00e8s diminu\u00e9 physiquement tout au long du match, victime de vomissements [&hellip;]<\/p>\n","protected":false},"author":3,"featured_media":5870,"comment_status":"open","ping_status":"open","sticky":false,"template":"","format":"standard","meta":{"footnotes":""},"categories":[52],"tags":[304,79,1082],"class_list":["post-5869","post","type-post","status-publish","format-standard","has-post-thumbnail","category-flash","tag-novak-djokovic","tag-tennis","tag-us-open"],"yoast_head":"<!-- This site is optimized with the Yoast SEO plugin v27.6 - https:\/\/yoast.com\/product\/yoast-seo-wordpress\/ -->\n<title>Djokovic \u00e9limin\u00e9 d&#039;entr\u00e9e \u00e0 l&#039;US Open, une premi\u00e8re en 20 ans - RADIOMARS<\/title>\n<meta name=\"robots\" content=\"index, follow, max-snippet:-1, max-image-preview:large, max-video-preview:-1\" \/>\n<link rel=\"canonical\" href=\"https:\/\/radiomars.ma\/fr\/?p=5869\" \/>\n<meta property=\"og:locale\" content=\"fr_FR\" \/>\n<meta property=\"og:type\" content=\"article\" \/>\n<meta property=\"og:title\" content=\"Djokovic \u00e9limin\u00e9 d&#039;entr\u00e9e \u00e0 l&#039;US Open, une premi\u00e8re en 20 ans - RADIOMARS\" \/>\n<meta property=\"og:description\" content=\"Novak Djokovic a \u00e9t\u00e9 \u00e9limin\u00e9 d\u00e8s le premier tour de l&rsquo;US Open ce dimanche, battu en cinq sets (7-6, 5-7, 4-6, 6-2, 6-1) par l&rsquo;Argentin Mariano Navone, 49e mondial, au terme de plus de 4h30 de combat. L&rsquo;ex-num\u00e9ro un mondial, aujourd&rsquo;hui 5e, a \u00e9t\u00e9 tr\u00e8s diminu\u00e9 physiquement tout au long du match, victime de vomissements [&hellip;]\" \/>\n<meta property=\"og:url\" content=\"https:\/\/radiomars.ma\/fr\/?p=5869\" \/>\n<meta property=\"og:site_name\" content=\"RADIOMARS\" \/>\n<meta property=\"article:published_time\" content=\"2026-08-31T11:28:43+00:00\" \/>\n<meta property=\"og:image\" content=\"https:\/\/radiomars.ma\/fr\/wp-content\/uploads\/2026\/08\/1863793-le-serbe-novak-djokovic-lors-du-premier-tour-de-l-us-open-contre-l-argentin-mariano-navone-le-30-aout-2026-a-new-york.jpg\" \/>\n\t<meta property=\"og:image:width\" content=\"770\" \/>\n\t<meta property=\"og:image:height\" content=\"513\" \/>\n\t<meta property=\"og:image:type\" content=\"image\/jpeg\" \/>\n<meta name=\"author\" content=\"Amine Birouk\" \/>\n<meta name=\"twitter:card\" content=\"summary_large_image\" \/>\n<meta name=\"twitter:label1\" content=\"\u00c9crit par\" \/>\n\t<meta name=\"twitter:data1\" content=\"Amine Birouk\" \/>\n\t<meta name=\"twitter:label2\" content=\"Dur\u00e9e de lecture estim\u00e9e\" \/>\n\t<meta name=\"twitter:data2\" content=\"2 minutes\" \/>\n<script type=\"application\/ld+json\" class=\"yoast-schema-graph\">{\"@context\":\"https:\\\/\\\/schema.org\",\"@graph\":[{\"@type\":\"Article\",\"@id\":\"https:\\\/\\\/radiomars.ma\\\/fr\\\/?p=5869#article\",\"isPartOf\":{\"@id\":\"https:\\\/\\\/radiomars.ma\\\/fr\\\/?p=5869\"},\"author\":{\"name\":\"Amine Birouk\",\"@id\":\"https:\\\/\\\/radiomars.ma\\\/fr\\\/#\\\/schema\\\/person\\\/3c84279e0c82d50196b7b9eaeb67f7df\"},\"headline\":\"Djokovic \u00e9limin\u00e9 d&rsquo;entr\u00e9e \u00e0 l&rsquo;US Open, une premi\u00e8re en 20 ans\",\"datePublished\":\"2026-08-31T11:28:43+00:00\",\"mainEntityOfPage\":{\"@id\":\"https:\\\/\\\/radiomars.ma\\\/fr\\\/?p=5869\"},\"wordCount\":243,\"commentCount\":0,\"image\":{\"@id\":\"https:\\\/\\\/radiomars.ma\\\/fr\\\/?p=5869#primaryimage\"},\"thumbnailUrl\":\"https:\\\/\\\/radiomars.ma\\\/fr\\\/wp-content\\\/uploads\\\/2026\\\/08\\\/1863793-le-serbe-novak-djokovic-lors-du-premier-tour-de-l-us-open-contre-l-argentin-mariano-navone-le-30-aout-2026-a-new-york.jpg\",\"keywords\":[\"Novak Djokovic\",\"tennis\",\"US Open\"],\"articleSection\":[\"flash\"],\"inLanguage\":\"fr-FR\",\"potentialAction\":[{\"@type\":\"CommentAction\",\"name\":\"Comment\",\"target\":[\"https:\\\/\\\/radiomars.ma\\\/fr\\\/?p=5869#respond\"]}]},{\"@type\":\"WebPage\",\"@id\":\"https:\\\/\\\/radiomars.ma\\\/fr\\\/?p=5869\",\"url\":\"https:\\\/\\\/radiomars.ma\\\/fr\\\/?p=5869\",\"name\":\"Djokovic \u00e9limin\u00e9 d'entr\u00e9e \u00e0 l'US Open, une premi\u00e8re en 20 ans - RADIOMARS\",\"isPartOf\":{\"@id\":\"https:\\\/\\\/radiomars.ma\\\/fr\\\/#website\"},\"primaryImageOfPage\":{\"@id\":\"https:\\\/\\\/radiomars.ma\\\/fr\\\/?p=5869#primaryimage\"},\"image\":{\"@id\":\"https:\\\/\\\/radiomars.ma\\\/fr\\\/?p=5869#primaryimage\"},\"thumbnailUrl\":\"https:\\\/\\\/radiomars.ma\\\/fr\\\/wp-content\\\/uploads\\\/2026\\\/08\\\/1863793-le-serbe-novak-djokovic-lors-du-premier-tour-de-l-us-open-contre-l-argentin-mariano-navone-le-30-aout-2026-a-new-york.jpg\",\"datePublished\":\"2026-08-31T11:28:43+00:00\",\"author\":{\"@id\":\"https:\\\/\\\/radiomars.ma\\\/fr\\\/#\\\/schema\\\/person\\\/3c84279e0c82d50196b7b9eaeb67f7df\"},\"breadcrumb\":{\"@id\":\"https:\\\/\\\/radiomars.ma\\\/fr\\\/?p=5869#breadcrumb\"},\"inLanguage\":\"fr-FR\",\"potentialAction\":[{\"@type\":\"ReadAction\",\"target\":[\"https:\\\/\\\/radiomars.ma\\\/fr\\\/?p=5869\"]}]},{\"@type\":\"ImageObject\",\"inLanguage\":\"fr-FR\",\"@id\":\"https:\\\/\\\/radiomars.ma\\\/fr\\\/?p=5869#primaryimage\",\"url\":\"https:\\\/\\\/radiomars.ma\\\/fr\\\/wp-content\\\/uploads\\\/2026\\\/08\\\/1863793-le-serbe-novak-djokovic-lors-du-premier-tour-de-l-us-open-contre-l-argentin-mariano-navone-le-30-aout-2026-a-new-york.jpg\",\"contentUrl\":\"https:\\\/\\\/radiomars.ma\\\/fr\\\/wp-content\\\/uploads\\\/2026\\\/08\\\/1863793-le-serbe-novak-djokovic-lors-du-premier-tour-de-l-us-open-contre-l-argentin-mariano-navone-le-30-aout-2026-a-new-york.jpg\",\"width\":770,\"height\":513},{\"@type\":\"BreadcrumbList\",\"@id\":\"https:\\\/\\\/radiomars.ma\\\/fr\\\/?p=5869#breadcrumb\",\"itemListElement\":[{\"@type\":\"ListItem\",\"position\":1,\"name\":\"Accueil\",\"item\":\"https:\\\/\\\/radiomars.ma\\\/fr\\\/\"},{\"@type\":\"ListItem\",\"position\":2,\"name\":\"Djokovic \u00e9limin\u00e9 d&rsquo;entr\u00e9e \u00e0 l&rsquo;US Open, une premi\u00e8re en 20 ans\"}]},{\"@type\":\"WebSite\",\"@id\":\"https:\\\/\\\/radiomars.ma\\\/fr\\\/#website\",\"url\":\"https:\\\/\\\/radiomars.ma\\\/fr\\\/\",\"name\":\"RADIOMARS\",\"description\":\"\",\"potentialAction\":[{\"@type\":\"SearchAction\",\"target\":{\"@type\":\"EntryPoint\",\"urlTemplate\":\"https:\\\/\\\/radiomars.ma\\\/fr\\\/?s={search_term_string}\"},\"query-input\":{\"@type\":\"PropertyValueSpecification\",\"valueRequired\":true,\"valueName\":\"search_term_string\"}}],\"inLanguage\":\"fr-FR\"},{\"@type\":\"Person\",\"@id\":\"https:\\\/\\\/radiomars.ma\\\/fr\\\/#\\\/schema\\\/person\\\/3c84279e0c82d50196b7b9eaeb67f7df\",\"name\":\"Amine Birouk\",\"image\":{\"@type\":\"ImageObject\",\"inLanguage\":\"fr-FR\",\"@id\":\"https:\\\/\\\/secure.gravatar.com\\\/avatar\\\/980362d30b99e5f165da95d8182ab3d998bbd98c95f5200d1e5670c03c19cb38?s=96&d=mm&r=g\",\"url\":\"https:\\\/\\\/secure.gravatar.com\\\/avatar\\\/980362d30b99e5f165da95d8182ab3d998bbd98c95f5200d1e5670c03c19cb38?s=96&d=mm&r=g\",\"contentUrl\":\"https:\\\/\\\/secure.gravatar.com\\\/avatar\\\/980362d30b99e5f165da95d8182ab3d998bbd98c95f5200d1e5670c03c19cb38?s=96&d=mm&r=g\",\"caption\":\"Amine Birouk\"},\"url\":\"https:\\\/\\\/radiomars.ma\\\/fr\\\/?author=3\"}]}<\/script>\n<!-- \/ Yoast SEO plugin. -->","yoast_head_json":{"title":"Djokovic \u00e9limin\u00e9 d'entr\u00e9e \u00e0 l'US Open, une premi\u00e8re en 20 ans - RADIOMARS","robots":{"index":"index","follow":"follow","max-snippet":"max-snippet:-1","max-image-preview":"max-image-preview:large","max-video-preview":"max-video-preview:-1"},"canonical":"https:\/\/radiomars.ma\/fr\/?p=5869","og_locale":"fr_FR","og_type":"article","og_title":"Djokovic \u00e9limin\u00e9 d'entr\u00e9e \u00e0 l'US Open, une premi\u00e8re en 20 ans - RADIOMARS","og_description":"Novak Djokovic a \u00e9t\u00e9 \u00e9limin\u00e9 d\u00e8s le premier tour de l&rsquo;US Open ce dimanche, battu en cinq sets (7-6, 5-7, 4-6, 6-2, 6-1) par l&rsquo;Argentin Mariano Navone, 49e mondial, au terme de plus de 4h30 de combat. L&rsquo;ex-num\u00e9ro un mondial, aujourd&rsquo;hui 5e, a \u00e9t\u00e9 tr\u00e8s diminu\u00e9 physiquement tout au long du match, victime de vomissements [&hellip;]","og_url":"https:\/\/radiomars.ma\/fr\/?p=5869","og_site_name":"RADIOMARS","article_published_time":"2026-08-31T11:28:43+00:00","og_image":[{"width":770,"height":513,"url":"https:\/\/radiomars.ma\/fr\/wp-content\/uploads\/2026\/08\/1863793-le-serbe-novak-djokovic-lors-du-premier-tour-de-l-us-open-contre-l-argentin-mariano-navone-le-30-aout-2026-a-new-york.jpg","type":"image\/jpeg"}],"author":"Amine Birouk","twitter_card":"summary_large_image","twitter_misc":{"\u00c9crit par":"Amine Birouk","Dur\u00e9e de lecture estim\u00e9e":"2 minutes"},"schema":{"@context":"https:\/\/schema.org","@graph":[{"@type":"Article","@id":"https:\/\/radiomars.ma\/fr\/?p=5869#article","isPartOf":{"@id":"https:\/\/radiomars.ma\/fr\/?p=5869"},"author":{"name":"Amine Birouk","@id":"https:\/\/radiomars.ma\/fr\/#\/schema\/person\/3c84279e0c82d50196b7b9eaeb67f7df"},"headline":"Djokovic \u00e9limin\u00e9 d&rsquo;entr\u00e9e \u00e0 l&rsquo;US Open, une premi\u00e8re en 20 ans","datePublished":"2026-08-31T11:28:43+00:00","mainEntityOfPage":{"@id":"https:\/\/radiomars.ma\/fr\/?p=5869"},"wordCount":243,"commentCount":0,"image":{"@id":"https:\/\/radiomars.ma\/fr\/?p=5869#primaryimage"},"thumbnailUrl":"https:\/\/radiomars.ma\/fr\/wp-content\/uploads\/2026\/08\/1863793-le-serbe-novak-djokovic-lors-du-premier-tour-de-l-us-open-contre-l-argentin-mariano-navone-le-30-aout-2026-a-new-york.jpg","keywords":["Novak Djokovic","tennis","US Open"],"articleSection":["flash"],"inLanguage":"fr-FR","potentialAction":[{"@type":"CommentAction","name":"Comment","target":["https:\/\/radiomars.ma\/fr\/?p=5869#respond"]}]},{"@type":"WebPage","@id":"https:\/\/radiomars.ma\/fr\/?p=5869","url":"https:\/\/radiomars.ma\/fr\/?p=5869","name":"Djokovic \u00e9limin\u00e9 d'entr\u00e9e \u00e0 l'US Open, une premi\u00e8re en 20 ans - RADIOMARS","isPartOf":{"@id":"https:\/\/radiomars.ma\/fr\/#website"},"primaryImageOfPage":{"@id":"https:\/\/radiomars.ma\/fr\/?p=5869#primaryimage"},"image":{"@id":"https:\/\/radiomars.ma\/fr\/?p=5869#primaryimage"},"thumbnailUrl":"https:\/\/radiomars.ma\/fr\/wp-content\/uploads\/2026\/08\/1863793-le-serbe-novak-djokovic-lors-du-premier-tour-de-l-us-open-contre-l-argentin-mariano-navone-le-30-aout-2026-a-new-york.jpg","datePublished":"2026-08-31T11:28:43+00:00","author":{"@id":"https:\/\/radiomars.ma\/fr\/#\/schema\/person\/3c84279e0c82d50196b7b9eaeb67f7df"},"breadcrumb":{"@id":"https:\/\/radiomars.ma\/fr\/?p=5869#breadcrumb"},"inLanguage":"fr-FR","potentialAction":[{"@type":"ReadAction","target":["https:\/\/radiomars.ma\/fr\/?p=5869"]}]},{"@type":"ImageObject","inLanguage":"fr-FR","@id":"https:\/\/radiomars.ma\/fr\/?p=5869#primaryimage","url":"https:\/\/radiomars.ma\/fr\/wp-content\/uploads\/2026\/08\/1863793-le-serbe-novak-djokovic-lors-du-premier-tour-de-l-us-open-contre-l-argentin-mariano-navone-le-30-aout-2026-a-new-york.jpg","contentUrl":"https:\/\/radiomars.ma\/fr\/wp-content\/uploads\/2026\/08\/1863793-le-serbe-novak-djokovic-lors-du-premier-tour-de-l-us-open-contre-l-argentin-mariano-navone-le-30-aout-2026-a-new-york.jpg","width":770,"height":513},{"@type":"BreadcrumbList","@id":"https:\/\/radiomars.ma\/fr\/?p=5869#breadcrumb","itemListElement":[{"@type":"ListItem","position":1,"name":"Accueil","item":"https:\/\/radiomars.ma\/fr\/"},{"@type":"ListItem","position":2,"name":"Djokovic \u00e9limin\u00e9 d&rsquo;entr\u00e9e \u00e0 l&rsquo;US Open, une premi\u00e8re en 20 ans"}]},{"@type":"WebSite","@id":"https:\/\/radiomars.ma\/fr\/#website","url":"https:\/\/radiomars.ma\/fr\/","name":"RADIOMARS","description":"","potentialAction":[{"@type":"SearchAction","target":{"@type":"EntryPoint","urlTemplate":"https:\/\/radiomars.ma\/fr\/?s={search_term_string}"},"query-input":{"@type":"PropertyValueSpecification","valueRequired":true,"valueName":"search_term_string"}}],"inLanguage":"fr-FR"},{"@type":"Person","@id":"https:\/\/radiomars.ma\/fr\/#\/schema\/person\/3c84279e0c82d50196b7b9eaeb67f7df","name":"Amine Birouk","image":{"@type":"ImageObject","inLanguage":"fr-FR","@id":"https:\/\/secure.gravatar.com\/avatar\/980362d30b99e5f165da95d8182ab3d998bbd98c95f5200d1e5670c03c19cb38?s=96&d=mm&r=g","url":"https:\/\/secure.gravatar.com\/avatar\/980362d30b99e5f165da95d8182ab3d998bbd98c95f5200d1e5670c03c19cb38?s=96&d=mm&r=g","contentUrl":"https:\/\/secure.gravatar.com\/avatar\/980362d30b99e5f165da95d8182ab3d998bbd98c95f5200d1e5670c03c19cb38?s=96&d=mm&r=g","caption":"Amine Birouk"},"url":"https:\/\/radiomars.ma\/fr\/?author=3"}]}},"_links":{"self":[{"href":"https:\/\/radiomars.ma\/fr\/index.php?rest_route=\/wp\/v2\/posts\/5869","targetHints":{"allow":["GET"]}}],"collection":[{"href":"https:\/\/radiomars.ma\/fr\/index.php?rest_route=\/wp\/v2\/posts"}],"about":[{"href":"https:\/\/radiomars.ma\/fr\/index.php?rest_route=\/wp\/v2\/types\/post"}],"author":[{"embeddable":true,"href":"https:\/\/radiomars.ma\/fr\/index.php?rest_route=\/wp\/v2\/users\/3"}],"replies":[{"embeddable":true,"href":"https:\/\/radiomars.ma\/fr\/index.php?rest_route=%2Fwp%2Fv2%2Fcomments&post=5869"}],"version-history":[{"count":1,"href":"https:\/\/radiomars.ma\/fr\/index.php?rest_route=\/wp\/v2\/posts\/5869\/revisions"}],"predecessor-version":[{"id":5871,"href":"https:\/\/radiomars.ma\/fr\/index.php?rest_route=\/wp\/v2\/posts\/5869\/revisions\/5871"}],"wp:featuredmedia":[{"embeddable":true,"href":"https:\/\/radiomars.ma\/fr\/index.php?rest_route=\/wp\/v2\/media\/5870"}],"wp:attachment":[{"href":"https:\/\/radiomars.ma\/fr\/index.php?rest_route=%2Fwp%2Fv2%2Fmedia&parent=5869"}],"wp:term":[{"taxonomy":"category","embeddable":true,"href":"https:\/\/radiomars.ma\/fr\/index.php?rest_route=%2Fwp%2Fv2%2Fcategories&post=5869"},{"taxonomy":"post_tag","embeddable":true,"href":"https:\/\/radiomars.ma\/fr\/index.php?rest_route=%2Fwp%2Fv2%2Ftags&post=5869"}],"curies":[{"name":"wp","href":"https:\/\/api.w.org\/{rel}","templated":true}]}}