{"id":5872,"date":"2026-08-31T16:39:57","date_gmt":"2026-08-31T14:39:57","guid":{"rendered":"https:\/\/radiomars.ma\/fr\/?p=5872"},"modified":"2026-08-31T16:45:37","modified_gmt":"2026-08-31T14:45:37","slug":"bradley-barcola-quitte-le-psg-et-signe-a-liverpool","status":"publish","type":"post","link":"https:\/\/radiomars.ma\/fr\/?p=5872","title":{"rendered":"Bradley Barcola quitte le PSG et signe \u00e0 Liverpool"},"content":{"rendered":"<p class=\"isSelectedEnd\"><strong>C\u2019est officiel, Bradley Barcola quitte le Paris Saint-Germain et rejoint Liverpool. L\u2019ailier fran\u00e7ais de 23 ans s\u2019est engag\u00e9 pour cinq saisons avec les Reds, dans un transfert de 140 millions d\u2019euros avec les bonus.<\/strong><\/p>\n<p class=\"isSelectedEnd\"><strong>Arriv\u00e9 au PSG en 2023 en provenance de l\u2019Olympique Lyonnais, Barcola aura pass\u00e9 trois saisons dans la capitale. Il s\u2019est progressivement impos\u00e9 dans l\u2019attaque parisienne sous les ordres de Luis Enrique.<\/strong><\/p>\n<p class=\"isSelectedEnd\"><strong>En trois ans, l\u2019international fran\u00e7ais a disput\u00e9 152 matchs, inscrit 39 buts et d\u00e9livr\u00e9 35 passes d\u00e9cisives avec Paris. Il quitte surtout le club avec 13 troph\u00e9es, dont trois titres de champion de France et deux Ligues des champions.<\/strong><\/p>\n<p><strong>\u00c0 23 ans, Bradley Barcola ouvre d\u00e9sormais un nouveau chapitre de sa carri\u00e8re. Apr\u00e8s Lyon et Paris, direction la Premier League et Liverpool, o\u00f9 il portera le num\u00e9ro 29.<\/strong><\/p>\n","protected":false},"excerpt":{"rendered":"<p>C\u2019est officiel, Bradley Barcola quitte le Paris Saint-Germain et rejoint Liverpool. L\u2019ailier fran\u00e7ais de 23 ans s\u2019est engag\u00e9 pour cinq saisons avec les Reds, dans un transfert de 140 millions d\u2019euros avec les bonus. Arriv\u00e9 au PSG en 2023 en provenance de l\u2019Olympique Lyonnais, Barcola aura pass\u00e9 trois saisons dans la capitale. Il s\u2019est progressivement [&hellip;]<\/p>\n","protected":false},"author":13,"featured_media":5879,"comment_status":"open","ping_status":"open","sticky":false,"template":"","format":"standard","meta":{"footnotes":""},"categories":[52,33,48],"tags":[],"class_list":["post-5872","post","type-post","status-publish","format-standard","has-post-thumbnail","category-flash","category-linternationales","category-slider"],"yoast_head":"<!-- This site is optimized with the Yoast SEO plugin v27.6 - https:\/\/yoast.com\/product\/yoast-seo-wordpress\/ -->\n<title>Bradley Barcola quitte le PSG et signe \u00e0 Liverpool - RADIOMARS<\/title>\n<meta name=\"robots\" content=\"index, follow, max-snippet:-1, max-image-preview:large, max-video-preview:-1\" \/>\n<link rel=\"canonical\" href=\"https:\/\/radiomars.ma\/fr\/?p=5872\" \/>\n<meta property=\"og:locale\" content=\"fr_FR\" \/>\n<meta property=\"og:type\" content=\"article\" \/>\n<meta property=\"og:title\" content=\"Bradley Barcola quitte le PSG et signe \u00e0 Liverpool - RADIOMARS\" \/>\n<meta property=\"og:description\" content=\"C\u2019est officiel, Bradley Barcola quitte le Paris Saint-Germain et rejoint Liverpool. L\u2019ailier fran\u00e7ais de 23 ans s\u2019est engag\u00e9 pour cinq saisons avec les Reds, dans un transfert de 140 millions d\u2019euros avec les bonus. Arriv\u00e9 au PSG en 2023 en provenance de l\u2019Olympique Lyonnais, Barcola aura pass\u00e9 trois saisons dans la capitale. Il s\u2019est progressivement [&hellip;]\" \/>\n<meta property=\"og:url\" content=\"https:\/\/radiomars.ma\/fr\/?p=5872\" \/>\n<meta property=\"og:site_name\" content=\"RADIOMARS\" \/>\n<meta property=\"article:published_time\" content=\"2026-08-31T14:39:57+00:00\" \/>\n<meta property=\"article:modified_time\" content=\"2026-08-31T14:45:37+00:00\" \/>\n<meta property=\"og:image\" content=\"https:\/\/radiomars.ma\/fr\/wp-content\/uploads\/2026\/08\/HRDaqsEXsAAtBu6-scaled.jpeg\" \/>\n\t<meta property=\"og:image:width\" content=\"2048\" \/>\n\t<meta property=\"og:image:height\" content=\"2560\" \/>\n\t<meta property=\"og:image:type\" content=\"image\/jpeg\" \/>\n<meta name=\"author\" content=\"Nourhane HAROUI\" \/>\n<meta name=\"twitter:card\" content=\"summary_large_image\" \/>\n<meta name=\"twitter:label1\" content=\"\u00c9crit par\" \/>\n\t<meta name=\"twitter:data1\" content=\"Nourhane HAROUI\" \/>\n\t<meta name=\"twitter:label2\" content=\"Dur\u00e9e de lecture estim\u00e9e\" \/>\n\t<meta name=\"twitter:data2\" content=\"1 minute\" \/>\n<script type=\"application\/ld+json\" class=\"yoast-schema-graph\">{\"@context\":\"https:\\\/\\\/schema.org\",\"@graph\":[{\"@type\":\"Article\",\"@id\":\"https:\\\/\\\/radiomars.ma\\\/fr\\\/?p=5872#article\",\"isPartOf\":{\"@id\":\"https:\\\/\\\/radiomars.ma\\\/fr\\\/?p=5872\"},\"author\":{\"name\":\"Nourhane HAROUI\",\"@id\":\"https:\\\/\\\/radiomars.ma\\\/fr\\\/#\\\/schema\\\/person\\\/a9698f3d532a66af8bdf55eab142d882\"},\"headline\":\"Bradley Barcola quitte le PSG et signe \u00e0 Liverpool\",\"datePublished\":\"2026-08-31T14:39:57+00:00\",\"dateModified\":\"2026-08-31T14:45:37+00:00\",\"mainEntityOfPage\":{\"@id\":\"https:\\\/\\\/radiomars.ma\\\/fr\\\/?p=5872\"},\"wordCount\":148,\"commentCount\":0,\"image\":{\"@id\":\"https:\\\/\\\/radiomars.ma\\\/fr\\\/?p=5872#primaryimage\"},\"thumbnailUrl\":\"https:\\\/\\\/radiomars.ma\\\/fr\\\/wp-content\\\/uploads\\\/2026\\\/08\\\/HRDaqsEXsAAtBu6-scaled.jpeg\",\"articleSection\":[\"flash\",\"L'INTERNATIONALE\",\"slider\"],\"inLanguage\":\"fr-FR\",\"potentialAction\":[{\"@type\":\"CommentAction\",\"name\":\"Comment\",\"target\":[\"https:\\\/\\\/radiomars.ma\\\/fr\\\/?p=5872#respond\"]}]},{\"@type\":\"WebPage\",\"@id\":\"https:\\\/\\\/radiomars.ma\\\/fr\\\/?p=5872\",\"url\":\"https:\\\/\\\/radiomars.ma\\\/fr\\\/?p=5872\",\"name\":\"Bradley Barcola quitte le PSG et signe \u00e0 Liverpool - RADIOMARS\",\"isPartOf\":{\"@id\":\"https:\\\/\\\/radiomars.ma\\\/fr\\\/#website\"},\"primaryImageOfPage\":{\"@id\":\"https:\\\/\\\/radiomars.ma\\\/fr\\\/?p=5872#primaryimage\"},\"image\":{\"@id\":\"https:\\\/\\\/radiomars.ma\\\/fr\\\/?p=5872#primaryimage\"},\"thumbnailUrl\":\"https:\\\/\\\/radiomars.ma\\\/fr\\\/wp-content\\\/uploads\\\/2026\\\/08\\\/HRDaqsEXsAAtBu6-scaled.jpeg\",\"datePublished\":\"2026-08-31T14:39:57+00:00\",\"dateModified\":\"2026-08-31T14:45:37+00:00\",\"author\":{\"@id\":\"https:\\\/\\\/radiomars.ma\\\/fr\\\/#\\\/schema\\\/person\\\/a9698f3d532a66af8bdf55eab142d882\"},\"breadcrumb\":{\"@id\":\"https:\\\/\\\/radiomars.ma\\\/fr\\\/?p=5872#breadcrumb\"},\"inLanguage\":\"fr-FR\",\"potentialAction\":[{\"@type\":\"ReadAction\",\"target\":[\"https:\\\/\\\/radiomars.ma\\\/fr\\\/?p=5872\"]}]},{\"@type\":\"ImageObject\",\"inLanguage\":\"fr-FR\",\"@id\":\"https:\\\/\\\/radiomars.ma\\\/fr\\\/?p=5872#primaryimage\",\"url\":\"https:\\\/\\\/radiomars.ma\\\/fr\\\/wp-content\\\/uploads\\\/2026\\\/08\\\/HRDaqsEXsAAtBu6-scaled.jpeg\",\"contentUrl\":\"https:\\\/\\\/radiomars.ma\\\/fr\\\/wp-content\\\/uploads\\\/2026\\\/08\\\/HRDaqsEXsAAtBu6-scaled.jpeg\",\"width\":2048,\"height\":2560},{\"@type\":\"BreadcrumbList\",\"@id\":\"https:\\\/\\\/radiomars.ma\\\/fr\\\/?p=5872#breadcrumb\",\"itemListElement\":[{\"@type\":\"ListItem\",\"position\":1,\"name\":\"Accueil\",\"item\":\"https:\\\/\\\/radiomars.ma\\\/fr\\\/\"},{\"@type\":\"ListItem\",\"position\":2,\"name\":\"Bradley Barcola quitte le PSG et signe \u00e0 Liverpool\"}]},{\"@type\":\"WebSite\",\"@id\":\"https:\\\/\\\/radiomars.ma\\\/fr\\\/#website\",\"url\":\"https:\\\/\\\/radiomars.ma\\\/fr\\\/\",\"name\":\"RADIOMARS\",\"description\":\"\",\"potentialAction\":[{\"@type\":\"SearchAction\",\"target\":{\"@type\":\"EntryPoint\",\"urlTemplate\":\"https:\\\/\\\/radiomars.ma\\\/fr\\\/?s={search_term_string}\"},\"query-input\":{\"@type\":\"PropertyValueSpecification\",\"valueRequired\":true,\"valueName\":\"search_term_string\"}}],\"inLanguage\":\"fr-FR\"},{\"@type\":\"Person\",\"@id\":\"https:\\\/\\\/radiomars.ma\\\/fr\\\/#\\\/schema\\\/person\\\/a9698f3d532a66af8bdf55eab142d882\",\"name\":\"Nourhane HAROUI\",\"image\":{\"@type\":\"ImageObject\",\"inLanguage\":\"fr-FR\",\"@id\":\"https:\\\/\\\/secure.gravatar.com\\\/avatar\\\/41ccbb44b460ffd178bfba847ebd4a97d9314423310ed4f27289588b156b2e4f?s=96&d=mm&r=g\",\"url\":\"https:\\\/\\\/secure.gravatar.com\\\/avatar\\\/41ccbb44b460ffd178bfba847ebd4a97d9314423310ed4f27289588b156b2e4f?s=96&d=mm&r=g\",\"contentUrl\":\"https:\\\/\\\/secure.gravatar.com\\\/avatar\\\/41ccbb44b460ffd178bfba847ebd4a97d9314423310ed4f27289588b156b2e4f?s=96&d=mm&r=g\",\"caption\":\"Nourhane HAROUI\"},\"url\":\"https:\\\/\\\/radiomars.ma\\\/fr\\\/?author=13\"}]}<\/script>\n<!-- \/ Yoast SEO plugin. -->","yoast_head_json":{"title":"Bradley Barcola quitte le PSG et signe \u00e0 Liverpool - RADIOMARS","robots":{"index":"index","follow":"follow","max-snippet":"max-snippet:-1","max-image-preview":"max-image-preview:large","max-video-preview":"max-video-preview:-1"},"canonical":"https:\/\/radiomars.ma\/fr\/?p=5872","og_locale":"fr_FR","og_type":"article","og_title":"Bradley Barcola quitte le PSG et signe \u00e0 Liverpool - RADIOMARS","og_description":"C\u2019est officiel, Bradley Barcola quitte le Paris Saint-Germain et rejoint Liverpool. L\u2019ailier fran\u00e7ais de 23 ans s\u2019est engag\u00e9 pour cinq saisons avec les Reds, dans un transfert de 140 millions d\u2019euros avec les bonus. Arriv\u00e9 au PSG en 2023 en provenance de l\u2019Olympique Lyonnais, Barcola aura pass\u00e9 trois saisons dans la capitale. Il s\u2019est progressivement [&hellip;]","og_url":"https:\/\/radiomars.ma\/fr\/?p=5872","og_site_name":"RADIOMARS","article_published_time":"2026-08-31T14:39:57+00:00","article_modified_time":"2026-08-31T14:45:37+00:00","og_image":[{"width":2048,"height":2560,"url":"https:\/\/radiomars.ma\/fr\/wp-content\/uploads\/2026\/08\/HRDaqsEXsAAtBu6-scaled.jpeg","type":"image\/jpeg"}],"author":"Nourhane HAROUI","twitter_card":"summary_large_image","twitter_misc":{"\u00c9crit par":"Nourhane HAROUI","Dur\u00e9e de lecture estim\u00e9e":"1 minute"},"schema":{"@context":"https:\/\/schema.org","@graph":[{"@type":"Article","@id":"https:\/\/radiomars.ma\/fr\/?p=5872#article","isPartOf":{"@id":"https:\/\/radiomars.ma\/fr\/?p=5872"},"author":{"name":"Nourhane HAROUI","@id":"https:\/\/radiomars.ma\/fr\/#\/schema\/person\/a9698f3d532a66af8bdf55eab142d882"},"headline":"Bradley Barcola quitte le PSG et signe \u00e0 Liverpool","datePublished":"2026-08-31T14:39:57+00:00","dateModified":"2026-08-31T14:45:37+00:00","mainEntityOfPage":{"@id":"https:\/\/radiomars.ma\/fr\/?p=5872"},"wordCount":148,"commentCount":0,"image":{"@id":"https:\/\/radiomars.ma\/fr\/?p=5872#primaryimage"},"thumbnailUrl":"https:\/\/radiomars.ma\/fr\/wp-content\/uploads\/2026\/08\/HRDaqsEXsAAtBu6-scaled.jpeg","articleSection":["flash","L'INTERNATIONALE","slider"],"inLanguage":"fr-FR","potentialAction":[{"@type":"CommentAction","name":"Comment","target":["https:\/\/radiomars.ma\/fr\/?p=5872#respond"]}]},{"@type":"WebPage","@id":"https:\/\/radiomars.ma\/fr\/?p=5872","url":"https:\/\/radiomars.ma\/fr\/?p=5872","name":"Bradley Barcola quitte le PSG et signe \u00e0 Liverpool - RADIOMARS","isPartOf":{"@id":"https:\/\/radiomars.ma\/fr\/#website"},"primaryImageOfPage":{"@id":"https:\/\/radiomars.ma\/fr\/?p=5872#primaryimage"},"image":{"@id":"https:\/\/radiomars.ma\/fr\/?p=5872#primaryimage"},"thumbnailUrl":"https:\/\/radiomars.ma\/fr\/wp-content\/uploads\/2026\/08\/HRDaqsEXsAAtBu6-scaled.jpeg","datePublished":"2026-08-31T14:39:57+00:00","dateModified":"2026-08-31T14:45:37+00:00","author":{"@id":"https:\/\/radiomars.ma\/fr\/#\/schema\/person\/a9698f3d532a66af8bdf55eab142d882"},"breadcrumb":{"@id":"https:\/\/radiomars.ma\/fr\/?p=5872#breadcrumb"},"inLanguage":"fr-FR","potentialAction":[{"@type":"ReadAction","target":["https:\/\/radiomars.ma\/fr\/?p=5872"]}]},{"@type":"ImageObject","inLanguage":"fr-FR","@id":"https:\/\/radiomars.ma\/fr\/?p=5872#primaryimage","url":"https:\/\/radiomars.ma\/fr\/wp-content\/uploads\/2026\/08\/HRDaqsEXsAAtBu6-scaled.jpeg","contentUrl":"https:\/\/radiomars.ma\/fr\/wp-content\/uploads\/2026\/08\/HRDaqsEXsAAtBu6-scaled.jpeg","width":2048,"height":2560},{"@type":"BreadcrumbList","@id":"https:\/\/radiomars.ma\/fr\/?p=5872#breadcrumb","itemListElement":[{"@type":"ListItem","position":1,"name":"Accueil","item":"https:\/\/radiomars.ma\/fr\/"},{"@type":"ListItem","position":2,"name":"Bradley Barcola quitte le PSG et signe \u00e0 Liverpool"}]},{"@type":"WebSite","@id":"https:\/\/radiomars.ma\/fr\/#website","url":"https:\/\/radiomars.ma\/fr\/","name":"RADIOMARS","description":"","potentialAction":[{"@type":"SearchAction","target":{"@type":"EntryPoint","urlTemplate":"https:\/\/radiomars.ma\/fr\/?s={search_term_string}"},"query-input":{"@type":"PropertyValueSpecification","valueRequired":true,"valueName":"search_term_string"}}],"inLanguage":"fr-FR"},{"@type":"Person","@id":"https:\/\/radiomars.ma\/fr\/#\/schema\/person\/a9698f3d532a66af8bdf55eab142d882","name":"Nourhane HAROUI","image":{"@type":"ImageObject","inLanguage":"fr-FR","@id":"https:\/\/secure.gravatar.com\/avatar\/41ccbb44b460ffd178bfba847ebd4a97d9314423310ed4f27289588b156b2e4f?s=96&d=mm&r=g","url":"https:\/\/secure.gravatar.com\/avatar\/41ccbb44b460ffd178bfba847ebd4a97d9314423310ed4f27289588b156b2e4f?s=96&d=mm&r=g","contentUrl":"https:\/\/secure.gravatar.com\/avatar\/41ccbb44b460ffd178bfba847ebd4a97d9314423310ed4f27289588b156b2e4f?s=96&d=mm&r=g","caption":"Nourhane HAROUI"},"url":"https:\/\/radiomars.ma\/fr\/?author=13"}]}},"_links":{"self":[{"href":"https:\/\/radiomars.ma\/fr\/index.php?rest_route=\/wp\/v2\/posts\/5872","targetHints":{"allow":["GET"]}}],"collection":[{"href":"https:\/\/radiomars.ma\/fr\/index.php?rest_route=\/wp\/v2\/posts"}],"about":[{"href":"https:\/\/radiomars.ma\/fr\/index.php?rest_route=\/wp\/v2\/types\/post"}],"author":[{"embeddable":true,"href":"https:\/\/radiomars.ma\/fr\/index.php?rest_route=\/wp\/v2\/users\/13"}],"replies":[{"embeddable":true,"href":"https:\/\/radiomars.ma\/fr\/index.php?rest_route=%2Fwp%2Fv2%2Fcomments&post=5872"}],"version-history":[{"count":1,"href":"https:\/\/radiomars.ma\/fr\/index.php?rest_route=\/wp\/v2\/posts\/5872\/revisions"}],"predecessor-version":[{"id":5874,"href":"https:\/\/radiomars.ma\/fr\/index.php?rest_route=\/wp\/v2\/posts\/5872\/revisions\/5874"}],"wp:featuredmedia":[{"embeddable":true,"href":"https:\/\/radiomars.ma\/fr\/index.php?rest_route=\/wp\/v2\/media\/5879"}],"wp:attachment":[{"href":"https:\/\/radiomars.ma\/fr\/index.php?rest_route=%2Fwp%2Fv2%2Fmedia&parent=5872"}],"wp:term":[{"taxonomy":"category","embeddable":true,"href":"https:\/\/radiomars.ma\/fr\/index.php?rest_route=%2Fwp%2Fv2%2Fcategories&post=5872"},{"taxonomy":"post_tag","embeddable":true,"href":"https:\/\/radiomars.ma\/fr\/index.php?rest_route=%2Fwp%2Fv2%2Ftags&post=5872"}],"curies":[{"name":"wp","href":"https:\/\/api.w.org\/{rel}","templated":true}]}}