{"id":5877,"date":"2026-08-31T16:53:10","date_gmt":"2026-08-31T14:53:10","guid":{"rendered":"https:\/\/radiomars.ma\/fr\/?p=5877"},"modified":"2026-08-31T16:53:10","modified_gmt":"2026-08-31T14:53:10","slug":"sofyan-amrabat-sengage-avec-lajax-amsterdam","status":"publish","type":"post","link":"https:\/\/radiomars.ma\/fr\/?p=5877","title":{"rendered":"Sofyan Amrabat s\u2019engage avec l\u2019Ajax Amsterdam"},"content":{"rendered":"<p><strong>Sofyan Amrabat est de retour aux Pays-Bas. L\u2019international marocain s\u2019est officiellement engag\u00e9 avec l\u2019Ajax Amsterdam jusqu\u2019en juin 2028. Il arrive libre apr\u00e8s avoir r\u00e9sili\u00e9 son contrat avec Fenerbah\u00e7e.<\/strong><\/p>\n<p><strong>\u00c0 30 ans, le Lion de l\u2019Atlas retrouve donc l\u2019Eredivisie, un championnat qu\u2019il conna\u00eet parfaitement. N\u00e9 aux Pays-Bas, Amrabat a d\u00e9but\u00e9 sa carri\u00e8re professionnelle \u00e0 Utrecht avant de rejoindre Feyenoord en 2017.<\/strong><\/p>\n<p><strong>Depuis, le milieu marocain a multipli\u00e9 les exp\u00e9riences en Europe : Club Bruges, Hellas V\u00e9rone, Fiorentina, Manchester United puis Fenerbah\u00e7e. La saison derni\u00e8re, il \u00e9voluait au Real Betis sous la forme d\u2019un pr\u00eat.<\/strong><\/p>\n<p><strong>L\u2019Ajax r\u00e9cup\u00e8re ainsi gratuitement un joueur exp\u00e9riment\u00e9 pour renforcer son milieu de terrain. \u00ab Il est physiquement fort, techniquement dou\u00e9 et apporte une grande exp\u00e9rience internationale \u00bb, souligne le directeur technique Jordi Cruyff.<\/strong><\/p>\n<p><strong>Pour Amrabat, cette signature marque surtout un retour aux sources. Pr\u00e8s de neuf ans apr\u00e8s avoir quitt\u00e9 les Pays-Bas, le Lion de l\u2019Atlas revient en Eredivisie, cette fois sous les couleurs de l\u2019Ajax.<\/strong><\/p>\n","protected":false},"excerpt":{"rendered":"<p>Sofyan Amrabat est de retour aux Pays-Bas. L\u2019international marocain s\u2019est officiellement engag\u00e9 avec l\u2019Ajax Amsterdam jusqu\u2019en juin 2028. Il arrive libre apr\u00e8s avoir r\u00e9sili\u00e9 son contrat avec Fenerbah\u00e7e. \u00c0 30 ans, le Lion de l\u2019Atlas retrouve donc l\u2019Eredivisie, un championnat qu\u2019il conna\u00eet parfaitement. N\u00e9 aux Pays-Bas, Amrabat a d\u00e9but\u00e9 sa carri\u00e8re professionnelle \u00e0 Utrecht avant [&hellip;]<\/p>\n","protected":false},"author":13,"featured_media":5880,"comment_status":"open","ping_status":"open","sticky":false,"template":"","format":"standard","meta":{"footnotes":""},"categories":[52,33,31,48],"tags":[],"class_list":["post-5877","post","type-post","status-publish","format-standard","has-post-thumbnail","category-flash","category-linternationales","category-nos-lions","category-slider"],"yoast_head":"<!-- This site is optimized with the Yoast SEO plugin v27.6 - https:\/\/yoast.com\/product\/yoast-seo-wordpress\/ -->\n<title>Sofyan Amrabat s\u2019engage avec l\u2019Ajax Amsterdam - RADIOMARS<\/title>\n<meta name=\"robots\" content=\"index, follow, max-snippet:-1, max-image-preview:large, max-video-preview:-1\" \/>\n<link rel=\"canonical\" href=\"https:\/\/radiomars.ma\/fr\/?p=5877\" \/>\n<meta property=\"og:locale\" content=\"fr_FR\" \/>\n<meta property=\"og:type\" content=\"article\" \/>\n<meta property=\"og:title\" content=\"Sofyan Amrabat s\u2019engage avec l\u2019Ajax Amsterdam - RADIOMARS\" \/>\n<meta property=\"og:description\" content=\"Sofyan Amrabat est de retour aux Pays-Bas. L\u2019international marocain s\u2019est officiellement engag\u00e9 avec l\u2019Ajax Amsterdam jusqu\u2019en juin 2028. Il arrive libre apr\u00e8s avoir r\u00e9sili\u00e9 son contrat avec Fenerbah\u00e7e. \u00c0 30 ans, le Lion de l\u2019Atlas retrouve donc l\u2019Eredivisie, un championnat qu\u2019il conna\u00eet parfaitement. N\u00e9 aux Pays-Bas, Amrabat a d\u00e9but\u00e9 sa carri\u00e8re professionnelle \u00e0 Utrecht avant [&hellip;]\" \/>\n<meta property=\"og:url\" content=\"https:\/\/radiomars.ma\/fr\/?p=5877\" \/>\n<meta property=\"og:site_name\" content=\"RADIOMARS\" \/>\n<meta property=\"article:published_time\" content=\"2026-08-31T14:53:10+00:00\" \/>\n<meta property=\"og:image\" content=\"https:\/\/radiomars.ma\/fr\/wp-content\/uploads\/2026\/08\/HQ9C7JdWIAAf-op-scaled.jpeg\" \/>\n\t<meta property=\"og:image:width\" content=\"1920\" \/>\n\t<meta property=\"og:image:height\" content=\"2560\" \/>\n\t<meta property=\"og:image:type\" content=\"image\/jpeg\" \/>\n<meta name=\"author\" content=\"Nourhane HAROUI\" \/>\n<meta name=\"twitter:card\" content=\"summary_large_image\" \/>\n<meta name=\"twitter:label1\" content=\"\u00c9crit par\" \/>\n\t<meta name=\"twitter:data1\" content=\"Nourhane HAROUI\" \/>\n\t<meta name=\"twitter:label2\" content=\"Dur\u00e9e de lecture estim\u00e9e\" \/>\n\t<meta name=\"twitter:data2\" content=\"1 minute\" \/>\n<script type=\"application\/ld+json\" class=\"yoast-schema-graph\">{\"@context\":\"https:\\\/\\\/schema.org\",\"@graph\":[{\"@type\":\"Article\",\"@id\":\"https:\\\/\\\/radiomars.ma\\\/fr\\\/?p=5877#article\",\"isPartOf\":{\"@id\":\"https:\\\/\\\/radiomars.ma\\\/fr\\\/?p=5877\"},\"author\":{\"name\":\"Nourhane HAROUI\",\"@id\":\"https:\\\/\\\/radiomars.ma\\\/fr\\\/#\\\/schema\\\/person\\\/a9698f3d532a66af8bdf55eab142d882\"},\"headline\":\"Sofyan Amrabat s\u2019engage avec l\u2019Ajax Amsterdam\",\"datePublished\":\"2026-08-31T14:53:10+00:00\",\"mainEntityOfPage\":{\"@id\":\"https:\\\/\\\/radiomars.ma\\\/fr\\\/?p=5877\"},\"wordCount\":187,\"commentCount\":0,\"image\":{\"@id\":\"https:\\\/\\\/radiomars.ma\\\/fr\\\/?p=5877#primaryimage\"},\"thumbnailUrl\":\"https:\\\/\\\/radiomars.ma\\\/fr\\\/wp-content\\\/uploads\\\/2026\\\/08\\\/HQ9C7JdWIAAf-op-scaled.jpeg\",\"articleSection\":[\"flash\",\"L'INTERNATIONALE\",\"NOS LIONS\",\"slider\"],\"inLanguage\":\"fr-FR\",\"potentialAction\":[{\"@type\":\"CommentAction\",\"name\":\"Comment\",\"target\":[\"https:\\\/\\\/radiomars.ma\\\/fr\\\/?p=5877#respond\"]}]},{\"@type\":\"WebPage\",\"@id\":\"https:\\\/\\\/radiomars.ma\\\/fr\\\/?p=5877\",\"url\":\"https:\\\/\\\/radiomars.ma\\\/fr\\\/?p=5877\",\"name\":\"Sofyan Amrabat s\u2019engage avec l\u2019Ajax Amsterdam - RADIOMARS\",\"isPartOf\":{\"@id\":\"https:\\\/\\\/radiomars.ma\\\/fr\\\/#website\"},\"primaryImageOfPage\":{\"@id\":\"https:\\\/\\\/radiomars.ma\\\/fr\\\/?p=5877#primaryimage\"},\"image\":{\"@id\":\"https:\\\/\\\/radiomars.ma\\\/fr\\\/?p=5877#primaryimage\"},\"thumbnailUrl\":\"https:\\\/\\\/radiomars.ma\\\/fr\\\/wp-content\\\/uploads\\\/2026\\\/08\\\/HQ9C7JdWIAAf-op-scaled.jpeg\",\"datePublished\":\"2026-08-31T14:53:10+00:00\",\"author\":{\"@id\":\"https:\\\/\\\/radiomars.ma\\\/fr\\\/#\\\/schema\\\/person\\\/a9698f3d532a66af8bdf55eab142d882\"},\"breadcrumb\":{\"@id\":\"https:\\\/\\\/radiomars.ma\\\/fr\\\/?p=5877#breadcrumb\"},\"inLanguage\":\"fr-FR\",\"potentialAction\":[{\"@type\":\"ReadAction\",\"target\":[\"https:\\\/\\\/radiomars.ma\\\/fr\\\/?p=5877\"]}]},{\"@type\":\"ImageObject\",\"inLanguage\":\"fr-FR\",\"@id\":\"https:\\\/\\\/radiomars.ma\\\/fr\\\/?p=5877#primaryimage\",\"url\":\"https:\\\/\\\/radiomars.ma\\\/fr\\\/wp-content\\\/uploads\\\/2026\\\/08\\\/HQ9C7JdWIAAf-op-scaled.jpeg\",\"contentUrl\":\"https:\\\/\\\/radiomars.ma\\\/fr\\\/wp-content\\\/uploads\\\/2026\\\/08\\\/HQ9C7JdWIAAf-op-scaled.jpeg\",\"width\":1920,\"height\":2560},{\"@type\":\"BreadcrumbList\",\"@id\":\"https:\\\/\\\/radiomars.ma\\\/fr\\\/?p=5877#breadcrumb\",\"itemListElement\":[{\"@type\":\"ListItem\",\"position\":1,\"name\":\"Accueil\",\"item\":\"https:\\\/\\\/radiomars.ma\\\/fr\\\/\"},{\"@type\":\"ListItem\",\"position\":2,\"name\":\"Sofyan Amrabat s\u2019engage avec l\u2019Ajax Amsterdam\"}]},{\"@type\":\"WebSite\",\"@id\":\"https:\\\/\\\/radiomars.ma\\\/fr\\\/#website\",\"url\":\"https:\\\/\\\/radiomars.ma\\\/fr\\\/\",\"name\":\"RADIOMARS\",\"description\":\"\",\"potentialAction\":[{\"@type\":\"SearchAction\",\"target\":{\"@type\":\"EntryPoint\",\"urlTemplate\":\"https:\\\/\\\/radiomars.ma\\\/fr\\\/?s={search_term_string}\"},\"query-input\":{\"@type\":\"PropertyValueSpecification\",\"valueRequired\":true,\"valueName\":\"search_term_string\"}}],\"inLanguage\":\"fr-FR\"},{\"@type\":\"Person\",\"@id\":\"https:\\\/\\\/radiomars.ma\\\/fr\\\/#\\\/schema\\\/person\\\/a9698f3d532a66af8bdf55eab142d882\",\"name\":\"Nourhane HAROUI\",\"image\":{\"@type\":\"ImageObject\",\"inLanguage\":\"fr-FR\",\"@id\":\"https:\\\/\\\/secure.gravatar.com\\\/avatar\\\/41ccbb44b460ffd178bfba847ebd4a97d9314423310ed4f27289588b156b2e4f?s=96&d=mm&r=g\",\"url\":\"https:\\\/\\\/secure.gravatar.com\\\/avatar\\\/41ccbb44b460ffd178bfba847ebd4a97d9314423310ed4f27289588b156b2e4f?s=96&d=mm&r=g\",\"contentUrl\":\"https:\\\/\\\/secure.gravatar.com\\\/avatar\\\/41ccbb44b460ffd178bfba847ebd4a97d9314423310ed4f27289588b156b2e4f?s=96&d=mm&r=g\",\"caption\":\"Nourhane HAROUI\"},\"url\":\"https:\\\/\\\/radiomars.ma\\\/fr\\\/?author=13\"}]}<\/script>\n<!-- \/ Yoast SEO plugin. -->","yoast_head_json":{"title":"Sofyan Amrabat s\u2019engage avec l\u2019Ajax Amsterdam - RADIOMARS","robots":{"index":"index","follow":"follow","max-snippet":"max-snippet:-1","max-image-preview":"max-image-preview:large","max-video-preview":"max-video-preview:-1"},"canonical":"https:\/\/radiomars.ma\/fr\/?p=5877","og_locale":"fr_FR","og_type":"article","og_title":"Sofyan Amrabat s\u2019engage avec l\u2019Ajax Amsterdam - RADIOMARS","og_description":"Sofyan Amrabat est de retour aux Pays-Bas. L\u2019international marocain s\u2019est officiellement engag\u00e9 avec l\u2019Ajax Amsterdam jusqu\u2019en juin 2028. Il arrive libre apr\u00e8s avoir r\u00e9sili\u00e9 son contrat avec Fenerbah\u00e7e. \u00c0 30 ans, le Lion de l\u2019Atlas retrouve donc l\u2019Eredivisie, un championnat qu\u2019il conna\u00eet parfaitement. N\u00e9 aux Pays-Bas, Amrabat a d\u00e9but\u00e9 sa carri\u00e8re professionnelle \u00e0 Utrecht avant [&hellip;]","og_url":"https:\/\/radiomars.ma\/fr\/?p=5877","og_site_name":"RADIOMARS","article_published_time":"2026-08-31T14:53:10+00:00","og_image":[{"width":1920,"height":2560,"url":"https:\/\/radiomars.ma\/fr\/wp-content\/uploads\/2026\/08\/HQ9C7JdWIAAf-op-scaled.jpeg","type":"image\/jpeg"}],"author":"Nourhane HAROUI","twitter_card":"summary_large_image","twitter_misc":{"\u00c9crit par":"Nourhane HAROUI","Dur\u00e9e de lecture estim\u00e9e":"1 minute"},"schema":{"@context":"https:\/\/schema.org","@graph":[{"@type":"Article","@id":"https:\/\/radiomars.ma\/fr\/?p=5877#article","isPartOf":{"@id":"https:\/\/radiomars.ma\/fr\/?p=5877"},"author":{"name":"Nourhane HAROUI","@id":"https:\/\/radiomars.ma\/fr\/#\/schema\/person\/a9698f3d532a66af8bdf55eab142d882"},"headline":"Sofyan Amrabat s\u2019engage avec l\u2019Ajax Amsterdam","datePublished":"2026-08-31T14:53:10+00:00","mainEntityOfPage":{"@id":"https:\/\/radiomars.ma\/fr\/?p=5877"},"wordCount":187,"commentCount":0,"image":{"@id":"https:\/\/radiomars.ma\/fr\/?p=5877#primaryimage"},"thumbnailUrl":"https:\/\/radiomars.ma\/fr\/wp-content\/uploads\/2026\/08\/HQ9C7JdWIAAf-op-scaled.jpeg","articleSection":["flash","L'INTERNATIONALE","NOS LIONS","slider"],"inLanguage":"fr-FR","potentialAction":[{"@type":"CommentAction","name":"Comment","target":["https:\/\/radiomars.ma\/fr\/?p=5877#respond"]}]},{"@type":"WebPage","@id":"https:\/\/radiomars.ma\/fr\/?p=5877","url":"https:\/\/radiomars.ma\/fr\/?p=5877","name":"Sofyan Amrabat s\u2019engage avec l\u2019Ajax Amsterdam - RADIOMARS","isPartOf":{"@id":"https:\/\/radiomars.ma\/fr\/#website"},"primaryImageOfPage":{"@id":"https:\/\/radiomars.ma\/fr\/?p=5877#primaryimage"},"image":{"@id":"https:\/\/radiomars.ma\/fr\/?p=5877#primaryimage"},"thumbnailUrl":"https:\/\/radiomars.ma\/fr\/wp-content\/uploads\/2026\/08\/HQ9C7JdWIAAf-op-scaled.jpeg","datePublished":"2026-08-31T14:53:10+00:00","author":{"@id":"https:\/\/radiomars.ma\/fr\/#\/schema\/person\/a9698f3d532a66af8bdf55eab142d882"},"breadcrumb":{"@id":"https:\/\/radiomars.ma\/fr\/?p=5877#breadcrumb"},"inLanguage":"fr-FR","potentialAction":[{"@type":"ReadAction","target":["https:\/\/radiomars.ma\/fr\/?p=5877"]}]},{"@type":"ImageObject","inLanguage":"fr-FR","@id":"https:\/\/radiomars.ma\/fr\/?p=5877#primaryimage","url":"https:\/\/radiomars.ma\/fr\/wp-content\/uploads\/2026\/08\/HQ9C7JdWIAAf-op-scaled.jpeg","contentUrl":"https:\/\/radiomars.ma\/fr\/wp-content\/uploads\/2026\/08\/HQ9C7JdWIAAf-op-scaled.jpeg","width":1920,"height":2560},{"@type":"BreadcrumbList","@id":"https:\/\/radiomars.ma\/fr\/?p=5877#breadcrumb","itemListElement":[{"@type":"ListItem","position":1,"name":"Accueil","item":"https:\/\/radiomars.ma\/fr\/"},{"@type":"ListItem","position":2,"name":"Sofyan Amrabat s\u2019engage avec l\u2019Ajax Amsterdam"}]},{"@type":"WebSite","@id":"https:\/\/radiomars.ma\/fr\/#website","url":"https:\/\/radiomars.ma\/fr\/","name":"RADIOMARS","description":"","potentialAction":[{"@type":"SearchAction","target":{"@type":"EntryPoint","urlTemplate":"https:\/\/radiomars.ma\/fr\/?s={search_term_string}"},"query-input":{"@type":"PropertyValueSpecification","valueRequired":true,"valueName":"search_term_string"}}],"inLanguage":"fr-FR"},{"@type":"Person","@id":"https:\/\/radiomars.ma\/fr\/#\/schema\/person\/a9698f3d532a66af8bdf55eab142d882","name":"Nourhane HAROUI","image":{"@type":"ImageObject","inLanguage":"fr-FR","@id":"https:\/\/secure.gravatar.com\/avatar\/41ccbb44b460ffd178bfba847ebd4a97d9314423310ed4f27289588b156b2e4f?s=96&d=mm&r=g","url":"https:\/\/secure.gravatar.com\/avatar\/41ccbb44b460ffd178bfba847ebd4a97d9314423310ed4f27289588b156b2e4f?s=96&d=mm&r=g","contentUrl":"https:\/\/secure.gravatar.com\/avatar\/41ccbb44b460ffd178bfba847ebd4a97d9314423310ed4f27289588b156b2e4f?s=96&d=mm&r=g","caption":"Nourhane HAROUI"},"url":"https:\/\/radiomars.ma\/fr\/?author=13"}]}},"_links":{"self":[{"href":"https:\/\/radiomars.ma\/fr\/index.php?rest_route=\/wp\/v2\/posts\/5877","targetHints":{"allow":["GET"]}}],"collection":[{"href":"https:\/\/radiomars.ma\/fr\/index.php?rest_route=\/wp\/v2\/posts"}],"about":[{"href":"https:\/\/radiomars.ma\/fr\/index.php?rest_route=\/wp\/v2\/types\/post"}],"author":[{"embeddable":true,"href":"https:\/\/radiomars.ma\/fr\/index.php?rest_route=\/wp\/v2\/users\/13"}],"replies":[{"embeddable":true,"href":"https:\/\/radiomars.ma\/fr\/index.php?rest_route=%2Fwp%2Fv2%2Fcomments&post=5877"}],"version-history":[{"count":2,"href":"https:\/\/radiomars.ma\/fr\/index.php?rest_route=\/wp\/v2\/posts\/5877\/revisions"}],"predecessor-version":[{"id":5881,"href":"https:\/\/radiomars.ma\/fr\/index.php?rest_route=\/wp\/v2\/posts\/5877\/revisions\/5881"}],"wp:featuredmedia":[{"embeddable":true,"href":"https:\/\/radiomars.ma\/fr\/index.php?rest_route=\/wp\/v2\/media\/5880"}],"wp:attachment":[{"href":"https:\/\/radiomars.ma\/fr\/index.php?rest_route=%2Fwp%2Fv2%2Fmedia&parent=5877"}],"wp:term":[{"taxonomy":"category","embeddable":true,"href":"https:\/\/radiomars.ma\/fr\/index.php?rest_route=%2Fwp%2Fv2%2Fcategories&post=5877"},{"taxonomy":"post_tag","embeddable":true,"href":"https:\/\/radiomars.ma\/fr\/index.php?rest_route=%2Fwp%2Fv2%2Ftags&post=5877"}],"curies":[{"name":"wp","href":"https:\/\/api.w.org\/{rel}","templated":true}]}}