{"id":5883,"date":"2026-08-31T17:10:31","date_gmt":"2026-08-31T15:10:31","guid":{"rendered":"https:\/\/radiomars.ma\/fr\/?p=5883"},"modified":"2026-08-31T17:10:31","modified_gmt":"2026-08-31T15:10:31","slug":"le-maroc-domine-la-coupe-dafrique-de-duathlon-a-tanger","status":"publish","type":"post","link":"https:\/\/radiomars.ma\/fr\/?p=5883","title":{"rendered":"Le Maroc domine la Coupe d\u2019Afrique de duathlon \u00e0 Tanger"},"content":{"rendered":"<p class=\"isSelectedEnd\"><strong>Le Maroc a survol\u00e9 la Coupe d\u2019Afrique de duathlon organis\u00e9e dimanche \u00e0 Tanger. Mohamed Nemsi et Ghizlane Assou ont d\u00e9croch\u00e9 l\u2019or, tandis que les athl\u00e8tes marocains ont occup\u00e9 les six places disponibles sur les podiums masculin et f\u00e9minin.<\/strong><\/p>\n<p class=\"isSelectedEnd\">Chez les hommes, Mohamed Nemsi s\u2019est impos\u00e9 en <strong>1 heure 47 minutes et 26 secondes<\/strong>, devant ses compatriotes Oussama Nabil et Omar Othmane Goumghar. M\u00eame sc\u00e9nario chez les femmes : Ghizlane Assou remporte l\u2019\u00e9preuve en <strong>2 heures 23 minutes et 16 secondes<\/strong>, devant Islam Bkhibkhi et Aya Bkhibkhi.<\/p>\n<p class=\"isSelectedEnd\">Organis\u00e9e sur la corniche de Sidi Kacem, au sud de Tanger, la comp\u00e9tition r\u00e9unissait \u00e9galement des athl\u00e8tes venus notamment du Bahre\u00efn, des \u00c9tats-Unis, d\u2019Espagne et d\u2019Afghanistan.<\/p>\n<p>Une domination totale \u00e0 domicile donc pour le Maroc, qui repart de cette Coupe d\u2019Afrique avec deux victoires et surtout deux podiums enti\u00e8rement marocains.<\/p>\n","protected":false},"excerpt":{"rendered":"<p>Le Maroc a survol\u00e9 la Coupe d\u2019Afrique de duathlon organis\u00e9e dimanche \u00e0 Tanger. Mohamed Nemsi et Ghizlane Assou ont d\u00e9croch\u00e9 l\u2019or, tandis que les athl\u00e8tes marocains ont occup\u00e9 les six places disponibles sur les podiums masculin et f\u00e9minin. Chez les hommes, Mohamed Nemsi s\u2019est impos\u00e9 en 1 heure 47 minutes et 26 secondes, devant ses [&hellip;]<\/p>\n","protected":false},"author":13,"featured_media":5885,"comment_status":"open","ping_status":"open","sticky":false,"template":"","format":"standard","meta":{"footnotes":""},"categories":[34,52,48],"tags":[],"class_list":["post-5883","post","type-post","status-publish","format-standard","has-post-thumbnail","category-autres-sports","category-flash","category-slider"],"yoast_head":"<!-- This site is optimized with the Yoast SEO plugin v27.6 - https:\/\/yoast.com\/product\/yoast-seo-wordpress\/ -->\n<title>Le Maroc domine la Coupe d\u2019Afrique de duathlon \u00e0 Tanger - RADIOMARS<\/title>\n<meta name=\"robots\" content=\"index, follow, max-snippet:-1, max-image-preview:large, max-video-preview:-1\" \/>\n<link rel=\"canonical\" href=\"https:\/\/radiomars.ma\/fr\/?p=5883\" \/>\n<meta property=\"og:locale\" content=\"fr_FR\" \/>\n<meta property=\"og:type\" content=\"article\" \/>\n<meta property=\"og:title\" content=\"Le Maroc domine la Coupe d\u2019Afrique de duathlon \u00e0 Tanger - RADIOMARS\" \/>\n<meta property=\"og:description\" content=\"Le Maroc a survol\u00e9 la Coupe d\u2019Afrique de duathlon organis\u00e9e dimanche \u00e0 Tanger. Mohamed Nemsi et Ghizlane Assou ont d\u00e9croch\u00e9 l\u2019or, tandis que les athl\u00e8tes marocains ont occup\u00e9 les six places disponibles sur les podiums masculin et f\u00e9minin. Chez les hommes, Mohamed Nemsi s\u2019est impos\u00e9 en 1 heure 47 minutes et 26 secondes, devant ses [&hellip;]\" \/>\n<meta property=\"og:url\" content=\"https:\/\/radiomars.ma\/fr\/?p=5883\" \/>\n<meta property=\"og:site_name\" content=\"RADIOMARS\" \/>\n<meta property=\"article:published_time\" content=\"2026-08-31T15:10:31+00:00\" \/>\n<meta property=\"og:image\" content=\"https:\/\/radiomars.ma\/fr\/wp-content\/uploads\/2026\/08\/Coupe-dAfrique-de-duathlon-COPIE.jpg.webp\" \/>\n\t<meta property=\"og:image:width\" content=\"900\" \/>\n\t<meta property=\"og:image:height\" content=\"600\" \/>\n\t<meta property=\"og:image:type\" content=\"image\/webp\" \/>\n<meta name=\"author\" content=\"Nourhane HAROUI\" \/>\n<meta name=\"twitter:card\" content=\"summary_large_image\" \/>\n<meta name=\"twitter:label1\" content=\"\u00c9crit par\" \/>\n\t<meta name=\"twitter:data1\" content=\"Nourhane HAROUI\" \/>\n\t<meta name=\"twitter:label2\" content=\"Dur\u00e9e de lecture estim\u00e9e\" \/>\n\t<meta name=\"twitter:data2\" content=\"1 minute\" \/>\n<script type=\"application\/ld+json\" class=\"yoast-schema-graph\">{\"@context\":\"https:\\\/\\\/schema.org\",\"@graph\":[{\"@type\":\"Article\",\"@id\":\"https:\\\/\\\/radiomars.ma\\\/fr\\\/?p=5883#article\",\"isPartOf\":{\"@id\":\"https:\\\/\\\/radiomars.ma\\\/fr\\\/?p=5883\"},\"author\":{\"name\":\"Nourhane HAROUI\",\"@id\":\"https:\\\/\\\/radiomars.ma\\\/fr\\\/#\\\/schema\\\/person\\\/a9698f3d532a66af8bdf55eab142d882\"},\"headline\":\"Le Maroc domine la Coupe d\u2019Afrique de duathlon \u00e0 Tanger\",\"datePublished\":\"2026-08-31T15:10:31+00:00\",\"mainEntityOfPage\":{\"@id\":\"https:\\\/\\\/radiomars.ma\\\/fr\\\/?p=5883\"},\"wordCount\":156,\"commentCount\":0,\"image\":{\"@id\":\"https:\\\/\\\/radiomars.ma\\\/fr\\\/?p=5883#primaryimage\"},\"thumbnailUrl\":\"https:\\\/\\\/radiomars.ma\\\/fr\\\/wp-content\\\/uploads\\\/2026\\\/08\\\/Coupe-dAfrique-de-duathlon-COPIE.jpg.webp\",\"articleSection\":[\"AUTRES SPORTS\",\"flash\",\"slider\"],\"inLanguage\":\"fr-FR\",\"potentialAction\":[{\"@type\":\"CommentAction\",\"name\":\"Comment\",\"target\":[\"https:\\\/\\\/radiomars.ma\\\/fr\\\/?p=5883#respond\"]}]},{\"@type\":\"WebPage\",\"@id\":\"https:\\\/\\\/radiomars.ma\\\/fr\\\/?p=5883\",\"url\":\"https:\\\/\\\/radiomars.ma\\\/fr\\\/?p=5883\",\"name\":\"Le Maroc domine la Coupe d\u2019Afrique de duathlon \u00e0 Tanger - RADIOMARS\",\"isPartOf\":{\"@id\":\"https:\\\/\\\/radiomars.ma\\\/fr\\\/#website\"},\"primaryImageOfPage\":{\"@id\":\"https:\\\/\\\/radiomars.ma\\\/fr\\\/?p=5883#primaryimage\"},\"image\":{\"@id\":\"https:\\\/\\\/radiomars.ma\\\/fr\\\/?p=5883#primaryimage\"},\"thumbnailUrl\":\"https:\\\/\\\/radiomars.ma\\\/fr\\\/wp-content\\\/uploads\\\/2026\\\/08\\\/Coupe-dAfrique-de-duathlon-COPIE.jpg.webp\",\"datePublished\":\"2026-08-31T15:10:31+00:00\",\"author\":{\"@id\":\"https:\\\/\\\/radiomars.ma\\\/fr\\\/#\\\/schema\\\/person\\\/a9698f3d532a66af8bdf55eab142d882\"},\"breadcrumb\":{\"@id\":\"https:\\\/\\\/radiomars.ma\\\/fr\\\/?p=5883#breadcrumb\"},\"inLanguage\":\"fr-FR\",\"potentialAction\":[{\"@type\":\"ReadAction\",\"target\":[\"https:\\\/\\\/radiomars.ma\\\/fr\\\/?p=5883\"]}]},{\"@type\":\"ImageObject\",\"inLanguage\":\"fr-FR\",\"@id\":\"https:\\\/\\\/radiomars.ma\\\/fr\\\/?p=5883#primaryimage\",\"url\":\"https:\\\/\\\/radiomars.ma\\\/fr\\\/wp-content\\\/uploads\\\/2026\\\/08\\\/Coupe-dAfrique-de-duathlon-COPIE.jpg.webp\",\"contentUrl\":\"https:\\\/\\\/radiomars.ma\\\/fr\\\/wp-content\\\/uploads\\\/2026\\\/08\\\/Coupe-dAfrique-de-duathlon-COPIE.jpg.webp\",\"width\":900,\"height\":600},{\"@type\":\"BreadcrumbList\",\"@id\":\"https:\\\/\\\/radiomars.ma\\\/fr\\\/?p=5883#breadcrumb\",\"itemListElement\":[{\"@type\":\"ListItem\",\"position\":1,\"name\":\"Accueil\",\"item\":\"https:\\\/\\\/radiomars.ma\\\/fr\\\/\"},{\"@type\":\"ListItem\",\"position\":2,\"name\":\"Le Maroc domine la Coupe d\u2019Afrique de duathlon \u00e0 Tanger\"}]},{\"@type\":\"WebSite\",\"@id\":\"https:\\\/\\\/radiomars.ma\\\/fr\\\/#website\",\"url\":\"https:\\\/\\\/radiomars.ma\\\/fr\\\/\",\"name\":\"RADIOMARS\",\"description\":\"\",\"potentialAction\":[{\"@type\":\"SearchAction\",\"target\":{\"@type\":\"EntryPoint\",\"urlTemplate\":\"https:\\\/\\\/radiomars.ma\\\/fr\\\/?s={search_term_string}\"},\"query-input\":{\"@type\":\"PropertyValueSpecification\",\"valueRequired\":true,\"valueName\":\"search_term_string\"}}],\"inLanguage\":\"fr-FR\"},{\"@type\":\"Person\",\"@id\":\"https:\\\/\\\/radiomars.ma\\\/fr\\\/#\\\/schema\\\/person\\\/a9698f3d532a66af8bdf55eab142d882\",\"name\":\"Nourhane HAROUI\",\"image\":{\"@type\":\"ImageObject\",\"inLanguage\":\"fr-FR\",\"@id\":\"https:\\\/\\\/secure.gravatar.com\\\/avatar\\\/41ccbb44b460ffd178bfba847ebd4a97d9314423310ed4f27289588b156b2e4f?s=96&d=mm&r=g\",\"url\":\"https:\\\/\\\/secure.gravatar.com\\\/avatar\\\/41ccbb44b460ffd178bfba847ebd4a97d9314423310ed4f27289588b156b2e4f?s=96&d=mm&r=g\",\"contentUrl\":\"https:\\\/\\\/secure.gravatar.com\\\/avatar\\\/41ccbb44b460ffd178bfba847ebd4a97d9314423310ed4f27289588b156b2e4f?s=96&d=mm&r=g\",\"caption\":\"Nourhane HAROUI\"},\"url\":\"https:\\\/\\\/radiomars.ma\\\/fr\\\/?author=13\"}]}<\/script>\n<!-- \/ Yoast SEO plugin. -->","yoast_head_json":{"title":"Le Maroc domine la Coupe d\u2019Afrique de duathlon \u00e0 Tanger - RADIOMARS","robots":{"index":"index","follow":"follow","max-snippet":"max-snippet:-1","max-image-preview":"max-image-preview:large","max-video-preview":"max-video-preview:-1"},"canonical":"https:\/\/radiomars.ma\/fr\/?p=5883","og_locale":"fr_FR","og_type":"article","og_title":"Le Maroc domine la Coupe d\u2019Afrique de duathlon \u00e0 Tanger - RADIOMARS","og_description":"Le Maroc a survol\u00e9 la Coupe d\u2019Afrique de duathlon organis\u00e9e dimanche \u00e0 Tanger. Mohamed Nemsi et Ghizlane Assou ont d\u00e9croch\u00e9 l\u2019or, tandis que les athl\u00e8tes marocains ont occup\u00e9 les six places disponibles sur les podiums masculin et f\u00e9minin. Chez les hommes, Mohamed Nemsi s\u2019est impos\u00e9 en 1 heure 47 minutes et 26 secondes, devant ses [&hellip;]","og_url":"https:\/\/radiomars.ma\/fr\/?p=5883","og_site_name":"RADIOMARS","article_published_time":"2026-08-31T15:10:31+00:00","og_image":[{"width":900,"height":600,"url":"https:\/\/radiomars.ma\/fr\/wp-content\/uploads\/2026\/08\/Coupe-dAfrique-de-duathlon-COPIE.jpg.webp","type":"image\/webp"}],"author":"Nourhane HAROUI","twitter_card":"summary_large_image","twitter_misc":{"\u00c9crit par":"Nourhane HAROUI","Dur\u00e9e de lecture estim\u00e9e":"1 minute"},"schema":{"@context":"https:\/\/schema.org","@graph":[{"@type":"Article","@id":"https:\/\/radiomars.ma\/fr\/?p=5883#article","isPartOf":{"@id":"https:\/\/radiomars.ma\/fr\/?p=5883"},"author":{"name":"Nourhane HAROUI","@id":"https:\/\/radiomars.ma\/fr\/#\/schema\/person\/a9698f3d532a66af8bdf55eab142d882"},"headline":"Le Maroc domine la Coupe d\u2019Afrique de duathlon \u00e0 Tanger","datePublished":"2026-08-31T15:10:31+00:00","mainEntityOfPage":{"@id":"https:\/\/radiomars.ma\/fr\/?p=5883"},"wordCount":156,"commentCount":0,"image":{"@id":"https:\/\/radiomars.ma\/fr\/?p=5883#primaryimage"},"thumbnailUrl":"https:\/\/radiomars.ma\/fr\/wp-content\/uploads\/2026\/08\/Coupe-dAfrique-de-duathlon-COPIE.jpg.webp","articleSection":["AUTRES SPORTS","flash","slider"],"inLanguage":"fr-FR","potentialAction":[{"@type":"CommentAction","name":"Comment","target":["https:\/\/radiomars.ma\/fr\/?p=5883#respond"]}]},{"@type":"WebPage","@id":"https:\/\/radiomars.ma\/fr\/?p=5883","url":"https:\/\/radiomars.ma\/fr\/?p=5883","name":"Le Maroc domine la Coupe d\u2019Afrique de duathlon \u00e0 Tanger - RADIOMARS","isPartOf":{"@id":"https:\/\/radiomars.ma\/fr\/#website"},"primaryImageOfPage":{"@id":"https:\/\/radiomars.ma\/fr\/?p=5883#primaryimage"},"image":{"@id":"https:\/\/radiomars.ma\/fr\/?p=5883#primaryimage"},"thumbnailUrl":"https:\/\/radiomars.ma\/fr\/wp-content\/uploads\/2026\/08\/Coupe-dAfrique-de-duathlon-COPIE.jpg.webp","datePublished":"2026-08-31T15:10:31+00:00","author":{"@id":"https:\/\/radiomars.ma\/fr\/#\/schema\/person\/a9698f3d532a66af8bdf55eab142d882"},"breadcrumb":{"@id":"https:\/\/radiomars.ma\/fr\/?p=5883#breadcrumb"},"inLanguage":"fr-FR","potentialAction":[{"@type":"ReadAction","target":["https:\/\/radiomars.ma\/fr\/?p=5883"]}]},{"@type":"ImageObject","inLanguage":"fr-FR","@id":"https:\/\/radiomars.ma\/fr\/?p=5883#primaryimage","url":"https:\/\/radiomars.ma\/fr\/wp-content\/uploads\/2026\/08\/Coupe-dAfrique-de-duathlon-COPIE.jpg.webp","contentUrl":"https:\/\/radiomars.ma\/fr\/wp-content\/uploads\/2026\/08\/Coupe-dAfrique-de-duathlon-COPIE.jpg.webp","width":900,"height":600},{"@type":"BreadcrumbList","@id":"https:\/\/radiomars.ma\/fr\/?p=5883#breadcrumb","itemListElement":[{"@type":"ListItem","position":1,"name":"Accueil","item":"https:\/\/radiomars.ma\/fr\/"},{"@type":"ListItem","position":2,"name":"Le Maroc domine la Coupe d\u2019Afrique de duathlon \u00e0 Tanger"}]},{"@type":"WebSite","@id":"https:\/\/radiomars.ma\/fr\/#website","url":"https:\/\/radiomars.ma\/fr\/","name":"RADIOMARS","description":"","potentialAction":[{"@type":"SearchAction","target":{"@type":"EntryPoint","urlTemplate":"https:\/\/radiomars.ma\/fr\/?s={search_term_string}"},"query-input":{"@type":"PropertyValueSpecification","valueRequired":true,"valueName":"search_term_string"}}],"inLanguage":"fr-FR"},{"@type":"Person","@id":"https:\/\/radiomars.ma\/fr\/#\/schema\/person\/a9698f3d532a66af8bdf55eab142d882","name":"Nourhane HAROUI","image":{"@type":"ImageObject","inLanguage":"fr-FR","@id":"https:\/\/secure.gravatar.com\/avatar\/41ccbb44b460ffd178bfba847ebd4a97d9314423310ed4f27289588b156b2e4f?s=96&d=mm&r=g","url":"https:\/\/secure.gravatar.com\/avatar\/41ccbb44b460ffd178bfba847ebd4a97d9314423310ed4f27289588b156b2e4f?s=96&d=mm&r=g","contentUrl":"https:\/\/secure.gravatar.com\/avatar\/41ccbb44b460ffd178bfba847ebd4a97d9314423310ed4f27289588b156b2e4f?s=96&d=mm&r=g","caption":"Nourhane HAROUI"},"url":"https:\/\/radiomars.ma\/fr\/?author=13"}]}},"_links":{"self":[{"href":"https:\/\/radiomars.ma\/fr\/index.php?rest_route=\/wp\/v2\/posts\/5883","targetHints":{"allow":["GET"]}}],"collection":[{"href":"https:\/\/radiomars.ma\/fr\/index.php?rest_route=\/wp\/v2\/posts"}],"about":[{"href":"https:\/\/radiomars.ma\/fr\/index.php?rest_route=\/wp\/v2\/types\/post"}],"author":[{"embeddable":true,"href":"https:\/\/radiomars.ma\/fr\/index.php?rest_route=\/wp\/v2\/users\/13"}],"replies":[{"embeddable":true,"href":"https:\/\/radiomars.ma\/fr\/index.php?rest_route=%2Fwp%2Fv2%2Fcomments&post=5883"}],"version-history":[{"count":1,"href":"https:\/\/radiomars.ma\/fr\/index.php?rest_route=\/wp\/v2\/posts\/5883\/revisions"}],"predecessor-version":[{"id":5888,"href":"https:\/\/radiomars.ma\/fr\/index.php?rest_route=\/wp\/v2\/posts\/5883\/revisions\/5888"}],"wp:featuredmedia":[{"embeddable":true,"href":"https:\/\/radiomars.ma\/fr\/index.php?rest_route=\/wp\/v2\/media\/5885"}],"wp:attachment":[{"href":"https:\/\/radiomars.ma\/fr\/index.php?rest_route=%2Fwp%2Fv2%2Fmedia&parent=5883"}],"wp:term":[{"taxonomy":"category","embeddable":true,"href":"https:\/\/radiomars.ma\/fr\/index.php?rest_route=%2Fwp%2Fv2%2Fcategories&post=5883"},{"taxonomy":"post_tag","embeddable":true,"href":"https:\/\/radiomars.ma\/fr\/index.php?rest_route=%2Fwp%2Fv2%2Ftags&post=5883"}],"curies":[{"name":"wp","href":"https:\/\/api.w.org\/{rel}","templated":true}]}}