{"id":5890,"date":"2026-08-31T17:24:57","date_gmt":"2026-08-31T15:24:57","guid":{"rendered":"https:\/\/radiomars.ma\/fr\/?p=5890"},"modified":"2026-08-31T17:24:57","modified_gmt":"2026-08-31T15:24:57","slug":"sofyan-amrabat-livre-ses-premiers-mots-avec-lajax","status":"publish","type":"post","link":"https:\/\/radiomars.ma\/fr\/?p=5890","title":{"rendered":"Sofyan Amrabat livre ses premiers mots avec l\u2019Ajax"},"content":{"rendered":"<p class=\"isSelectedEnd\"><strong>Fra\u00eechement arriv\u00e9 \u00e0 Amsterdam, Sofyan Amrabat s\u2019est exprim\u00e9 pour la premi\u00e8re fois sous ses nouvelles couleurs. L\u2019international marocain a expliqu\u00e9 son choix et les ambitions qui accompagnent son retour aux Pays-Bas.<\/strong><\/p>\n<p class=\"isSelectedEnd\">\u00ab <strong>Je crois au projet de l\u2019Ajax<\/strong> \u00bb, a assur\u00e9 le Lion de l\u2019Atlas. Un choix qui ne s\u2019est pas d\u00e9cid\u00e9 dans les derni\u00e8res heures du mercato puisque les premiers contacts avec Jordi Cruijff remontent au mois d\u2019avril. Les deux hommes sont ensuite rest\u00e9s en contact jusqu\u2019\u00e0 la signature.<\/p>\n<p class=\"isSelectedEnd\">De son c\u00f4t\u00e9, le directeur technique de l\u2019Ajax s\u2019est montr\u00e9 satisfait de l\u2019arriv\u00e9e du Marocain : \u00ab Nous sommes ravis d\u2019avoir recrut\u00e9 Sofyan. Il est physiquement solide, techniquement dou\u00e9 et apporte une grande exp\u00e9rience internationale. \u00bb<\/p>\n<p>\u00c0 30 ans, Amrabat arrive libre apr\u00e8s son d\u00e9part de Fenerbah\u00e7e et s\u2019est engag\u00e9 avec l\u2019Ajax jusqu\u2019en juin 2028. Apr\u00e8s Utrecht et Feyenoord, le milieu de terrain retrouve donc les Pays-Bas avec un nouveau d\u00e9fi \u00e0 Amsterdam.<\/p>\n","protected":false},"excerpt":{"rendered":"<p>Fra\u00eechement arriv\u00e9 \u00e0 Amsterdam, Sofyan Amrabat s\u2019est exprim\u00e9 pour la premi\u00e8re fois sous ses nouvelles couleurs. L\u2019international marocain a expliqu\u00e9 son choix et les ambitions qui accompagnent son retour aux Pays-Bas. \u00ab Je crois au projet de l\u2019Ajax \u00bb, a assur\u00e9 le Lion de l\u2019Atlas. Un choix qui ne s\u2019est pas d\u00e9cid\u00e9 dans les derni\u00e8res [&hellip;]<\/p>\n","protected":false},"author":13,"featured_media":5894,"comment_status":"open","ping_status":"open","sticky":false,"template":"","format":"standard","meta":{"footnotes":""},"categories":[52,31,48],"tags":[],"class_list":["post-5890","post","type-post","status-publish","format-standard","has-post-thumbnail","category-flash","category-nos-lions","category-slider"],"yoast_head":"<!-- This site is optimized with the Yoast SEO plugin v27.6 - https:\/\/yoast.com\/product\/yoast-seo-wordpress\/ -->\n<title>Sofyan Amrabat livre ses premiers mots avec l\u2019Ajax - RADIOMARS<\/title>\n<meta name=\"robots\" content=\"index, follow, max-snippet:-1, max-image-preview:large, max-video-preview:-1\" \/>\n<link rel=\"canonical\" href=\"https:\/\/radiomars.ma\/fr\/?p=5890\" \/>\n<meta property=\"og:locale\" content=\"fr_FR\" \/>\n<meta property=\"og:type\" content=\"article\" \/>\n<meta property=\"og:title\" content=\"Sofyan Amrabat livre ses premiers mots avec l\u2019Ajax - RADIOMARS\" \/>\n<meta property=\"og:description\" content=\"Fra\u00eechement arriv\u00e9 \u00e0 Amsterdam, Sofyan Amrabat s\u2019est exprim\u00e9 pour la premi\u00e8re fois sous ses nouvelles couleurs. L\u2019international marocain a expliqu\u00e9 son choix et les ambitions qui accompagnent son retour aux Pays-Bas. \u00ab Je crois au projet de l\u2019Ajax \u00bb, a assur\u00e9 le Lion de l\u2019Atlas. Un choix qui ne s\u2019est pas d\u00e9cid\u00e9 dans les derni\u00e8res [&hellip;]\" \/>\n<meta property=\"og:url\" content=\"https:\/\/radiomars.ma\/fr\/?p=5890\" \/>\n<meta property=\"og:site_name\" content=\"RADIOMARS\" \/>\n<meta property=\"article:published_time\" content=\"2026-08-31T15:24:57+00:00\" \/>\n<meta property=\"og:image\" content=\"https:\/\/radiomars.ma\/fr\/wp-content\/uploads\/2026\/08\/Capture-decran-2026-08-31-a-16.22.08.png\" \/>\n\t<meta property=\"og:image:width\" content=\"1124\" \/>\n\t<meta property=\"og:image:height\" content=\"1462\" \/>\n\t<meta property=\"og:image:type\" content=\"image\/png\" \/>\n<meta name=\"author\" content=\"Nourhane HAROUI\" \/>\n<meta name=\"twitter:card\" content=\"summary_large_image\" \/>\n<meta name=\"twitter:label1\" content=\"\u00c9crit par\" \/>\n\t<meta name=\"twitter:data1\" content=\"Nourhane HAROUI\" \/>\n\t<meta name=\"twitter:label2\" content=\"Dur\u00e9e de lecture estim\u00e9e\" \/>\n\t<meta name=\"twitter:data2\" content=\"1 minute\" \/>\n<script type=\"application\/ld+json\" class=\"yoast-schema-graph\">{\"@context\":\"https:\\\/\\\/schema.org\",\"@graph\":[{\"@type\":\"Article\",\"@id\":\"https:\\\/\\\/radiomars.ma\\\/fr\\\/?p=5890#article\",\"isPartOf\":{\"@id\":\"https:\\\/\\\/radiomars.ma\\\/fr\\\/?p=5890\"},\"author\":{\"name\":\"Nourhane HAROUI\",\"@id\":\"https:\\\/\\\/radiomars.ma\\\/fr\\\/#\\\/schema\\\/person\\\/a9698f3d532a66af8bdf55eab142d882\"},\"headline\":\"Sofyan Amrabat livre ses premiers mots avec l\u2019Ajax\",\"datePublished\":\"2026-08-31T15:24:57+00:00\",\"mainEntityOfPage\":{\"@id\":\"https:\\\/\\\/radiomars.ma\\\/fr\\\/?p=5890\"},\"wordCount\":178,\"commentCount\":0,\"image\":{\"@id\":\"https:\\\/\\\/radiomars.ma\\\/fr\\\/?p=5890#primaryimage\"},\"thumbnailUrl\":\"https:\\\/\\\/radiomars.ma\\\/fr\\\/wp-content\\\/uploads\\\/2026\\\/08\\\/Capture-decran-2026-08-31-a-16.22.08.png\",\"articleSection\":[\"flash\",\"NOS LIONS\",\"slider\"],\"inLanguage\":\"fr-FR\",\"potentialAction\":[{\"@type\":\"CommentAction\",\"name\":\"Comment\",\"target\":[\"https:\\\/\\\/radiomars.ma\\\/fr\\\/?p=5890#respond\"]}]},{\"@type\":\"WebPage\",\"@id\":\"https:\\\/\\\/radiomars.ma\\\/fr\\\/?p=5890\",\"url\":\"https:\\\/\\\/radiomars.ma\\\/fr\\\/?p=5890\",\"name\":\"Sofyan Amrabat livre ses premiers mots avec l\u2019Ajax - RADIOMARS\",\"isPartOf\":{\"@id\":\"https:\\\/\\\/radiomars.ma\\\/fr\\\/#website\"},\"primaryImageOfPage\":{\"@id\":\"https:\\\/\\\/radiomars.ma\\\/fr\\\/?p=5890#primaryimage\"},\"image\":{\"@id\":\"https:\\\/\\\/radiomars.ma\\\/fr\\\/?p=5890#primaryimage\"},\"thumbnailUrl\":\"https:\\\/\\\/radiomars.ma\\\/fr\\\/wp-content\\\/uploads\\\/2026\\\/08\\\/Capture-decran-2026-08-31-a-16.22.08.png\",\"datePublished\":\"2026-08-31T15:24:57+00:00\",\"author\":{\"@id\":\"https:\\\/\\\/radiomars.ma\\\/fr\\\/#\\\/schema\\\/person\\\/a9698f3d532a66af8bdf55eab142d882\"},\"breadcrumb\":{\"@id\":\"https:\\\/\\\/radiomars.ma\\\/fr\\\/?p=5890#breadcrumb\"},\"inLanguage\":\"fr-FR\",\"potentialAction\":[{\"@type\":\"ReadAction\",\"target\":[\"https:\\\/\\\/radiomars.ma\\\/fr\\\/?p=5890\"]}]},{\"@type\":\"ImageObject\",\"inLanguage\":\"fr-FR\",\"@id\":\"https:\\\/\\\/radiomars.ma\\\/fr\\\/?p=5890#primaryimage\",\"url\":\"https:\\\/\\\/radiomars.ma\\\/fr\\\/wp-content\\\/uploads\\\/2026\\\/08\\\/Capture-decran-2026-08-31-a-16.22.08.png\",\"contentUrl\":\"https:\\\/\\\/radiomars.ma\\\/fr\\\/wp-content\\\/uploads\\\/2026\\\/08\\\/Capture-decran-2026-08-31-a-16.22.08.png\",\"width\":1124,\"height\":1462},{\"@type\":\"BreadcrumbList\",\"@id\":\"https:\\\/\\\/radiomars.ma\\\/fr\\\/?p=5890#breadcrumb\",\"itemListElement\":[{\"@type\":\"ListItem\",\"position\":1,\"name\":\"Accueil\",\"item\":\"https:\\\/\\\/radiomars.ma\\\/fr\\\/\"},{\"@type\":\"ListItem\",\"position\":2,\"name\":\"Sofyan Amrabat livre ses premiers mots avec l\u2019Ajax\"}]},{\"@type\":\"WebSite\",\"@id\":\"https:\\\/\\\/radiomars.ma\\\/fr\\\/#website\",\"url\":\"https:\\\/\\\/radiomars.ma\\\/fr\\\/\",\"name\":\"RADIOMARS\",\"description\":\"\",\"potentialAction\":[{\"@type\":\"SearchAction\",\"target\":{\"@type\":\"EntryPoint\",\"urlTemplate\":\"https:\\\/\\\/radiomars.ma\\\/fr\\\/?s={search_term_string}\"},\"query-input\":{\"@type\":\"PropertyValueSpecification\",\"valueRequired\":true,\"valueName\":\"search_term_string\"}}],\"inLanguage\":\"fr-FR\"},{\"@type\":\"Person\",\"@id\":\"https:\\\/\\\/radiomars.ma\\\/fr\\\/#\\\/schema\\\/person\\\/a9698f3d532a66af8bdf55eab142d882\",\"name\":\"Nourhane HAROUI\",\"image\":{\"@type\":\"ImageObject\",\"inLanguage\":\"fr-FR\",\"@id\":\"https:\\\/\\\/secure.gravatar.com\\\/avatar\\\/41ccbb44b460ffd178bfba847ebd4a97d9314423310ed4f27289588b156b2e4f?s=96&d=mm&r=g\",\"url\":\"https:\\\/\\\/secure.gravatar.com\\\/avatar\\\/41ccbb44b460ffd178bfba847ebd4a97d9314423310ed4f27289588b156b2e4f?s=96&d=mm&r=g\",\"contentUrl\":\"https:\\\/\\\/secure.gravatar.com\\\/avatar\\\/41ccbb44b460ffd178bfba847ebd4a97d9314423310ed4f27289588b156b2e4f?s=96&d=mm&r=g\",\"caption\":\"Nourhane HAROUI\"},\"url\":\"https:\\\/\\\/radiomars.ma\\\/fr\\\/?author=13\"}]}<\/script>\n<!-- \/ Yoast SEO plugin. -->","yoast_head_json":{"title":"Sofyan Amrabat livre ses premiers mots avec l\u2019Ajax - RADIOMARS","robots":{"index":"index","follow":"follow","max-snippet":"max-snippet:-1","max-image-preview":"max-image-preview:large","max-video-preview":"max-video-preview:-1"},"canonical":"https:\/\/radiomars.ma\/fr\/?p=5890","og_locale":"fr_FR","og_type":"article","og_title":"Sofyan Amrabat livre ses premiers mots avec l\u2019Ajax - RADIOMARS","og_description":"Fra\u00eechement arriv\u00e9 \u00e0 Amsterdam, Sofyan Amrabat s\u2019est exprim\u00e9 pour la premi\u00e8re fois sous ses nouvelles couleurs. L\u2019international marocain a expliqu\u00e9 son choix et les ambitions qui accompagnent son retour aux Pays-Bas. \u00ab Je crois au projet de l\u2019Ajax \u00bb, a assur\u00e9 le Lion de l\u2019Atlas. Un choix qui ne s\u2019est pas d\u00e9cid\u00e9 dans les derni\u00e8res [&hellip;]","og_url":"https:\/\/radiomars.ma\/fr\/?p=5890","og_site_name":"RADIOMARS","article_published_time":"2026-08-31T15:24:57+00:00","og_image":[{"width":1124,"height":1462,"url":"https:\/\/radiomars.ma\/fr\/wp-content\/uploads\/2026\/08\/Capture-decran-2026-08-31-a-16.22.08.png","type":"image\/png"}],"author":"Nourhane HAROUI","twitter_card":"summary_large_image","twitter_misc":{"\u00c9crit par":"Nourhane HAROUI","Dur\u00e9e de lecture estim\u00e9e":"1 minute"},"schema":{"@context":"https:\/\/schema.org","@graph":[{"@type":"Article","@id":"https:\/\/radiomars.ma\/fr\/?p=5890#article","isPartOf":{"@id":"https:\/\/radiomars.ma\/fr\/?p=5890"},"author":{"name":"Nourhane HAROUI","@id":"https:\/\/radiomars.ma\/fr\/#\/schema\/person\/a9698f3d532a66af8bdf55eab142d882"},"headline":"Sofyan Amrabat livre ses premiers mots avec l\u2019Ajax","datePublished":"2026-08-31T15:24:57+00:00","mainEntityOfPage":{"@id":"https:\/\/radiomars.ma\/fr\/?p=5890"},"wordCount":178,"commentCount":0,"image":{"@id":"https:\/\/radiomars.ma\/fr\/?p=5890#primaryimage"},"thumbnailUrl":"https:\/\/radiomars.ma\/fr\/wp-content\/uploads\/2026\/08\/Capture-decran-2026-08-31-a-16.22.08.png","articleSection":["flash","NOS LIONS","slider"],"inLanguage":"fr-FR","potentialAction":[{"@type":"CommentAction","name":"Comment","target":["https:\/\/radiomars.ma\/fr\/?p=5890#respond"]}]},{"@type":"WebPage","@id":"https:\/\/radiomars.ma\/fr\/?p=5890","url":"https:\/\/radiomars.ma\/fr\/?p=5890","name":"Sofyan Amrabat livre ses premiers mots avec l\u2019Ajax - RADIOMARS","isPartOf":{"@id":"https:\/\/radiomars.ma\/fr\/#website"},"primaryImageOfPage":{"@id":"https:\/\/radiomars.ma\/fr\/?p=5890#primaryimage"},"image":{"@id":"https:\/\/radiomars.ma\/fr\/?p=5890#primaryimage"},"thumbnailUrl":"https:\/\/radiomars.ma\/fr\/wp-content\/uploads\/2026\/08\/Capture-decran-2026-08-31-a-16.22.08.png","datePublished":"2026-08-31T15:24:57+00:00","author":{"@id":"https:\/\/radiomars.ma\/fr\/#\/schema\/person\/a9698f3d532a66af8bdf55eab142d882"},"breadcrumb":{"@id":"https:\/\/radiomars.ma\/fr\/?p=5890#breadcrumb"},"inLanguage":"fr-FR","potentialAction":[{"@type":"ReadAction","target":["https:\/\/radiomars.ma\/fr\/?p=5890"]}]},{"@type":"ImageObject","inLanguage":"fr-FR","@id":"https:\/\/radiomars.ma\/fr\/?p=5890#primaryimage","url":"https:\/\/radiomars.ma\/fr\/wp-content\/uploads\/2026\/08\/Capture-decran-2026-08-31-a-16.22.08.png","contentUrl":"https:\/\/radiomars.ma\/fr\/wp-content\/uploads\/2026\/08\/Capture-decran-2026-08-31-a-16.22.08.png","width":1124,"height":1462},{"@type":"BreadcrumbList","@id":"https:\/\/radiomars.ma\/fr\/?p=5890#breadcrumb","itemListElement":[{"@type":"ListItem","position":1,"name":"Accueil","item":"https:\/\/radiomars.ma\/fr\/"},{"@type":"ListItem","position":2,"name":"Sofyan Amrabat livre ses premiers mots avec l\u2019Ajax"}]},{"@type":"WebSite","@id":"https:\/\/radiomars.ma\/fr\/#website","url":"https:\/\/radiomars.ma\/fr\/","name":"RADIOMARS","description":"","potentialAction":[{"@type":"SearchAction","target":{"@type":"EntryPoint","urlTemplate":"https:\/\/radiomars.ma\/fr\/?s={search_term_string}"},"query-input":{"@type":"PropertyValueSpecification","valueRequired":true,"valueName":"search_term_string"}}],"inLanguage":"fr-FR"},{"@type":"Person","@id":"https:\/\/radiomars.ma\/fr\/#\/schema\/person\/a9698f3d532a66af8bdf55eab142d882","name":"Nourhane HAROUI","image":{"@type":"ImageObject","inLanguage":"fr-FR","@id":"https:\/\/secure.gravatar.com\/avatar\/41ccbb44b460ffd178bfba847ebd4a97d9314423310ed4f27289588b156b2e4f?s=96&d=mm&r=g","url":"https:\/\/secure.gravatar.com\/avatar\/41ccbb44b460ffd178bfba847ebd4a97d9314423310ed4f27289588b156b2e4f?s=96&d=mm&r=g","contentUrl":"https:\/\/secure.gravatar.com\/avatar\/41ccbb44b460ffd178bfba847ebd4a97d9314423310ed4f27289588b156b2e4f?s=96&d=mm&r=g","caption":"Nourhane HAROUI"},"url":"https:\/\/radiomars.ma\/fr\/?author=13"}]}},"_links":{"self":[{"href":"https:\/\/radiomars.ma\/fr\/index.php?rest_route=\/wp\/v2\/posts\/5890","targetHints":{"allow":["GET"]}}],"collection":[{"href":"https:\/\/radiomars.ma\/fr\/index.php?rest_route=\/wp\/v2\/posts"}],"about":[{"href":"https:\/\/radiomars.ma\/fr\/index.php?rest_route=\/wp\/v2\/types\/post"}],"author":[{"embeddable":true,"href":"https:\/\/radiomars.ma\/fr\/index.php?rest_route=\/wp\/v2\/users\/13"}],"replies":[{"embeddable":true,"href":"https:\/\/radiomars.ma\/fr\/index.php?rest_route=%2Fwp%2Fv2%2Fcomments&post=5890"}],"version-history":[{"count":1,"href":"https:\/\/radiomars.ma\/fr\/index.php?rest_route=\/wp\/v2\/posts\/5890\/revisions"}],"predecessor-version":[{"id":5895,"href":"https:\/\/radiomars.ma\/fr\/index.php?rest_route=\/wp\/v2\/posts\/5890\/revisions\/5895"}],"wp:featuredmedia":[{"embeddable":true,"href":"https:\/\/radiomars.ma\/fr\/index.php?rest_route=\/wp\/v2\/media\/5894"}],"wp:attachment":[{"href":"https:\/\/radiomars.ma\/fr\/index.php?rest_route=%2Fwp%2Fv2%2Fmedia&parent=5890"}],"wp:term":[{"taxonomy":"category","embeddable":true,"href":"https:\/\/radiomars.ma\/fr\/index.php?rest_route=%2Fwp%2Fv2%2Fcategories&post=5890"},{"taxonomy":"post_tag","embeddable":true,"href":"https:\/\/radiomars.ma\/fr\/index.php?rest_route=%2Fwp%2Fv2%2Ftags&post=5890"}],"curies":[{"name":"wp","href":"https:\/\/api.w.org\/{rel}","templated":true}]}}