{"id":5891,"date":"2026-08-31T18:22:11","date_gmt":"2026-08-31T16:22:11","guid":{"rendered":"https:\/\/radiomars.ma\/fr\/?p=5891"},"modified":"2026-08-31T17:22:36","modified_gmt":"2026-08-31T15:22:36","slug":"lnfp-belegchour-fait-le-point-sur-la-reprise-le-recrutement-des-entraineurs-et-lorganisation-de-la-ligue","status":"publish","type":"post","link":"https:\/\/radiomars.ma\/fr\/?p=5891","title":{"rendered":"LNFP : Belegchour fait le point sur la reprise, le recrutement des entra\u00eeneurs et l&rsquo;organisation de la Ligue"},"content":{"rendered":"<p>Invit\u00e9 de l&rsquo;\u00e9mission \u00ab Al Marrikh Al Riyadi \u00bb sur les ondes de Radiomars, Abdeslam Belegchour, pr\u00e9sident de la Ligue Nationale de Football Professionnel (LNFP), a fait un tour d&rsquo;horizon des grands dossiers qui rythment l&rsquo;actualit\u00e9 du football national, \u00e0 l&rsquo;approche du coup d&rsquo;envoi de la nouvelle saison de la Botola Pro Inwi, pr\u00e9vu le 24 septembre prochain.<\/p>\n<p><strong>Mises aux normes financi\u00e8res et autorisations de mont\u00e9e<\/strong><\/p>\n<p>Abdeslam Belegchour a r\u00e9v\u00e9l\u00e9 la date d&rsquo;officialisation des clubs autoris\u00e9s \u00e0 acc\u00e9der aux divisions sup\u00e9rieures. La liste des entit\u00e9s ayant r\u00e9gularis\u00e9 leur situation financi\u00e8re, conform\u00e9ment au cahier des charges, sera d\u00e9voil\u00e9e avant le coup d&rsquo;envoi officiel de la comp\u00e9tition. Cette mesure s&rsquo;appuie sur les conclusions d&rsquo;une commission sp\u00e9cialis\u00e9e, qui a men\u00e9 des inspections sur le terrain afin d&rsquo;\u00e9tablir la liste d\u00e9finitive des clubs r\u00e9pondant rigoureusement aux normes exig\u00e9es.<\/p>\n<p><strong>Supervision du recrutement des techniciens \u00e9trangers<\/strong><\/p>\n<p>Le pr\u00e9sident de la LNFP a \u00e9galement abord\u00e9 la question de l&rsquo;encadrement technique au sein des clubs de l&rsquo;\u00e9lite. Les conditions de recrutement des entra\u00eeneurs \u00e9trangers font actuellement l&rsquo;objet d&rsquo;une analyse approfondie. Si les crit\u00e8res d\u00e9finitifs restent \u00e0 fixer, Belegchour a pr\u00e9cis\u00e9 que la Direction Technique Nationale (DTN) jouera un r\u00f4le cl\u00e9 dans l&rsquo;\u00e9laboration d&rsquo;un cahier des charges cibl\u00e9, visant \u00e0 garantir l&rsquo;apport d&rsquo;entra\u00eeneurs \u00e9trangers \u00e0 forte valeur ajout\u00e9e pour le championnat.<\/p>\n<p><strong>Transfert du si\u00e8ge et gestion de la communication num\u00e9rique<\/strong><\/p>\n<p>Sur le plan organisationnel et administratif, le pr\u00e9sident a annonc\u00e9 le transfert prochain du si\u00e8ge officiel de la LNFP \u00e0 Casablanca. Concernant la communication, Belegchour a par ailleurs indiqu\u00e9 que le litige relatif au site web officiel de l&rsquo;instance reste port\u00e9 devant la justice, contraignant la Ligue \u00e0 s&rsquo;appuyer temporairement et exclusivement sur ses r\u00e9seaux sociaux pour la diffusion de ses informations officielles.<\/p>\n","protected":false},"excerpt":{"rendered":"<p>Invit\u00e9 de l&rsquo;\u00e9mission \u00ab Al Marrikh Al Riyadi \u00bb sur les ondes de Radiomars, Abdeslam Belegchour, pr\u00e9sident de la Ligue Nationale de Football Professionnel (LNFP), a fait un tour d&rsquo;horizon des grands dossiers qui rythment l&rsquo;actualit\u00e9 du football national, \u00e0 l&rsquo;approche du coup d&rsquo;envoi de la nouvelle saison de la Botola Pro Inwi, pr\u00e9vu le [&hellip;]<\/p>\n","protected":false},"author":3,"featured_media":5892,"comment_status":"open","ping_status":"open","sticky":false,"template":"","format":"standard","meta":{"footnotes":""},"categories":[15,16,52,48,47],"tags":[1085,420],"class_list":["post-5891","post","type-post","status-publish","format-standard","has-post-thumbnail","category-botola-pro","category-d1","category-flash","category-slider","category-top-spots","tag-abdeslam-belegchour","tag-lnfp"],"yoast_head":"<!-- This site is optimized with the Yoast SEO plugin v27.6 - https:\/\/yoast.com\/product\/yoast-seo-wordpress\/ -->\n<title>LNFP : Belegchour fait le point sur la reprise, le recrutement des entra\u00eeneurs et l&#039;organisation de la Ligue - RADIOMARS<\/title>\n<meta name=\"robots\" content=\"index, follow, max-snippet:-1, max-image-preview:large, max-video-preview:-1\" \/>\n<link rel=\"canonical\" href=\"https:\/\/radiomars.ma\/fr\/?p=5891\" \/>\n<meta property=\"og:locale\" content=\"fr_FR\" \/>\n<meta property=\"og:type\" content=\"article\" \/>\n<meta property=\"og:title\" content=\"LNFP : Belegchour fait le point sur la reprise, le recrutement des entra\u00eeneurs et l&#039;organisation de la Ligue - RADIOMARS\" \/>\n<meta property=\"og:description\" content=\"Invit\u00e9 de l&rsquo;\u00e9mission \u00ab Al Marrikh Al Riyadi \u00bb sur les ondes de Radiomars, Abdeslam Belegchour, pr\u00e9sident de la Ligue Nationale de Football Professionnel (LNFP), a fait un tour d&rsquo;horizon des grands dossiers qui rythment l&rsquo;actualit\u00e9 du football national, \u00e0 l&rsquo;approche du coup d&rsquo;envoi de la nouvelle saison de la Botola Pro Inwi, pr\u00e9vu le [&hellip;]\" \/>\n<meta property=\"og:url\" content=\"https:\/\/radiomars.ma\/fr\/?p=5891\" \/>\n<meta property=\"og:site_name\" content=\"RADIOMARS\" \/>\n<meta property=\"article:published_time\" content=\"2026-08-31T16:22:11+00:00\" \/>\n<meta property=\"og:image\" content=\"https:\/\/radiomars.ma\/fr\/wp-content\/uploads\/2026\/08\/images-16.jpg\" \/>\n\t<meta property=\"og:image:width\" content=\"547\" \/>\n\t<meta property=\"og:image:height\" content=\"365\" \/>\n\t<meta property=\"og:image:type\" content=\"image\/jpeg\" \/>\n<meta name=\"author\" content=\"Amine Birouk\" \/>\n<meta name=\"twitter:card\" content=\"summary_large_image\" \/>\n<meta name=\"twitter:label1\" content=\"\u00c9crit par\" \/>\n\t<meta name=\"twitter:data1\" content=\"Amine Birouk\" \/>\n\t<meta name=\"twitter:label2\" content=\"Dur\u00e9e de lecture estim\u00e9e\" \/>\n\t<meta name=\"twitter:data2\" content=\"2 minutes\" \/>\n<script type=\"application\/ld+json\" class=\"yoast-schema-graph\">{\"@context\":\"https:\\\/\\\/schema.org\",\"@graph\":[{\"@type\":\"Article\",\"@id\":\"https:\\\/\\\/radiomars.ma\\\/fr\\\/?p=5891#article\",\"isPartOf\":{\"@id\":\"https:\\\/\\\/radiomars.ma\\\/fr\\\/?p=5891\"},\"author\":{\"name\":\"Amine Birouk\",\"@id\":\"https:\\\/\\\/radiomars.ma\\\/fr\\\/#\\\/schema\\\/person\\\/3c84279e0c82d50196b7b9eaeb67f7df\"},\"headline\":\"LNFP : Belegchour fait le point sur la reprise, le recrutement des entra\u00eeneurs et l&rsquo;organisation de la Ligue\",\"datePublished\":\"2026-08-31T16:22:11+00:00\",\"mainEntityOfPage\":{\"@id\":\"https:\\\/\\\/radiomars.ma\\\/fr\\\/?p=5891\"},\"wordCount\":347,\"commentCount\":0,\"image\":{\"@id\":\"https:\\\/\\\/radiomars.ma\\\/fr\\\/?p=5891#primaryimage\"},\"thumbnailUrl\":\"https:\\\/\\\/radiomars.ma\\\/fr\\\/wp-content\\\/uploads\\\/2026\\\/08\\\/images-16.jpg\",\"keywords\":[\"Abdeslam Belegchour\",\"LNFP\"],\"articleSection\":[\"BOTOLA PRO\",\"D1\",\"flash\",\"slider\",\"Top spots\"],\"inLanguage\":\"fr-FR\",\"potentialAction\":[{\"@type\":\"CommentAction\",\"name\":\"Comment\",\"target\":[\"https:\\\/\\\/radiomars.ma\\\/fr\\\/?p=5891#respond\"]}]},{\"@type\":\"WebPage\",\"@id\":\"https:\\\/\\\/radiomars.ma\\\/fr\\\/?p=5891\",\"url\":\"https:\\\/\\\/radiomars.ma\\\/fr\\\/?p=5891\",\"name\":\"LNFP : Belegchour fait le point sur la reprise, le recrutement des entra\u00eeneurs et l'organisation de la Ligue - RADIOMARS\",\"isPartOf\":{\"@id\":\"https:\\\/\\\/radiomars.ma\\\/fr\\\/#website\"},\"primaryImageOfPage\":{\"@id\":\"https:\\\/\\\/radiomars.ma\\\/fr\\\/?p=5891#primaryimage\"},\"image\":{\"@id\":\"https:\\\/\\\/radiomars.ma\\\/fr\\\/?p=5891#primaryimage\"},\"thumbnailUrl\":\"https:\\\/\\\/radiomars.ma\\\/fr\\\/wp-content\\\/uploads\\\/2026\\\/08\\\/images-16.jpg\",\"datePublished\":\"2026-08-31T16:22:11+00:00\",\"author\":{\"@id\":\"https:\\\/\\\/radiomars.ma\\\/fr\\\/#\\\/schema\\\/person\\\/3c84279e0c82d50196b7b9eaeb67f7df\"},\"breadcrumb\":{\"@id\":\"https:\\\/\\\/radiomars.ma\\\/fr\\\/?p=5891#breadcrumb\"},\"inLanguage\":\"fr-FR\",\"potentialAction\":[{\"@type\":\"ReadAction\",\"target\":[\"https:\\\/\\\/radiomars.ma\\\/fr\\\/?p=5891\"]}]},{\"@type\":\"ImageObject\",\"inLanguage\":\"fr-FR\",\"@id\":\"https:\\\/\\\/radiomars.ma\\\/fr\\\/?p=5891#primaryimage\",\"url\":\"https:\\\/\\\/radiomars.ma\\\/fr\\\/wp-content\\\/uploads\\\/2026\\\/08\\\/images-16.jpg\",\"contentUrl\":\"https:\\\/\\\/radiomars.ma\\\/fr\\\/wp-content\\\/uploads\\\/2026\\\/08\\\/images-16.jpg\",\"width\":547,\"height\":365},{\"@type\":\"BreadcrumbList\",\"@id\":\"https:\\\/\\\/radiomars.ma\\\/fr\\\/?p=5891#breadcrumb\",\"itemListElement\":[{\"@type\":\"ListItem\",\"position\":1,\"name\":\"Accueil\",\"item\":\"https:\\\/\\\/radiomars.ma\\\/fr\\\/\"},{\"@type\":\"ListItem\",\"position\":2,\"name\":\"LNFP : Belegchour fait le point sur la reprise, le recrutement des entra\u00eeneurs et l&rsquo;organisation de la Ligue\"}]},{\"@type\":\"WebSite\",\"@id\":\"https:\\\/\\\/radiomars.ma\\\/fr\\\/#website\",\"url\":\"https:\\\/\\\/radiomars.ma\\\/fr\\\/\",\"name\":\"RADIOMARS\",\"description\":\"\",\"potentialAction\":[{\"@type\":\"SearchAction\",\"target\":{\"@type\":\"EntryPoint\",\"urlTemplate\":\"https:\\\/\\\/radiomars.ma\\\/fr\\\/?s={search_term_string}\"},\"query-input\":{\"@type\":\"PropertyValueSpecification\",\"valueRequired\":true,\"valueName\":\"search_term_string\"}}],\"inLanguage\":\"fr-FR\"},{\"@type\":\"Person\",\"@id\":\"https:\\\/\\\/radiomars.ma\\\/fr\\\/#\\\/schema\\\/person\\\/3c84279e0c82d50196b7b9eaeb67f7df\",\"name\":\"Amine Birouk\",\"image\":{\"@type\":\"ImageObject\",\"inLanguage\":\"fr-FR\",\"@id\":\"https:\\\/\\\/secure.gravatar.com\\\/avatar\\\/980362d30b99e5f165da95d8182ab3d998bbd98c95f5200d1e5670c03c19cb38?s=96&d=mm&r=g\",\"url\":\"https:\\\/\\\/secure.gravatar.com\\\/avatar\\\/980362d30b99e5f165da95d8182ab3d998bbd98c95f5200d1e5670c03c19cb38?s=96&d=mm&r=g\",\"contentUrl\":\"https:\\\/\\\/secure.gravatar.com\\\/avatar\\\/980362d30b99e5f165da95d8182ab3d998bbd98c95f5200d1e5670c03c19cb38?s=96&d=mm&r=g\",\"caption\":\"Amine Birouk\"},\"url\":\"https:\\\/\\\/radiomars.ma\\\/fr\\\/?author=3\"}]}<\/script>\n<!-- \/ Yoast SEO plugin. -->","yoast_head_json":{"title":"LNFP : Belegchour fait le point sur la reprise, le recrutement des entra\u00eeneurs et l'organisation de la Ligue - RADIOMARS","robots":{"index":"index","follow":"follow","max-snippet":"max-snippet:-1","max-image-preview":"max-image-preview:large","max-video-preview":"max-video-preview:-1"},"canonical":"https:\/\/radiomars.ma\/fr\/?p=5891","og_locale":"fr_FR","og_type":"article","og_title":"LNFP : Belegchour fait le point sur la reprise, le recrutement des entra\u00eeneurs et l'organisation de la Ligue - RADIOMARS","og_description":"Invit\u00e9 de l&rsquo;\u00e9mission \u00ab Al Marrikh Al Riyadi \u00bb sur les ondes de Radiomars, Abdeslam Belegchour, pr\u00e9sident de la Ligue Nationale de Football Professionnel (LNFP), a fait un tour d&rsquo;horizon des grands dossiers qui rythment l&rsquo;actualit\u00e9 du football national, \u00e0 l&rsquo;approche du coup d&rsquo;envoi de la nouvelle saison de la Botola Pro Inwi, pr\u00e9vu le [&hellip;]","og_url":"https:\/\/radiomars.ma\/fr\/?p=5891","og_site_name":"RADIOMARS","article_published_time":"2026-08-31T16:22:11+00:00","og_image":[{"width":547,"height":365,"url":"https:\/\/radiomars.ma\/fr\/wp-content\/uploads\/2026\/08\/images-16.jpg","type":"image\/jpeg"}],"author":"Amine Birouk","twitter_card":"summary_large_image","twitter_misc":{"\u00c9crit par":"Amine Birouk","Dur\u00e9e de lecture estim\u00e9e":"2 minutes"},"schema":{"@context":"https:\/\/schema.org","@graph":[{"@type":"Article","@id":"https:\/\/radiomars.ma\/fr\/?p=5891#article","isPartOf":{"@id":"https:\/\/radiomars.ma\/fr\/?p=5891"},"author":{"name":"Amine Birouk","@id":"https:\/\/radiomars.ma\/fr\/#\/schema\/person\/3c84279e0c82d50196b7b9eaeb67f7df"},"headline":"LNFP : Belegchour fait le point sur la reprise, le recrutement des entra\u00eeneurs et l&rsquo;organisation de la Ligue","datePublished":"2026-08-31T16:22:11+00:00","mainEntityOfPage":{"@id":"https:\/\/radiomars.ma\/fr\/?p=5891"},"wordCount":347,"commentCount":0,"image":{"@id":"https:\/\/radiomars.ma\/fr\/?p=5891#primaryimage"},"thumbnailUrl":"https:\/\/radiomars.ma\/fr\/wp-content\/uploads\/2026\/08\/images-16.jpg","keywords":["Abdeslam Belegchour","LNFP"],"articleSection":["BOTOLA PRO","D1","flash","slider","Top spots"],"inLanguage":"fr-FR","potentialAction":[{"@type":"CommentAction","name":"Comment","target":["https:\/\/radiomars.ma\/fr\/?p=5891#respond"]}]},{"@type":"WebPage","@id":"https:\/\/radiomars.ma\/fr\/?p=5891","url":"https:\/\/radiomars.ma\/fr\/?p=5891","name":"LNFP : Belegchour fait le point sur la reprise, le recrutement des entra\u00eeneurs et l'organisation de la Ligue - RADIOMARS","isPartOf":{"@id":"https:\/\/radiomars.ma\/fr\/#website"},"primaryImageOfPage":{"@id":"https:\/\/radiomars.ma\/fr\/?p=5891#primaryimage"},"image":{"@id":"https:\/\/radiomars.ma\/fr\/?p=5891#primaryimage"},"thumbnailUrl":"https:\/\/radiomars.ma\/fr\/wp-content\/uploads\/2026\/08\/images-16.jpg","datePublished":"2026-08-31T16:22:11+00:00","author":{"@id":"https:\/\/radiomars.ma\/fr\/#\/schema\/person\/3c84279e0c82d50196b7b9eaeb67f7df"},"breadcrumb":{"@id":"https:\/\/radiomars.ma\/fr\/?p=5891#breadcrumb"},"inLanguage":"fr-FR","potentialAction":[{"@type":"ReadAction","target":["https:\/\/radiomars.ma\/fr\/?p=5891"]}]},{"@type":"ImageObject","inLanguage":"fr-FR","@id":"https:\/\/radiomars.ma\/fr\/?p=5891#primaryimage","url":"https:\/\/radiomars.ma\/fr\/wp-content\/uploads\/2026\/08\/images-16.jpg","contentUrl":"https:\/\/radiomars.ma\/fr\/wp-content\/uploads\/2026\/08\/images-16.jpg","width":547,"height":365},{"@type":"BreadcrumbList","@id":"https:\/\/radiomars.ma\/fr\/?p=5891#breadcrumb","itemListElement":[{"@type":"ListItem","position":1,"name":"Accueil","item":"https:\/\/radiomars.ma\/fr\/"},{"@type":"ListItem","position":2,"name":"LNFP : Belegchour fait le point sur la reprise, le recrutement des entra\u00eeneurs et l&rsquo;organisation de la Ligue"}]},{"@type":"WebSite","@id":"https:\/\/radiomars.ma\/fr\/#website","url":"https:\/\/radiomars.ma\/fr\/","name":"RADIOMARS","description":"","potentialAction":[{"@type":"SearchAction","target":{"@type":"EntryPoint","urlTemplate":"https:\/\/radiomars.ma\/fr\/?s={search_term_string}"},"query-input":{"@type":"PropertyValueSpecification","valueRequired":true,"valueName":"search_term_string"}}],"inLanguage":"fr-FR"},{"@type":"Person","@id":"https:\/\/radiomars.ma\/fr\/#\/schema\/person\/3c84279e0c82d50196b7b9eaeb67f7df","name":"Amine Birouk","image":{"@type":"ImageObject","inLanguage":"fr-FR","@id":"https:\/\/secure.gravatar.com\/avatar\/980362d30b99e5f165da95d8182ab3d998bbd98c95f5200d1e5670c03c19cb38?s=96&d=mm&r=g","url":"https:\/\/secure.gravatar.com\/avatar\/980362d30b99e5f165da95d8182ab3d998bbd98c95f5200d1e5670c03c19cb38?s=96&d=mm&r=g","contentUrl":"https:\/\/secure.gravatar.com\/avatar\/980362d30b99e5f165da95d8182ab3d998bbd98c95f5200d1e5670c03c19cb38?s=96&d=mm&r=g","caption":"Amine Birouk"},"url":"https:\/\/radiomars.ma\/fr\/?author=3"}]}},"_links":{"self":[{"href":"https:\/\/radiomars.ma\/fr\/index.php?rest_route=\/wp\/v2\/posts\/5891","targetHints":{"allow":["GET"]}}],"collection":[{"href":"https:\/\/radiomars.ma\/fr\/index.php?rest_route=\/wp\/v2\/posts"}],"about":[{"href":"https:\/\/radiomars.ma\/fr\/index.php?rest_route=\/wp\/v2\/types\/post"}],"author":[{"embeddable":true,"href":"https:\/\/radiomars.ma\/fr\/index.php?rest_route=\/wp\/v2\/users\/3"}],"replies":[{"embeddable":true,"href":"https:\/\/radiomars.ma\/fr\/index.php?rest_route=%2Fwp%2Fv2%2Fcomments&post=5891"}],"version-history":[{"count":1,"href":"https:\/\/radiomars.ma\/fr\/index.php?rest_route=\/wp\/v2\/posts\/5891\/revisions"}],"predecessor-version":[{"id":5893,"href":"https:\/\/radiomars.ma\/fr\/index.php?rest_route=\/wp\/v2\/posts\/5891\/revisions\/5893"}],"wp:featuredmedia":[{"embeddable":true,"href":"https:\/\/radiomars.ma\/fr\/index.php?rest_route=\/wp\/v2\/media\/5892"}],"wp:attachment":[{"href":"https:\/\/radiomars.ma\/fr\/index.php?rest_route=%2Fwp%2Fv2%2Fmedia&parent=5891"}],"wp:term":[{"taxonomy":"category","embeddable":true,"href":"https:\/\/radiomars.ma\/fr\/index.php?rest_route=%2Fwp%2Fv2%2Fcategories&post=5891"},{"taxonomy":"post_tag","embeddable":true,"href":"https:\/\/radiomars.ma\/fr\/index.php?rest_route=%2Fwp%2Fv2%2Ftags&post=5891"}],"curies":[{"name":"wp","href":"https:\/\/api.w.org\/{rel}","templated":true}]}}