{"id":5896,"date":"2026-08-31T17:31:48","date_gmt":"2026-08-31T15:31:48","guid":{"rendered":"https:\/\/radiomars.ma\/fr\/?p=5896"},"modified":"2026-08-31T17:31:48","modified_gmt":"2026-08-31T15:31:48","slug":"clap-de-fin-lionel-messi-annonce-sa-retraite-internationale-avec-largentine","status":"publish","type":"post","link":"https:\/\/radiomars.ma\/fr\/?p=5896","title":{"rendered":"Clap de fin : Lionel Messi annonce sa retraite internationale avec l&rsquo;Argentine"},"content":{"rendered":"<h3 dir=\"ltr\"><span style=\"color: #222222;font-family: Verdana, BlinkMacSystemFont, -apple-system, &#039;Segoe UI&#039;, Roboto, Oxygen, Ubuntu, Cantarell, &#039;Open Sans&#039;, &#039;Helvetica Neue&#039;, sans-serif;font-size: 15px\">\u200bC&rsquo;est un v\u00e9ritable s\u00e9isme sur la plan\u00e8te football. Apr\u00e8s plus de 200 s\u00e9lections et une carri\u00e8re l\u00e9gendaire sous le maillot de l&rsquo;Albiceleste, Lionel Messi a officialis\u00e9 son d\u00e9part de l&rsquo;\u00e9quipe nationale d&rsquo;Argentine \u00e0 travers un message publi\u00e9 sur ses r\u00e9seaux sociaux.<\/span><\/h3>\n<p dir=\"ltr\">\u200bLe capitaine embl\u00e9matique argentin met un terme \u00e0 un parcours international monumentale marqu\u00e9 notamment par le sacre mondial au Qatar en 2022 et deux titres en Copa Am\u00e9rica, marquant ainsi la fin d&rsquo;une \u00e8re m\u00e9morable pour le football mondial et sud-am\u00e9ricain.<\/p>\n<p dir=\"ltr\">\u200b<\/p>\n","protected":false},"excerpt":{"rendered":"<p>\u200bC&rsquo;est un v\u00e9ritable s\u00e9isme sur la plan\u00e8te football. Apr\u00e8s plus de 200 s\u00e9lections et une carri\u00e8re l\u00e9gendaire sous le maillot de l&rsquo;Albiceleste, Lionel Messi a officialis\u00e9 son d\u00e9part de l&rsquo;\u00e9quipe nationale d&rsquo;Argentine \u00e0 travers un message publi\u00e9 sur ses r\u00e9seaux sociaux. \u200bLe capitaine embl\u00e9matique argentin met un terme \u00e0 un parcours international monumentale marqu\u00e9 notamment [&hellip;]<\/p>\n","protected":false},"author":3,"featured_media":5897,"comment_status":"open","ping_status":"open","sticky":false,"template":"","format":"standard","meta":{"footnotes":""},"categories":[52,33,48,47],"tags":[374,835],"class_list":["post-5896","post","type-post","status-publish","format-standard","has-post-thumbnail","category-flash","category-linternationales","category-slider","category-top-spots","tag-argentine","tag-lionel-messi"],"yoast_head":"<!-- This site is optimized with the Yoast SEO plugin v27.6 - https:\/\/yoast.com\/product\/yoast-seo-wordpress\/ -->\n<title>Clap de fin : Lionel Messi annonce sa retraite internationale avec l&#039;Argentine - RADIOMARS<\/title>\n<meta name=\"robots\" content=\"index, follow, max-snippet:-1, max-image-preview:large, max-video-preview:-1\" \/>\n<link rel=\"canonical\" href=\"https:\/\/radiomars.ma\/fr\/?p=5896\" \/>\n<meta property=\"og:locale\" content=\"fr_FR\" \/>\n<meta property=\"og:type\" content=\"article\" \/>\n<meta property=\"og:title\" content=\"Clap de fin : Lionel Messi annonce sa retraite internationale avec l&#039;Argentine - RADIOMARS\" \/>\n<meta property=\"og:description\" content=\"\u200bC&rsquo;est un v\u00e9ritable s\u00e9isme sur la plan\u00e8te football. Apr\u00e8s plus de 200 s\u00e9lections et une carri\u00e8re l\u00e9gendaire sous le maillot de l&rsquo;Albiceleste, Lionel Messi a officialis\u00e9 son d\u00e9part de l&rsquo;\u00e9quipe nationale d&rsquo;Argentine \u00e0 travers un message publi\u00e9 sur ses r\u00e9seaux sociaux. \u200bLe capitaine embl\u00e9matique argentin met un terme \u00e0 un parcours international monumentale marqu\u00e9 notamment [&hellip;]\" \/>\n<meta property=\"og:url\" content=\"https:\/\/radiomars.ma\/fr\/?p=5896\" \/>\n<meta property=\"og:site_name\" content=\"RADIOMARS\" \/>\n<meta property=\"article:published_time\" content=\"2026-08-31T15:31:48+00:00\" \/>\n<meta property=\"og:image\" content=\"https:\/\/radiomars.ma\/fr\/wp-content\/uploads\/2026\/08\/64f07.jpg\" \/>\n\t<meta property=\"og:image:width\" content=\"828\" \/>\n\t<meta property=\"og:image:height\" content=\"552\" \/>\n\t<meta property=\"og:image:type\" content=\"image\/jpeg\" \/>\n<meta name=\"author\" content=\"Amine Birouk\" \/>\n<meta name=\"twitter:card\" content=\"summary_large_image\" \/>\n<meta name=\"twitter:label1\" content=\"\u00c9crit par\" \/>\n\t<meta name=\"twitter:data1\" content=\"Amine Birouk\" \/>\n\t<meta name=\"twitter:label2\" content=\"Dur\u00e9e de lecture estim\u00e9e\" \/>\n\t<meta name=\"twitter:data2\" content=\"1 minute\" \/>\n<script type=\"application\/ld+json\" class=\"yoast-schema-graph\">{\"@context\":\"https:\\\/\\\/schema.org\",\"@graph\":[{\"@type\":\"Article\",\"@id\":\"https:\\\/\\\/radiomars.ma\\\/fr\\\/?p=5896#article\",\"isPartOf\":{\"@id\":\"https:\\\/\\\/radiomars.ma\\\/fr\\\/?p=5896\"},\"author\":{\"name\":\"Amine Birouk\",\"@id\":\"https:\\\/\\\/radiomars.ma\\\/fr\\\/#\\\/schema\\\/person\\\/3c84279e0c82d50196b7b9eaeb67f7df\"},\"headline\":\"Clap de fin : Lionel Messi annonce sa retraite internationale avec l&rsquo;Argentine\",\"datePublished\":\"2026-08-31T15:31:48+00:00\",\"mainEntityOfPage\":{\"@id\":\"https:\\\/\\\/radiomars.ma\\\/fr\\\/?p=5896\"},\"wordCount\":108,\"commentCount\":0,\"image\":{\"@id\":\"https:\\\/\\\/radiomars.ma\\\/fr\\\/?p=5896#primaryimage\"},\"thumbnailUrl\":\"https:\\\/\\\/radiomars.ma\\\/fr\\\/wp-content\\\/uploads\\\/2026\\\/08\\\/64f07.jpg\",\"keywords\":[\"argentine\",\"Lionel Messi\"],\"articleSection\":[\"flash\",\"L'INTERNATIONALE\",\"slider\",\"Top spots\"],\"inLanguage\":\"fr-FR\",\"potentialAction\":[{\"@type\":\"CommentAction\",\"name\":\"Comment\",\"target\":[\"https:\\\/\\\/radiomars.ma\\\/fr\\\/?p=5896#respond\"]}]},{\"@type\":\"WebPage\",\"@id\":\"https:\\\/\\\/radiomars.ma\\\/fr\\\/?p=5896\",\"url\":\"https:\\\/\\\/radiomars.ma\\\/fr\\\/?p=5896\",\"name\":\"Clap de fin : Lionel Messi annonce sa retraite internationale avec l'Argentine - RADIOMARS\",\"isPartOf\":{\"@id\":\"https:\\\/\\\/radiomars.ma\\\/fr\\\/#website\"},\"primaryImageOfPage\":{\"@id\":\"https:\\\/\\\/radiomars.ma\\\/fr\\\/?p=5896#primaryimage\"},\"image\":{\"@id\":\"https:\\\/\\\/radiomars.ma\\\/fr\\\/?p=5896#primaryimage\"},\"thumbnailUrl\":\"https:\\\/\\\/radiomars.ma\\\/fr\\\/wp-content\\\/uploads\\\/2026\\\/08\\\/64f07.jpg\",\"datePublished\":\"2026-08-31T15:31:48+00:00\",\"author\":{\"@id\":\"https:\\\/\\\/radiomars.ma\\\/fr\\\/#\\\/schema\\\/person\\\/3c84279e0c82d50196b7b9eaeb67f7df\"},\"breadcrumb\":{\"@id\":\"https:\\\/\\\/radiomars.ma\\\/fr\\\/?p=5896#breadcrumb\"},\"inLanguage\":\"fr-FR\",\"potentialAction\":[{\"@type\":\"ReadAction\",\"target\":[\"https:\\\/\\\/radiomars.ma\\\/fr\\\/?p=5896\"]}]},{\"@type\":\"ImageObject\",\"inLanguage\":\"fr-FR\",\"@id\":\"https:\\\/\\\/radiomars.ma\\\/fr\\\/?p=5896#primaryimage\",\"url\":\"https:\\\/\\\/radiomars.ma\\\/fr\\\/wp-content\\\/uploads\\\/2026\\\/08\\\/64f07.jpg\",\"contentUrl\":\"https:\\\/\\\/radiomars.ma\\\/fr\\\/wp-content\\\/uploads\\\/2026\\\/08\\\/64f07.jpg\",\"width\":828,\"height\":552},{\"@type\":\"BreadcrumbList\",\"@id\":\"https:\\\/\\\/radiomars.ma\\\/fr\\\/?p=5896#breadcrumb\",\"itemListElement\":[{\"@type\":\"ListItem\",\"position\":1,\"name\":\"Accueil\",\"item\":\"https:\\\/\\\/radiomars.ma\\\/fr\\\/\"},{\"@type\":\"ListItem\",\"position\":2,\"name\":\"Clap de fin : Lionel Messi annonce sa retraite internationale avec l&rsquo;Argentine\"}]},{\"@type\":\"WebSite\",\"@id\":\"https:\\\/\\\/radiomars.ma\\\/fr\\\/#website\",\"url\":\"https:\\\/\\\/radiomars.ma\\\/fr\\\/\",\"name\":\"RADIOMARS\",\"description\":\"\",\"potentialAction\":[{\"@type\":\"SearchAction\",\"target\":{\"@type\":\"EntryPoint\",\"urlTemplate\":\"https:\\\/\\\/radiomars.ma\\\/fr\\\/?s={search_term_string}\"},\"query-input\":{\"@type\":\"PropertyValueSpecification\",\"valueRequired\":true,\"valueName\":\"search_term_string\"}}],\"inLanguage\":\"fr-FR\"},{\"@type\":\"Person\",\"@id\":\"https:\\\/\\\/radiomars.ma\\\/fr\\\/#\\\/schema\\\/person\\\/3c84279e0c82d50196b7b9eaeb67f7df\",\"name\":\"Amine Birouk\",\"image\":{\"@type\":\"ImageObject\",\"inLanguage\":\"fr-FR\",\"@id\":\"https:\\\/\\\/secure.gravatar.com\\\/avatar\\\/980362d30b99e5f165da95d8182ab3d998bbd98c95f5200d1e5670c03c19cb38?s=96&d=mm&r=g\",\"url\":\"https:\\\/\\\/secure.gravatar.com\\\/avatar\\\/980362d30b99e5f165da95d8182ab3d998bbd98c95f5200d1e5670c03c19cb38?s=96&d=mm&r=g\",\"contentUrl\":\"https:\\\/\\\/secure.gravatar.com\\\/avatar\\\/980362d30b99e5f165da95d8182ab3d998bbd98c95f5200d1e5670c03c19cb38?s=96&d=mm&r=g\",\"caption\":\"Amine Birouk\"},\"url\":\"https:\\\/\\\/radiomars.ma\\\/fr\\\/?author=3\"}]}<\/script>\n<!-- \/ Yoast SEO plugin. -->","yoast_head_json":{"title":"Clap de fin : Lionel Messi annonce sa retraite internationale avec l'Argentine - RADIOMARS","robots":{"index":"index","follow":"follow","max-snippet":"max-snippet:-1","max-image-preview":"max-image-preview:large","max-video-preview":"max-video-preview:-1"},"canonical":"https:\/\/radiomars.ma\/fr\/?p=5896","og_locale":"fr_FR","og_type":"article","og_title":"Clap de fin : Lionel Messi annonce sa retraite internationale avec l'Argentine - RADIOMARS","og_description":"\u200bC&rsquo;est un v\u00e9ritable s\u00e9isme sur la plan\u00e8te football. Apr\u00e8s plus de 200 s\u00e9lections et une carri\u00e8re l\u00e9gendaire sous le maillot de l&rsquo;Albiceleste, Lionel Messi a officialis\u00e9 son d\u00e9part de l&rsquo;\u00e9quipe nationale d&rsquo;Argentine \u00e0 travers un message publi\u00e9 sur ses r\u00e9seaux sociaux. \u200bLe capitaine embl\u00e9matique argentin met un terme \u00e0 un parcours international monumentale marqu\u00e9 notamment [&hellip;]","og_url":"https:\/\/radiomars.ma\/fr\/?p=5896","og_site_name":"RADIOMARS","article_published_time":"2026-08-31T15:31:48+00:00","og_image":[{"width":828,"height":552,"url":"https:\/\/radiomars.ma\/fr\/wp-content\/uploads\/2026\/08\/64f07.jpg","type":"image\/jpeg"}],"author":"Amine Birouk","twitter_card":"summary_large_image","twitter_misc":{"\u00c9crit par":"Amine Birouk","Dur\u00e9e de lecture estim\u00e9e":"1 minute"},"schema":{"@context":"https:\/\/schema.org","@graph":[{"@type":"Article","@id":"https:\/\/radiomars.ma\/fr\/?p=5896#article","isPartOf":{"@id":"https:\/\/radiomars.ma\/fr\/?p=5896"},"author":{"name":"Amine Birouk","@id":"https:\/\/radiomars.ma\/fr\/#\/schema\/person\/3c84279e0c82d50196b7b9eaeb67f7df"},"headline":"Clap de fin : Lionel Messi annonce sa retraite internationale avec l&rsquo;Argentine","datePublished":"2026-08-31T15:31:48+00:00","mainEntityOfPage":{"@id":"https:\/\/radiomars.ma\/fr\/?p=5896"},"wordCount":108,"commentCount":0,"image":{"@id":"https:\/\/radiomars.ma\/fr\/?p=5896#primaryimage"},"thumbnailUrl":"https:\/\/radiomars.ma\/fr\/wp-content\/uploads\/2026\/08\/64f07.jpg","keywords":["argentine","Lionel Messi"],"articleSection":["flash","L'INTERNATIONALE","slider","Top spots"],"inLanguage":"fr-FR","potentialAction":[{"@type":"CommentAction","name":"Comment","target":["https:\/\/radiomars.ma\/fr\/?p=5896#respond"]}]},{"@type":"WebPage","@id":"https:\/\/radiomars.ma\/fr\/?p=5896","url":"https:\/\/radiomars.ma\/fr\/?p=5896","name":"Clap de fin : Lionel Messi annonce sa retraite internationale avec l'Argentine - RADIOMARS","isPartOf":{"@id":"https:\/\/radiomars.ma\/fr\/#website"},"primaryImageOfPage":{"@id":"https:\/\/radiomars.ma\/fr\/?p=5896#primaryimage"},"image":{"@id":"https:\/\/radiomars.ma\/fr\/?p=5896#primaryimage"},"thumbnailUrl":"https:\/\/radiomars.ma\/fr\/wp-content\/uploads\/2026\/08\/64f07.jpg","datePublished":"2026-08-31T15:31:48+00:00","author":{"@id":"https:\/\/radiomars.ma\/fr\/#\/schema\/person\/3c84279e0c82d50196b7b9eaeb67f7df"},"breadcrumb":{"@id":"https:\/\/radiomars.ma\/fr\/?p=5896#breadcrumb"},"inLanguage":"fr-FR","potentialAction":[{"@type":"ReadAction","target":["https:\/\/radiomars.ma\/fr\/?p=5896"]}]},{"@type":"ImageObject","inLanguage":"fr-FR","@id":"https:\/\/radiomars.ma\/fr\/?p=5896#primaryimage","url":"https:\/\/radiomars.ma\/fr\/wp-content\/uploads\/2026\/08\/64f07.jpg","contentUrl":"https:\/\/radiomars.ma\/fr\/wp-content\/uploads\/2026\/08\/64f07.jpg","width":828,"height":552},{"@type":"BreadcrumbList","@id":"https:\/\/radiomars.ma\/fr\/?p=5896#breadcrumb","itemListElement":[{"@type":"ListItem","position":1,"name":"Accueil","item":"https:\/\/radiomars.ma\/fr\/"},{"@type":"ListItem","position":2,"name":"Clap de fin : Lionel Messi annonce sa retraite internationale avec l&rsquo;Argentine"}]},{"@type":"WebSite","@id":"https:\/\/radiomars.ma\/fr\/#website","url":"https:\/\/radiomars.ma\/fr\/","name":"RADIOMARS","description":"","potentialAction":[{"@type":"SearchAction","target":{"@type":"EntryPoint","urlTemplate":"https:\/\/radiomars.ma\/fr\/?s={search_term_string}"},"query-input":{"@type":"PropertyValueSpecification","valueRequired":true,"valueName":"search_term_string"}}],"inLanguage":"fr-FR"},{"@type":"Person","@id":"https:\/\/radiomars.ma\/fr\/#\/schema\/person\/3c84279e0c82d50196b7b9eaeb67f7df","name":"Amine Birouk","image":{"@type":"ImageObject","inLanguage":"fr-FR","@id":"https:\/\/secure.gravatar.com\/avatar\/980362d30b99e5f165da95d8182ab3d998bbd98c95f5200d1e5670c03c19cb38?s=96&d=mm&r=g","url":"https:\/\/secure.gravatar.com\/avatar\/980362d30b99e5f165da95d8182ab3d998bbd98c95f5200d1e5670c03c19cb38?s=96&d=mm&r=g","contentUrl":"https:\/\/secure.gravatar.com\/avatar\/980362d30b99e5f165da95d8182ab3d998bbd98c95f5200d1e5670c03c19cb38?s=96&d=mm&r=g","caption":"Amine Birouk"},"url":"https:\/\/radiomars.ma\/fr\/?author=3"}]}},"_links":{"self":[{"href":"https:\/\/radiomars.ma\/fr\/index.php?rest_route=\/wp\/v2\/posts\/5896","targetHints":{"allow":["GET"]}}],"collection":[{"href":"https:\/\/radiomars.ma\/fr\/index.php?rest_route=\/wp\/v2\/posts"}],"about":[{"href":"https:\/\/radiomars.ma\/fr\/index.php?rest_route=\/wp\/v2\/types\/post"}],"author":[{"embeddable":true,"href":"https:\/\/radiomars.ma\/fr\/index.php?rest_route=\/wp\/v2\/users\/3"}],"replies":[{"embeddable":true,"href":"https:\/\/radiomars.ma\/fr\/index.php?rest_route=%2Fwp%2Fv2%2Fcomments&post=5896"}],"version-history":[{"count":1,"href":"https:\/\/radiomars.ma\/fr\/index.php?rest_route=\/wp\/v2\/posts\/5896\/revisions"}],"predecessor-version":[{"id":5898,"href":"https:\/\/radiomars.ma\/fr\/index.php?rest_route=\/wp\/v2\/posts\/5896\/revisions\/5898"}],"wp:featuredmedia":[{"embeddable":true,"href":"https:\/\/radiomars.ma\/fr\/index.php?rest_route=\/wp\/v2\/media\/5897"}],"wp:attachment":[{"href":"https:\/\/radiomars.ma\/fr\/index.php?rest_route=%2Fwp%2Fv2%2Fmedia&parent=5896"}],"wp:term":[{"taxonomy":"category","embeddable":true,"href":"https:\/\/radiomars.ma\/fr\/index.php?rest_route=%2Fwp%2Fv2%2Fcategories&post=5896"},{"taxonomy":"post_tag","embeddable":true,"href":"https:\/\/radiomars.ma\/fr\/index.php?rest_route=%2Fwp%2Fv2%2Ftags&post=5896"}],"curies":[{"name":"wp","href":"https:\/\/api.w.org\/{rel}","templated":true}]}}