{"id":5899,"date":"2026-08-31T20:28:00","date_gmt":"2026-08-31T18:28:00","guid":{"rendered":"https:\/\/radiomars.ma\/fr\/?p=5899"},"modified":"2026-08-31T20:28:00","modified_gmt":"2026-08-31T18:28:00","slug":"el-aynaoui-bientot-a-leipzig-gasperini-justifie-son-depart-de-la-roma","status":"publish","type":"post","link":"https:\/\/radiomars.ma\/fr\/?p=5899","title":{"rendered":"El Aynaoui bient\u00f4t \u00e0 Leipzig : Gasperini justifie son d\u00e9part de la Roma"},"content":{"rendered":"<p>L&rsquo;officialisation du d\u00e9part de Neil El Aynaoui de l&rsquo;AS Roma ne devrait plus tarder. Le Lion de l&rsquo;Atlas est annonc\u00e9 du c\u00f4t\u00e9 du RB Leipzig, sous forme de pr\u00eat, selon les sp\u00e9cialistes du mercato et la presse italienne.<\/p>\n<p>En conf\u00e9rence de presse d&rsquo;avant-match face \u00e0 Lecce, l&rsquo;entra\u00eeneur de la Roma, Gian Piero Gasperini, est revenu sur les raisons de ce d\u00e9part, alors que le milieu marocain avait pourtant bien d\u00e9but\u00e9 sa saison selon lui : \u00ab El Aynaoui a tr\u00e8s bien jou\u00e9 jusqu&rsquo;en d\u00e9cembre. Ensuite, il a d\u00fb disputer la Coupe d&rsquo;Afrique des nations. \u00c0 son retour, il a eu du mal, il a un peu souffert. Peut-\u00eatre aussi qu&rsquo;apr\u00e8s le Mondial, les attentes sont devenues tr\u00e8s importantes. \u00bb<\/p>\n<p>\u00c9voquant la mont\u00e9e en puissance de Pisilli, la r\u00e9gularit\u00e9 de Cristante et la force de Kon\u00e9 dans l&rsquo;entrejeu romain, le technicien italien a estim\u00e9 qu&rsquo;El Aynaoui \u00ab avait peut-\u00eatre envie de vivre une exp\u00e9rience plus importante \u00bb.<\/p>\n<p>Pour Gasperini, ce d\u00e9part sous forme de pr\u00eat vers Leipzig, o\u00f9 le joueur est annonc\u00e9 avec insistance, constituerait \u00ab une excellente solution, qui nous permet \u00e9galement de faire d&rsquo;autres choses \u00bb. L&rsquo;officialisation de l&rsquo;op\u00e9ration est attendue dans les prochaines heures, \u00e0 quelques jours de la cl\u00f4ture du mercato estival. Le pr\u00eat serait fix\u00e9 \u00e0 4 millions d&rsquo;euros, assorti d&rsquo;une option d&rsquo;achat de 25 millions d&rsquo;euros et d&rsquo;un pourcentage \u00e0 la revente.<\/p>\n","protected":false},"excerpt":{"rendered":"<p>L&rsquo;officialisation du d\u00e9part de Neil El Aynaoui de l&rsquo;AS Roma ne devrait plus tarder. Le Lion de l&rsquo;Atlas est annonc\u00e9 du c\u00f4t\u00e9 du RB Leipzig, sous forme de pr\u00eat, selon les sp\u00e9cialistes du mercato et la presse italienne. En conf\u00e9rence de presse d&rsquo;avant-match face \u00e0 Lecce, l&rsquo;entra\u00eeneur de la Roma, Gian Piero Gasperini, est revenu [&hellip;]<\/p>\n","protected":false},"author":3,"featured_media":5864,"comment_status":"open","ping_status":"open","sticky":false,"template":"","format":"standard","meta":{"footnotes":""},"categories":[52,33,31,48,47],"tags":[1087,1086,272],"class_list":["post-5899","post","type-post","status-publish","format-standard","has-post-thumbnail","category-flash","category-linternationales","category-nos-lions","category-slider","category-top-spots","tag-as-roma","tag-gian-piero-gasperini","tag-neil-el-aynaoui"],"yoast_head":"<!-- This site is optimized with the Yoast SEO plugin v27.6 - https:\/\/yoast.com\/product\/yoast-seo-wordpress\/ -->\n<title>El Aynaoui bient\u00f4t \u00e0 Leipzig : Gasperini justifie son d\u00e9part de la Roma - RADIOMARS<\/title>\n<meta name=\"robots\" content=\"index, follow, max-snippet:-1, max-image-preview:large, max-video-preview:-1\" \/>\n<link rel=\"canonical\" href=\"https:\/\/radiomars.ma\/fr\/?p=5899\" \/>\n<meta property=\"og:locale\" content=\"fr_FR\" \/>\n<meta property=\"og:type\" content=\"article\" \/>\n<meta property=\"og:title\" content=\"El Aynaoui bient\u00f4t \u00e0 Leipzig : Gasperini justifie son d\u00e9part de la Roma - RADIOMARS\" \/>\n<meta property=\"og:description\" content=\"L&rsquo;officialisation du d\u00e9part de Neil El Aynaoui de l&rsquo;AS Roma ne devrait plus tarder. Le Lion de l&rsquo;Atlas est annonc\u00e9 du c\u00f4t\u00e9 du RB Leipzig, sous forme de pr\u00eat, selon les sp\u00e9cialistes du mercato et la presse italienne. En conf\u00e9rence de presse d&rsquo;avant-match face \u00e0 Lecce, l&rsquo;entra\u00eeneur de la Roma, Gian Piero Gasperini, est revenu [&hellip;]\" \/>\n<meta property=\"og:url\" content=\"https:\/\/radiomars.ma\/fr\/?p=5899\" \/>\n<meta property=\"og:site_name\" content=\"RADIOMARS\" \/>\n<meta property=\"article:published_time\" content=\"2026-08-31T18:28:00+00:00\" \/>\n<meta property=\"og:image\" content=\"https:\/\/radiomars.ma\/fr\/wp-content\/uploads\/2026\/08\/el-aynaoui.webp\" \/>\n\t<meta property=\"og:image:width\" content=\"642\" \/>\n\t<meta property=\"og:image:height\" content=\"382\" \/>\n\t<meta property=\"og:image:type\" content=\"image\/webp\" \/>\n<meta name=\"author\" content=\"Amine Birouk\" \/>\n<meta name=\"twitter:card\" content=\"summary_large_image\" \/>\n<meta name=\"twitter:label1\" content=\"\u00c9crit par\" \/>\n\t<meta name=\"twitter:data1\" content=\"Amine Birouk\" \/>\n\t<meta name=\"twitter:label2\" content=\"Dur\u00e9e de lecture estim\u00e9e\" \/>\n\t<meta name=\"twitter:data2\" content=\"2 minutes\" \/>\n<script type=\"application\/ld+json\" class=\"yoast-schema-graph\">{\"@context\":\"https:\\\/\\\/schema.org\",\"@graph\":[{\"@type\":\"Article\",\"@id\":\"https:\\\/\\\/radiomars.ma\\\/fr\\\/?p=5899#article\",\"isPartOf\":{\"@id\":\"https:\\\/\\\/radiomars.ma\\\/fr\\\/?p=5899\"},\"author\":{\"name\":\"Amine Birouk\",\"@id\":\"https:\\\/\\\/radiomars.ma\\\/fr\\\/#\\\/schema\\\/person\\\/3c84279e0c82d50196b7b9eaeb67f7df\"},\"headline\":\"El Aynaoui bient\u00f4t \u00e0 Leipzig : Gasperini justifie son d\u00e9part de la Roma\",\"datePublished\":\"2026-08-31T18:28:00+00:00\",\"mainEntityOfPage\":{\"@id\":\"https:\\\/\\\/radiomars.ma\\\/fr\\\/?p=5899\"},\"wordCount\":266,\"commentCount\":0,\"image\":{\"@id\":\"https:\\\/\\\/radiomars.ma\\\/fr\\\/?p=5899#primaryimage\"},\"thumbnailUrl\":\"https:\\\/\\\/radiomars.ma\\\/fr\\\/wp-content\\\/uploads\\\/2026\\\/08\\\/el-aynaoui.webp\",\"keywords\":[\"AS Roma\",\"Gian Piero Gasperini\",\"Neil El Aynaoui\"],\"articleSection\":[\"flash\",\"L'INTERNATIONALE\",\"NOS LIONS\",\"slider\",\"Top spots\"],\"inLanguage\":\"fr-FR\",\"potentialAction\":[{\"@type\":\"CommentAction\",\"name\":\"Comment\",\"target\":[\"https:\\\/\\\/radiomars.ma\\\/fr\\\/?p=5899#respond\"]}]},{\"@type\":\"WebPage\",\"@id\":\"https:\\\/\\\/radiomars.ma\\\/fr\\\/?p=5899\",\"url\":\"https:\\\/\\\/radiomars.ma\\\/fr\\\/?p=5899\",\"name\":\"El Aynaoui bient\u00f4t \u00e0 Leipzig : Gasperini justifie son d\u00e9part de la Roma - RADIOMARS\",\"isPartOf\":{\"@id\":\"https:\\\/\\\/radiomars.ma\\\/fr\\\/#website\"},\"primaryImageOfPage\":{\"@id\":\"https:\\\/\\\/radiomars.ma\\\/fr\\\/?p=5899#primaryimage\"},\"image\":{\"@id\":\"https:\\\/\\\/radiomars.ma\\\/fr\\\/?p=5899#primaryimage\"},\"thumbnailUrl\":\"https:\\\/\\\/radiomars.ma\\\/fr\\\/wp-content\\\/uploads\\\/2026\\\/08\\\/el-aynaoui.webp\",\"datePublished\":\"2026-08-31T18:28:00+00:00\",\"author\":{\"@id\":\"https:\\\/\\\/radiomars.ma\\\/fr\\\/#\\\/schema\\\/person\\\/3c84279e0c82d50196b7b9eaeb67f7df\"},\"breadcrumb\":{\"@id\":\"https:\\\/\\\/radiomars.ma\\\/fr\\\/?p=5899#breadcrumb\"},\"inLanguage\":\"fr-FR\",\"potentialAction\":[{\"@type\":\"ReadAction\",\"target\":[\"https:\\\/\\\/radiomars.ma\\\/fr\\\/?p=5899\"]}]},{\"@type\":\"ImageObject\",\"inLanguage\":\"fr-FR\",\"@id\":\"https:\\\/\\\/radiomars.ma\\\/fr\\\/?p=5899#primaryimage\",\"url\":\"https:\\\/\\\/radiomars.ma\\\/fr\\\/wp-content\\\/uploads\\\/2026\\\/08\\\/el-aynaoui.webp\",\"contentUrl\":\"https:\\\/\\\/radiomars.ma\\\/fr\\\/wp-content\\\/uploads\\\/2026\\\/08\\\/el-aynaoui.webp\",\"width\":642,\"height\":382},{\"@type\":\"BreadcrumbList\",\"@id\":\"https:\\\/\\\/radiomars.ma\\\/fr\\\/?p=5899#breadcrumb\",\"itemListElement\":[{\"@type\":\"ListItem\",\"position\":1,\"name\":\"Accueil\",\"item\":\"https:\\\/\\\/radiomars.ma\\\/fr\\\/\"},{\"@type\":\"ListItem\",\"position\":2,\"name\":\"El Aynaoui bient\u00f4t \u00e0 Leipzig : Gasperini justifie son d\u00e9part de la Roma\"}]},{\"@type\":\"WebSite\",\"@id\":\"https:\\\/\\\/radiomars.ma\\\/fr\\\/#website\",\"url\":\"https:\\\/\\\/radiomars.ma\\\/fr\\\/\",\"name\":\"RADIOMARS\",\"description\":\"\",\"potentialAction\":[{\"@type\":\"SearchAction\",\"target\":{\"@type\":\"EntryPoint\",\"urlTemplate\":\"https:\\\/\\\/radiomars.ma\\\/fr\\\/?s={search_term_string}\"},\"query-input\":{\"@type\":\"PropertyValueSpecification\",\"valueRequired\":true,\"valueName\":\"search_term_string\"}}],\"inLanguage\":\"fr-FR\"},{\"@type\":\"Person\",\"@id\":\"https:\\\/\\\/radiomars.ma\\\/fr\\\/#\\\/schema\\\/person\\\/3c84279e0c82d50196b7b9eaeb67f7df\",\"name\":\"Amine Birouk\",\"image\":{\"@type\":\"ImageObject\",\"inLanguage\":\"fr-FR\",\"@id\":\"https:\\\/\\\/secure.gravatar.com\\\/avatar\\\/980362d30b99e5f165da95d8182ab3d998bbd98c95f5200d1e5670c03c19cb38?s=96&d=mm&r=g\",\"url\":\"https:\\\/\\\/secure.gravatar.com\\\/avatar\\\/980362d30b99e5f165da95d8182ab3d998bbd98c95f5200d1e5670c03c19cb38?s=96&d=mm&r=g\",\"contentUrl\":\"https:\\\/\\\/secure.gravatar.com\\\/avatar\\\/980362d30b99e5f165da95d8182ab3d998bbd98c95f5200d1e5670c03c19cb38?s=96&d=mm&r=g\",\"caption\":\"Amine Birouk\"},\"url\":\"https:\\\/\\\/radiomars.ma\\\/fr\\\/?author=3\"}]}<\/script>\n<!-- \/ Yoast SEO plugin. -->","yoast_head_json":{"title":"El Aynaoui bient\u00f4t \u00e0 Leipzig : Gasperini justifie son d\u00e9part de la Roma - RADIOMARS","robots":{"index":"index","follow":"follow","max-snippet":"max-snippet:-1","max-image-preview":"max-image-preview:large","max-video-preview":"max-video-preview:-1"},"canonical":"https:\/\/radiomars.ma\/fr\/?p=5899","og_locale":"fr_FR","og_type":"article","og_title":"El Aynaoui bient\u00f4t \u00e0 Leipzig : Gasperini justifie son d\u00e9part de la Roma - RADIOMARS","og_description":"L&rsquo;officialisation du d\u00e9part de Neil El Aynaoui de l&rsquo;AS Roma ne devrait plus tarder. Le Lion de l&rsquo;Atlas est annonc\u00e9 du c\u00f4t\u00e9 du RB Leipzig, sous forme de pr\u00eat, selon les sp\u00e9cialistes du mercato et la presse italienne. En conf\u00e9rence de presse d&rsquo;avant-match face \u00e0 Lecce, l&rsquo;entra\u00eeneur de la Roma, Gian Piero Gasperini, est revenu [&hellip;]","og_url":"https:\/\/radiomars.ma\/fr\/?p=5899","og_site_name":"RADIOMARS","article_published_time":"2026-08-31T18:28:00+00:00","og_image":[{"width":642,"height":382,"url":"https:\/\/radiomars.ma\/fr\/wp-content\/uploads\/2026\/08\/el-aynaoui.webp","type":"image\/webp"}],"author":"Amine Birouk","twitter_card":"summary_large_image","twitter_misc":{"\u00c9crit par":"Amine Birouk","Dur\u00e9e de lecture estim\u00e9e":"2 minutes"},"schema":{"@context":"https:\/\/schema.org","@graph":[{"@type":"Article","@id":"https:\/\/radiomars.ma\/fr\/?p=5899#article","isPartOf":{"@id":"https:\/\/radiomars.ma\/fr\/?p=5899"},"author":{"name":"Amine Birouk","@id":"https:\/\/radiomars.ma\/fr\/#\/schema\/person\/3c84279e0c82d50196b7b9eaeb67f7df"},"headline":"El Aynaoui bient\u00f4t \u00e0 Leipzig : Gasperini justifie son d\u00e9part de la Roma","datePublished":"2026-08-31T18:28:00+00:00","mainEntityOfPage":{"@id":"https:\/\/radiomars.ma\/fr\/?p=5899"},"wordCount":266,"commentCount":0,"image":{"@id":"https:\/\/radiomars.ma\/fr\/?p=5899#primaryimage"},"thumbnailUrl":"https:\/\/radiomars.ma\/fr\/wp-content\/uploads\/2026\/08\/el-aynaoui.webp","keywords":["AS Roma","Gian Piero Gasperini","Neil El Aynaoui"],"articleSection":["flash","L'INTERNATIONALE","NOS LIONS","slider","Top spots"],"inLanguage":"fr-FR","potentialAction":[{"@type":"CommentAction","name":"Comment","target":["https:\/\/radiomars.ma\/fr\/?p=5899#respond"]}]},{"@type":"WebPage","@id":"https:\/\/radiomars.ma\/fr\/?p=5899","url":"https:\/\/radiomars.ma\/fr\/?p=5899","name":"El Aynaoui bient\u00f4t \u00e0 Leipzig : Gasperini justifie son d\u00e9part de la Roma - RADIOMARS","isPartOf":{"@id":"https:\/\/radiomars.ma\/fr\/#website"},"primaryImageOfPage":{"@id":"https:\/\/radiomars.ma\/fr\/?p=5899#primaryimage"},"image":{"@id":"https:\/\/radiomars.ma\/fr\/?p=5899#primaryimage"},"thumbnailUrl":"https:\/\/radiomars.ma\/fr\/wp-content\/uploads\/2026\/08\/el-aynaoui.webp","datePublished":"2026-08-31T18:28:00+00:00","author":{"@id":"https:\/\/radiomars.ma\/fr\/#\/schema\/person\/3c84279e0c82d50196b7b9eaeb67f7df"},"breadcrumb":{"@id":"https:\/\/radiomars.ma\/fr\/?p=5899#breadcrumb"},"inLanguage":"fr-FR","potentialAction":[{"@type":"ReadAction","target":["https:\/\/radiomars.ma\/fr\/?p=5899"]}]},{"@type":"ImageObject","inLanguage":"fr-FR","@id":"https:\/\/radiomars.ma\/fr\/?p=5899#primaryimage","url":"https:\/\/radiomars.ma\/fr\/wp-content\/uploads\/2026\/08\/el-aynaoui.webp","contentUrl":"https:\/\/radiomars.ma\/fr\/wp-content\/uploads\/2026\/08\/el-aynaoui.webp","width":642,"height":382},{"@type":"BreadcrumbList","@id":"https:\/\/radiomars.ma\/fr\/?p=5899#breadcrumb","itemListElement":[{"@type":"ListItem","position":1,"name":"Accueil","item":"https:\/\/radiomars.ma\/fr\/"},{"@type":"ListItem","position":2,"name":"El Aynaoui bient\u00f4t \u00e0 Leipzig : Gasperini justifie son d\u00e9part de la Roma"}]},{"@type":"WebSite","@id":"https:\/\/radiomars.ma\/fr\/#website","url":"https:\/\/radiomars.ma\/fr\/","name":"RADIOMARS","description":"","potentialAction":[{"@type":"SearchAction","target":{"@type":"EntryPoint","urlTemplate":"https:\/\/radiomars.ma\/fr\/?s={search_term_string}"},"query-input":{"@type":"PropertyValueSpecification","valueRequired":true,"valueName":"search_term_string"}}],"inLanguage":"fr-FR"},{"@type":"Person","@id":"https:\/\/radiomars.ma\/fr\/#\/schema\/person\/3c84279e0c82d50196b7b9eaeb67f7df","name":"Amine Birouk","image":{"@type":"ImageObject","inLanguage":"fr-FR","@id":"https:\/\/secure.gravatar.com\/avatar\/980362d30b99e5f165da95d8182ab3d998bbd98c95f5200d1e5670c03c19cb38?s=96&d=mm&r=g","url":"https:\/\/secure.gravatar.com\/avatar\/980362d30b99e5f165da95d8182ab3d998bbd98c95f5200d1e5670c03c19cb38?s=96&d=mm&r=g","contentUrl":"https:\/\/secure.gravatar.com\/avatar\/980362d30b99e5f165da95d8182ab3d998bbd98c95f5200d1e5670c03c19cb38?s=96&d=mm&r=g","caption":"Amine Birouk"},"url":"https:\/\/radiomars.ma\/fr\/?author=3"}]}},"_links":{"self":[{"href":"https:\/\/radiomars.ma\/fr\/index.php?rest_route=\/wp\/v2\/posts\/5899","targetHints":{"allow":["GET"]}}],"collection":[{"href":"https:\/\/radiomars.ma\/fr\/index.php?rest_route=\/wp\/v2\/posts"}],"about":[{"href":"https:\/\/radiomars.ma\/fr\/index.php?rest_route=\/wp\/v2\/types\/post"}],"author":[{"embeddable":true,"href":"https:\/\/radiomars.ma\/fr\/index.php?rest_route=\/wp\/v2\/users\/3"}],"replies":[{"embeddable":true,"href":"https:\/\/radiomars.ma\/fr\/index.php?rest_route=%2Fwp%2Fv2%2Fcomments&post=5899"}],"version-history":[{"count":1,"href":"https:\/\/radiomars.ma\/fr\/index.php?rest_route=\/wp\/v2\/posts\/5899\/revisions"}],"predecessor-version":[{"id":5900,"href":"https:\/\/radiomars.ma\/fr\/index.php?rest_route=\/wp\/v2\/posts\/5899\/revisions\/5900"}],"wp:featuredmedia":[{"embeddable":true,"href":"https:\/\/radiomars.ma\/fr\/index.php?rest_route=\/wp\/v2\/media\/5864"}],"wp:attachment":[{"href":"https:\/\/radiomars.ma\/fr\/index.php?rest_route=%2Fwp%2Fv2%2Fmedia&parent=5899"}],"wp:term":[{"taxonomy":"category","embeddable":true,"href":"https:\/\/radiomars.ma\/fr\/index.php?rest_route=%2Fwp%2Fv2%2Fcategories&post=5899"},{"taxonomy":"post_tag","embeddable":true,"href":"https:\/\/radiomars.ma\/fr\/index.php?rest_route=%2Fwp%2Fv2%2Ftags&post=5899"}],"curies":[{"name":"wp","href":"https:\/\/api.w.org\/{rel}","templated":true}]}}