{"id":5901,"date":"2026-08-31T21:35:37","date_gmt":"2026-08-31T19:35:37","guid":{"rendered":"https:\/\/radiomars.ma\/fr\/?p=5901"},"modified":"2026-08-31T20:40:13","modified_gmt":"2026-08-31T18:40:13","slug":"regragui-se-livre-sans-filtre-can-2025-ziyech-lamine-yamal-ses-verites","status":"publish","type":"post","link":"https:\/\/radiomars.ma\/fr\/?p=5901","title":{"rendered":"Regragui se livre sans filtre : CAN 2025, Ziyech, Lamine Yamal&#8230; ses v\u00e9rit\u00e9s"},"content":{"rendered":"<p>Cinq mois apr\u00e8s avoir quitt\u00e9 le banc des Lions de l&rsquo;Atlas, qu&rsquo;il a conduits jusqu&rsquo;en demi-finale du Mondial 2022 au Qatar puis \u00e0 une CAN 2025 remport\u00e9e \u00e0 domicile, Walid Regragui s&rsquo;est livr\u00e9 dans un entretien fleuve accord\u00e9 \u00e0 la cha\u00eene qatarie Atheer. Origines, attachement au Maroc, philosophie de vie, d\u00e9buts de carri\u00e8re, pression du m\u00e9tier de s\u00e9lectionneur&#8230; l&rsquo;ancien coach national passe en revue l&rsquo;ensemble de son parcours, tout en s&rsquo;attardant sur les dossiers les plus sensibles de son mandat.<\/p>\n<p><strong>\u00ab Nous avons fait un match moyen, et la pression a commenc\u00e9\u00a0\u00bb\u2014 sur la CAN 2023<\/strong><\/p>\n<p>Interrog\u00e9 d&rsquo;abord sur la CAN 2023 en C\u00f4te d&rsquo;Ivoire, disput\u00e9e huit mois apr\u00e8s l&rsquo;exploit du Mondial 2022, Regragui ne la consid\u00e8re pas comme une r\u00e9ussite. Pour lui, tout s&rsquo;est jou\u00e9 d\u00e8s le premier match, perdu face au futur champion d&rsquo;Afrique, sur ses terres : \u00ab Nous avions fait un match moyen face au futur champion d&rsquo;Afrique, chez lui. Et la pression a commenc\u00e9. \u00bb<\/p>\n<p>Il r\u00e9v\u00e8le avoir envisag\u00e9 de partir d\u00e8s l&rsquo;\u00e9limination du Maroc : \u00ab J&rsquo;avais d\u00e9j\u00e0 pos\u00e9 la d\u00e9mission apr\u00e8s l&rsquo;\u00e9limination, car je n&rsquo;avais pas les demi-finales comme je le souhaitais. \u00bb C&rsquo;est le pr\u00e9sident de la FRMF, Fouzi Lekjaa, qui l&rsquo;en a dissuad\u00e9 : \u00ab Il m&rsquo;a dit : \u00ab\u00a0Tu n&rsquo;as pas termin\u00e9 ton travail.\u00a0\u00bb Et je l&rsquo;en remercie. Il avait raison. \u00bb<\/p>\n<p><strong>\u00ab Pour moi, j&rsquo;ai gagn\u00e9 la CAN \u00bb \u2014 la finale 2025 diss\u00e9qu\u00e9e<\/strong><\/p>\n<p>Sur la finale de la CAN 2025, perdue face au S\u00e9n\u00e9gal, Regragui revendique une performance collective de tr\u00e8s haut niveau, malgr\u00e9 la d\u00e9faite : \u00ab On a fait une bonne comp\u00e9tition. Les joueurs ont tout donn\u00e9. Nous \u00e9tions une des meilleures \u00e9quipes, voire la meilleure. On a fait des matchs au niveau, contre le Cameroun, le Nigeria, qui est pour moi une des meilleures \u00e9quipes de la comp\u00e9tition. L&rsquo;\u00e9tat d&rsquo;esprit \u00e9tait l\u00e0. \u00bb<br \/>\nIl revient longuement sur l&rsquo;\u00e9pisode qui a marqu\u00e9 la rencontre : le penalty manqu\u00e9 par Brahim Diaz \u00e0 la 90e minute, survenu apr\u00e8s un arr\u00eat de jeu de 15 minutes provoqu\u00e9 par la d\u00e9cision du s\u00e9lectionneur s\u00e9n\u00e9galais Pape Thiaw de faire sortir ses joueurs du terrain, suite \u00e0 une d\u00e9cision arbitrale contest\u00e9e. Un geste que Regragui juge clairement anormal, et qu&rsquo;il n&rsquo;a pas manqu\u00e9 de signaler \u00e0 son homologue sur le moment : \u00ab Ce n&rsquo;\u00e9tait pas normal. Je lui ai dit \u00e0 la fin du match que ce qu&rsquo;il avait fait, \u00e7a ne se faisait pas dans le football. Il ne voulait pas parler, il \u00e9tait parti dans un d\u00e9lire qui n&rsquo;\u00e9tait pas du football. Moi, je reste dans le football. \u00bb<br \/>\nPour l&rsquo;ancien s\u00e9lectionneur, cet arr\u00eat de jeu inhabituel a pu peser sur la suite du match : \u00ab Pour moi, tu as un penalty \u00e0 la 90e minute : tu marques, tu deviens champion d&rsquo;Afrique, que tu le veuilles ou non. Mais la question est : est-ce que le match s&rsquo;est jou\u00e9 de la m\u00eame mani\u00e8re apr\u00e8s l&rsquo;arr\u00eat de 15 minutes, suite au naufrage des joueurs s\u00e9n\u00e9galais sur le terrain ? \u00bb<br \/>\nIl \u00e9tablit un parall\u00e8le avec un autre penalty manqu\u00e9 \u00e0 retardement, celui de Kylian Mbapp\u00e9 face \u00e0 Yassine Bounou lors des quarts de finale du Mondial 2026 : \u00ab Mbapp\u00e9, quand il a rat\u00e9 le penalty face \u00e0 Bounou, il a demand\u00e9 \u00e0 l&rsquo;arbitre : \u00ab\u00a0J&rsquo;ai eu deux minutes, j&rsquo;ai commenc\u00e9 \u00e0 trop r\u00e9fl\u00e9chir.\u00a0\u00bb Alors, quelqu&rsquo;un qui a attendu 15 minutes pour une finale de Coupe d&rsquo;Afrique \u00e0 la maison, avec 60 000 personnes, est-ce que \u00e7a a \u00e9t\u00e9 b\u00e9n\u00e9fique pour le S\u00e9n\u00e9gal ou pour le Maroc ? \u00bb<br \/>\nIl pointe \u00e9galement une incoh\u00e9rence dans l&rsquo;attitude s\u00e9n\u00e9galaise, relev\u00e9e lors du Mondial 2026 : \u00ab \u00c0 la fin, le S\u00e9n\u00e9gal est all\u00e9 \u00e0 la Coupe du monde. Ils ont eu un penalty \u00e0 la fin d&rsquo;un match : pourquoi ne sont-ils pas sortis ? Parce qu&rsquo;il y a eu des sanctions avant qui les en ont emp\u00each\u00e9s. Et le penalty contre la Belgique \u00e9tait plus douteux contre eux que celui contre le Maroc lors de la CAN. \u00bb<br \/>\nSur l&rsquo;hypoth\u00e8se d&rsquo;un tir volontairement manqu\u00e9 par Brahim Diaz, Regragui est cat\u00e9gorique : \u00ab Non. Comment quelqu&rsquo;un qui a une CAN dans les mains va faire expr\u00e8s de la rater ? J&rsquo;ai parl\u00e9 \u00e0 Brahim une fois apr\u00e8s le match. Je lui ai dit : \u00ab\u00a0Tu vas apprendre de \u00e7a, de cette exp\u00e9rience, qui va te faire grandir en tant qu&rsquo;homme et joueur.\u00a0\u00bb \u00bb<br \/>\nCette soir\u00e9e aurait d&rsquo;ailleurs achev\u00e9 de le convaincre de partir : \u00ab La m\u00eame soir\u00e9e, j&rsquo;ai pens\u00e9 \u00e0 donner ma d\u00e9cision, m\u00eame avant. Je suis arriv\u00e9 \u00e0 une force o\u00f9 j&rsquo;aime tellement mon \u00e9quipe et mon pays que je savais que je devais partir apr\u00e8s. \u00bb Il conclut n\u00e9anmoins avec fiert\u00e9 : \u00ab Pour moi, j&rsquo;ai gagn\u00e9 la CAN, parce que m\u00eame avec la pression et tout ce qui s&rsquo;est pass\u00e9, nous \u00e9tions les meilleurs : la possession, l&rsquo;attitude, le niveau. \u00bb<\/p>\n<p><strong>Bouaddi, Lamine Yamal, Brahim Diaz : les coulisses du travail sur les binationaux<\/strong><\/p>\n<p>Regragui revient \u00e9galement sur son important travail de prospection men\u00e9 aupr\u00e8s des jeunes joueurs binationaux apr\u00e8s le Mondial 2022, \u00e0 travers de nombreux d\u00e9placements destin\u00e9s \u00e0 \u00e9largir la \u00ab base de donn\u00e9es \u00bb du Maroc.<br \/>\nSur Ayyoub Bouaddi, longtemps annonc\u00e9 comme tiraill\u00e9 entre la France et le Maroc, il assure que l&rsquo;accord du joueur avait en r\u00e9alit\u00e9 \u00e9t\u00e9 act\u00e9 un an avant son arriv\u00e9e effective en s\u00e9lection : \u00ab Il faut l&rsquo;accompagner. Il n&rsquo;avait que 16 ans. On s&rsquo;\u00e9tait mis d&rsquo;accord pour ne pas le freiner dans sa progression dans son club. \u00bb<br \/>\nConcernant Lamine Yamal, suivi par le staff marocain d\u00e8s l&rsquo;\u00e2ge de 14 ans dans le cadre d&rsquo;un travail de fond, Regragui reconna\u00eet que le jeune prodige a finalement choisi l&rsquo;Espagne, avec qui il a depuis remport\u00e9 la Coupe du monde et la Coupe d&rsquo;Europe : \u00ab M\u00eame si le projet \u00e9tait qu&rsquo;il allait jouer en \u00e9quipe premi\u00e8re avec le Maroc, qu&rsquo;il allait faire grandir le pays et qu&rsquo;il pouvait gagner le Ballon d&rsquo;Or, au final, il a choisi l&rsquo;Espagne. \u00c0 la fin, tu vois le r\u00e9sultat. C&rsquo;est son choix. Mais nous avons fait le travail n\u00e9cessaire pour le convaincre. \u00bb<br \/>\nUne d\u00e9marche similaire \u2014 d\u00e9placement, \u00e9change, conviction \u2014 a \u00e9t\u00e9 appliqu\u00e9e aux dossiers de Brahim Diaz, Adam Aznou, Ilias Akhomach et Neil El Aynaoui, la d\u00e9cision finale revenant toujours au joueur lui-m\u00eame.<\/p>\n<p><strong>\u00ab Je n&rsquo;ai jamais ressenti quelque chose de mal avec lui \u00bb \u2014 le cas Hakim Ziyech<\/strong><\/p>\n<p>Walid Regragui revient enfin sur l&rsquo;un des dossiers les plus comment\u00e9s de son mandat : le retour en s\u00e9lection de Hakim Ziyech, \u00e0 la veille du Mondial 2022, apr\u00e8s une p\u00e9riode d&rsquo;absence de la tani\u00e8re. Le coach explique avoir mis\u00e9 sur la sinc\u00e9rit\u00e9 pour convaincre le joueur : \u00ab Hakim, il aime son pays. Il reviendra, il reviendra. Il faut juste le convaincre, juste savoir comment faire. Si tu ne le convaincs pas avec la v\u00e9rit\u00e9, il ne reviendra pas. \u00bb<br \/>\nIl d\u00e9taille l&rsquo;argument employ\u00e9 aupr\u00e8s du joueur : \u00ab Je lui ai dit la v\u00e9rit\u00e9. Je lui ai dit : \u00ab\u00a0Ce n&rsquo;est pas moi qui ai besoin de toi. C&rsquo;est ton pays. Tu ne vas pas jouer pour un coach, Vahid, Walid, X ou Y. Quand le Maroc t&rsquo;appelle parce qu&rsquo;il a besoin de toi et qu&rsquo;il conna\u00eet ton talent, il sera toujours derri\u00e8re toi. Tu reviens pour ton pays.\u00a0\u00bb \u00bb<br \/>\nRegragui balaie fermement les rumeurs de tensions ou de conflits qui ont longtemps entour\u00e9 Ziyech au sein du groupe national : \u00ab Avec moi, je n&rsquo;ai jamais vu quelque chose de mal avec lui. Il vient \u00e0 l&rsquo;heure, il s&rsquo;entra\u00eene \u00e0 fond, il aide les autres. \u00bb Il relativise \u00e9galement les critiques sur la personnalit\u00e9 du joueur : \u00ab Chaque personnalit\u00e9 peut para\u00eetre difficile \u00e0 comprendre de l&rsquo;un \u00e0 l&rsquo;autre. Hakim, je n&rsquo;ai jamais vu quelque chose de difficile avec lui. Oui, c&rsquo;est une star, tu dois le manager comme un grand joueur. Quand tu le respectes, il te respecte en retour. Et il respecte avant tout l&rsquo;\u00e9quipe nationale, avant moi, et \u00e7a, c&rsquo;est ce qui compte. Tous les joueurs \u00e9taient comme lui, je peux dire la m\u00eame chose des autres. \u00bb<\/p>\n","protected":false},"excerpt":{"rendered":"<p>Cinq mois apr\u00e8s avoir quitt\u00e9 le banc des Lions de l&rsquo;Atlas, qu&rsquo;il a conduits jusqu&rsquo;en demi-finale du Mondial 2022 au Qatar puis \u00e0 une CAN 2025 remport\u00e9e \u00e0 domicile, Walid Regragui s&rsquo;est livr\u00e9 dans un entretien fleuve accord\u00e9 \u00e0 la cha\u00eene qatarie Atheer. Origines, attachement au Maroc, philosophie de vie, d\u00e9buts de carri\u00e8re, pression du [&hellip;]<\/p>\n","protected":false},"author":3,"featured_media":5902,"comment_status":"open","ping_status":"open","sticky":false,"template":"","format":"standard","meta":{"footnotes":""},"categories":[24,21,52,48,47],"tags":[175,62,1088],"class_list":["post-5901","post","type-post","status-publish","format-standard","has-post-thumbnail","category-equipe-nationale-a","category-equipes-nationales","category-flash","category-slider","category-top-spots","tag-can-2025","tag-maroc","tag-walid-regragui"],"yoast_head":"<!-- This site is optimized with the Yoast SEO plugin v27.6 - https:\/\/yoast.com\/product\/yoast-seo-wordpress\/ -->\n<title>Regragui se livre sans filtre : CAN 2025, Ziyech, Lamine Yamal... ses v\u00e9rit\u00e9s - RADIOMARS<\/title>\n<meta name=\"robots\" content=\"index, follow, max-snippet:-1, max-image-preview:large, max-video-preview:-1\" \/>\n<link rel=\"canonical\" href=\"https:\/\/radiomars.ma\/fr\/?p=5901\" \/>\n<meta property=\"og:locale\" content=\"fr_FR\" \/>\n<meta property=\"og:type\" content=\"article\" \/>\n<meta property=\"og:title\" content=\"Regragui se livre sans filtre : CAN 2025, Ziyech, Lamine Yamal... ses v\u00e9rit\u00e9s - RADIOMARS\" \/>\n<meta property=\"og:description\" content=\"Cinq mois apr\u00e8s avoir quitt\u00e9 le banc des Lions de l&rsquo;Atlas, qu&rsquo;il a conduits jusqu&rsquo;en demi-finale du Mondial 2022 au Qatar puis \u00e0 une CAN 2025 remport\u00e9e \u00e0 domicile, Walid Regragui s&rsquo;est livr\u00e9 dans un entretien fleuve accord\u00e9 \u00e0 la cha\u00eene qatarie Atheer. Origines, attachement au Maroc, philosophie de vie, d\u00e9buts de carri\u00e8re, pression du [&hellip;]\" \/>\n<meta property=\"og:url\" content=\"https:\/\/radiomars.ma\/fr\/?p=5901\" \/>\n<meta property=\"og:site_name\" content=\"RADIOMARS\" \/>\n<meta property=\"article:published_time\" content=\"2026-08-31T19:35:37+00:00\" \/>\n<meta property=\"og:image\" content=\"https:\/\/radiomars.ma\/fr\/wp-content\/uploads\/2026\/08\/Lheritage-Regragui-l-homme-qui-a-change-le-destin-des-Lions-de-lAtlas.jpg\" \/>\n\t<meta property=\"og:image:width\" content=\"1200\" \/>\n\t<meta property=\"og:image:height\" content=\"630\" \/>\n\t<meta property=\"og:image:type\" content=\"image\/jpeg\" \/>\n<meta name=\"author\" content=\"Amine Birouk\" \/>\n<meta name=\"twitter:card\" content=\"summary_large_image\" \/>\n<meta name=\"twitter:label1\" content=\"\u00c9crit par\" \/>\n\t<meta name=\"twitter:data1\" content=\"Amine Birouk\" \/>\n\t<meta name=\"twitter:label2\" content=\"Dur\u00e9e de lecture estim\u00e9e\" \/>\n\t<meta name=\"twitter:data2\" content=\"7 minutes\" \/>\n<script type=\"application\/ld+json\" class=\"yoast-schema-graph\">{\"@context\":\"https:\\\/\\\/schema.org\",\"@graph\":[{\"@type\":\"Article\",\"@id\":\"https:\\\/\\\/radiomars.ma\\\/fr\\\/?p=5901#article\",\"isPartOf\":{\"@id\":\"https:\\\/\\\/radiomars.ma\\\/fr\\\/?p=5901\"},\"author\":{\"name\":\"Amine Birouk\",\"@id\":\"https:\\\/\\\/radiomars.ma\\\/fr\\\/#\\\/schema\\\/person\\\/3c84279e0c82d50196b7b9eaeb67f7df\"},\"headline\":\"Regragui se livre sans filtre : CAN 2025, Ziyech, Lamine Yamal&#8230; ses v\u00e9rit\u00e9s\",\"datePublished\":\"2026-08-31T19:35:37+00:00\",\"mainEntityOfPage\":{\"@id\":\"https:\\\/\\\/radiomars.ma\\\/fr\\\/?p=5901\"},\"wordCount\":1439,\"commentCount\":0,\"image\":{\"@id\":\"https:\\\/\\\/radiomars.ma\\\/fr\\\/?p=5901#primaryimage\"},\"thumbnailUrl\":\"https:\\\/\\\/radiomars.ma\\\/fr\\\/wp-content\\\/uploads\\\/2026\\\/08\\\/Lheritage-Regragui-l-homme-qui-a-change-le-destin-des-Lions-de-lAtlas.jpg\",\"keywords\":[\"CAN 2025\",\"Maroc\",\"Walid Regragui\"],\"articleSection\":[\"\u00c9QUIPE NATIONALE A\",\"\u00c9QUIPES NATIONALES\",\"flash\",\"slider\",\"Top spots\"],\"inLanguage\":\"fr-FR\",\"potentialAction\":[{\"@type\":\"CommentAction\",\"name\":\"Comment\",\"target\":[\"https:\\\/\\\/radiomars.ma\\\/fr\\\/?p=5901#respond\"]}]},{\"@type\":\"WebPage\",\"@id\":\"https:\\\/\\\/radiomars.ma\\\/fr\\\/?p=5901\",\"url\":\"https:\\\/\\\/radiomars.ma\\\/fr\\\/?p=5901\",\"name\":\"Regragui se livre sans filtre : CAN 2025, Ziyech, Lamine Yamal... ses v\u00e9rit\u00e9s - RADIOMARS\",\"isPartOf\":{\"@id\":\"https:\\\/\\\/radiomars.ma\\\/fr\\\/#website\"},\"primaryImageOfPage\":{\"@id\":\"https:\\\/\\\/radiomars.ma\\\/fr\\\/?p=5901#primaryimage\"},\"image\":{\"@id\":\"https:\\\/\\\/radiomars.ma\\\/fr\\\/?p=5901#primaryimage\"},\"thumbnailUrl\":\"https:\\\/\\\/radiomars.ma\\\/fr\\\/wp-content\\\/uploads\\\/2026\\\/08\\\/Lheritage-Regragui-l-homme-qui-a-change-le-destin-des-Lions-de-lAtlas.jpg\",\"datePublished\":\"2026-08-31T19:35:37+00:00\",\"author\":{\"@id\":\"https:\\\/\\\/radiomars.ma\\\/fr\\\/#\\\/schema\\\/person\\\/3c84279e0c82d50196b7b9eaeb67f7df\"},\"breadcrumb\":{\"@id\":\"https:\\\/\\\/radiomars.ma\\\/fr\\\/?p=5901#breadcrumb\"},\"inLanguage\":\"fr-FR\",\"potentialAction\":[{\"@type\":\"ReadAction\",\"target\":[\"https:\\\/\\\/radiomars.ma\\\/fr\\\/?p=5901\"]}]},{\"@type\":\"ImageObject\",\"inLanguage\":\"fr-FR\",\"@id\":\"https:\\\/\\\/radiomars.ma\\\/fr\\\/?p=5901#primaryimage\",\"url\":\"https:\\\/\\\/radiomars.ma\\\/fr\\\/wp-content\\\/uploads\\\/2026\\\/08\\\/Lheritage-Regragui-l-homme-qui-a-change-le-destin-des-Lions-de-lAtlas.jpg\",\"contentUrl\":\"https:\\\/\\\/radiomars.ma\\\/fr\\\/wp-content\\\/uploads\\\/2026\\\/08\\\/Lheritage-Regragui-l-homme-qui-a-change-le-destin-des-Lions-de-lAtlas.jpg\",\"width\":1200,\"height\":630},{\"@type\":\"BreadcrumbList\",\"@id\":\"https:\\\/\\\/radiomars.ma\\\/fr\\\/?p=5901#breadcrumb\",\"itemListElement\":[{\"@type\":\"ListItem\",\"position\":1,\"name\":\"Accueil\",\"item\":\"https:\\\/\\\/radiomars.ma\\\/fr\\\/\"},{\"@type\":\"ListItem\",\"position\":2,\"name\":\"Regragui se livre sans filtre : CAN 2025, Ziyech, Lamine Yamal&#8230; ses v\u00e9rit\u00e9s\"}]},{\"@type\":\"WebSite\",\"@id\":\"https:\\\/\\\/radiomars.ma\\\/fr\\\/#website\",\"url\":\"https:\\\/\\\/radiomars.ma\\\/fr\\\/\",\"name\":\"RADIOMARS\",\"description\":\"\",\"potentialAction\":[{\"@type\":\"SearchAction\",\"target\":{\"@type\":\"EntryPoint\",\"urlTemplate\":\"https:\\\/\\\/radiomars.ma\\\/fr\\\/?s={search_term_string}\"},\"query-input\":{\"@type\":\"PropertyValueSpecification\",\"valueRequired\":true,\"valueName\":\"search_term_string\"}}],\"inLanguage\":\"fr-FR\"},{\"@type\":\"Person\",\"@id\":\"https:\\\/\\\/radiomars.ma\\\/fr\\\/#\\\/schema\\\/person\\\/3c84279e0c82d50196b7b9eaeb67f7df\",\"name\":\"Amine Birouk\",\"image\":{\"@type\":\"ImageObject\",\"inLanguage\":\"fr-FR\",\"@id\":\"https:\\\/\\\/secure.gravatar.com\\\/avatar\\\/980362d30b99e5f165da95d8182ab3d998bbd98c95f5200d1e5670c03c19cb38?s=96&d=mm&r=g\",\"url\":\"https:\\\/\\\/secure.gravatar.com\\\/avatar\\\/980362d30b99e5f165da95d8182ab3d998bbd98c95f5200d1e5670c03c19cb38?s=96&d=mm&r=g\",\"contentUrl\":\"https:\\\/\\\/secure.gravatar.com\\\/avatar\\\/980362d30b99e5f165da95d8182ab3d998bbd98c95f5200d1e5670c03c19cb38?s=96&d=mm&r=g\",\"caption\":\"Amine Birouk\"},\"url\":\"https:\\\/\\\/radiomars.ma\\\/fr\\\/?author=3\"}]}<\/script>\n<!-- \/ Yoast SEO plugin. -->","yoast_head_json":{"title":"Regragui se livre sans filtre : CAN 2025, Ziyech, Lamine Yamal... ses v\u00e9rit\u00e9s - RADIOMARS","robots":{"index":"index","follow":"follow","max-snippet":"max-snippet:-1","max-image-preview":"max-image-preview:large","max-video-preview":"max-video-preview:-1"},"canonical":"https:\/\/radiomars.ma\/fr\/?p=5901","og_locale":"fr_FR","og_type":"article","og_title":"Regragui se livre sans filtre : CAN 2025, Ziyech, Lamine Yamal... ses v\u00e9rit\u00e9s - RADIOMARS","og_description":"Cinq mois apr\u00e8s avoir quitt\u00e9 le banc des Lions de l&rsquo;Atlas, qu&rsquo;il a conduits jusqu&rsquo;en demi-finale du Mondial 2022 au Qatar puis \u00e0 une CAN 2025 remport\u00e9e \u00e0 domicile, Walid Regragui s&rsquo;est livr\u00e9 dans un entretien fleuve accord\u00e9 \u00e0 la cha\u00eene qatarie Atheer. Origines, attachement au Maroc, philosophie de vie, d\u00e9buts de carri\u00e8re, pression du [&hellip;]","og_url":"https:\/\/radiomars.ma\/fr\/?p=5901","og_site_name":"RADIOMARS","article_published_time":"2026-08-31T19:35:37+00:00","og_image":[{"width":1200,"height":630,"url":"https:\/\/radiomars.ma\/fr\/wp-content\/uploads\/2026\/08\/Lheritage-Regragui-l-homme-qui-a-change-le-destin-des-Lions-de-lAtlas.jpg","type":"image\/jpeg"}],"author":"Amine Birouk","twitter_card":"summary_large_image","twitter_misc":{"\u00c9crit par":"Amine Birouk","Dur\u00e9e de lecture estim\u00e9e":"7 minutes"},"schema":{"@context":"https:\/\/schema.org","@graph":[{"@type":"Article","@id":"https:\/\/radiomars.ma\/fr\/?p=5901#article","isPartOf":{"@id":"https:\/\/radiomars.ma\/fr\/?p=5901"},"author":{"name":"Amine Birouk","@id":"https:\/\/radiomars.ma\/fr\/#\/schema\/person\/3c84279e0c82d50196b7b9eaeb67f7df"},"headline":"Regragui se livre sans filtre : CAN 2025, Ziyech, Lamine Yamal&#8230; ses v\u00e9rit\u00e9s","datePublished":"2026-08-31T19:35:37+00:00","mainEntityOfPage":{"@id":"https:\/\/radiomars.ma\/fr\/?p=5901"},"wordCount":1439,"commentCount":0,"image":{"@id":"https:\/\/radiomars.ma\/fr\/?p=5901#primaryimage"},"thumbnailUrl":"https:\/\/radiomars.ma\/fr\/wp-content\/uploads\/2026\/08\/Lheritage-Regragui-l-homme-qui-a-change-le-destin-des-Lions-de-lAtlas.jpg","keywords":["CAN 2025","Maroc","Walid Regragui"],"articleSection":["\u00c9QUIPE NATIONALE A","\u00c9QUIPES NATIONALES","flash","slider","Top spots"],"inLanguage":"fr-FR","potentialAction":[{"@type":"CommentAction","name":"Comment","target":["https:\/\/radiomars.ma\/fr\/?p=5901#respond"]}]},{"@type":"WebPage","@id":"https:\/\/radiomars.ma\/fr\/?p=5901","url":"https:\/\/radiomars.ma\/fr\/?p=5901","name":"Regragui se livre sans filtre : CAN 2025, Ziyech, Lamine Yamal... ses v\u00e9rit\u00e9s - RADIOMARS","isPartOf":{"@id":"https:\/\/radiomars.ma\/fr\/#website"},"primaryImageOfPage":{"@id":"https:\/\/radiomars.ma\/fr\/?p=5901#primaryimage"},"image":{"@id":"https:\/\/radiomars.ma\/fr\/?p=5901#primaryimage"},"thumbnailUrl":"https:\/\/radiomars.ma\/fr\/wp-content\/uploads\/2026\/08\/Lheritage-Regragui-l-homme-qui-a-change-le-destin-des-Lions-de-lAtlas.jpg","datePublished":"2026-08-31T19:35:37+00:00","author":{"@id":"https:\/\/radiomars.ma\/fr\/#\/schema\/person\/3c84279e0c82d50196b7b9eaeb67f7df"},"breadcrumb":{"@id":"https:\/\/radiomars.ma\/fr\/?p=5901#breadcrumb"},"inLanguage":"fr-FR","potentialAction":[{"@type":"ReadAction","target":["https:\/\/radiomars.ma\/fr\/?p=5901"]}]},{"@type":"ImageObject","inLanguage":"fr-FR","@id":"https:\/\/radiomars.ma\/fr\/?p=5901#primaryimage","url":"https:\/\/radiomars.ma\/fr\/wp-content\/uploads\/2026\/08\/Lheritage-Regragui-l-homme-qui-a-change-le-destin-des-Lions-de-lAtlas.jpg","contentUrl":"https:\/\/radiomars.ma\/fr\/wp-content\/uploads\/2026\/08\/Lheritage-Regragui-l-homme-qui-a-change-le-destin-des-Lions-de-lAtlas.jpg","width":1200,"height":630},{"@type":"BreadcrumbList","@id":"https:\/\/radiomars.ma\/fr\/?p=5901#breadcrumb","itemListElement":[{"@type":"ListItem","position":1,"name":"Accueil","item":"https:\/\/radiomars.ma\/fr\/"},{"@type":"ListItem","position":2,"name":"Regragui se livre sans filtre : CAN 2025, Ziyech, Lamine Yamal&#8230; ses v\u00e9rit\u00e9s"}]},{"@type":"WebSite","@id":"https:\/\/radiomars.ma\/fr\/#website","url":"https:\/\/radiomars.ma\/fr\/","name":"RADIOMARS","description":"","potentialAction":[{"@type":"SearchAction","target":{"@type":"EntryPoint","urlTemplate":"https:\/\/radiomars.ma\/fr\/?s={search_term_string}"},"query-input":{"@type":"PropertyValueSpecification","valueRequired":true,"valueName":"search_term_string"}}],"inLanguage":"fr-FR"},{"@type":"Person","@id":"https:\/\/radiomars.ma\/fr\/#\/schema\/person\/3c84279e0c82d50196b7b9eaeb67f7df","name":"Amine Birouk","image":{"@type":"ImageObject","inLanguage":"fr-FR","@id":"https:\/\/secure.gravatar.com\/avatar\/980362d30b99e5f165da95d8182ab3d998bbd98c95f5200d1e5670c03c19cb38?s=96&d=mm&r=g","url":"https:\/\/secure.gravatar.com\/avatar\/980362d30b99e5f165da95d8182ab3d998bbd98c95f5200d1e5670c03c19cb38?s=96&d=mm&r=g","contentUrl":"https:\/\/secure.gravatar.com\/avatar\/980362d30b99e5f165da95d8182ab3d998bbd98c95f5200d1e5670c03c19cb38?s=96&d=mm&r=g","caption":"Amine Birouk"},"url":"https:\/\/radiomars.ma\/fr\/?author=3"}]}},"_links":{"self":[{"href":"https:\/\/radiomars.ma\/fr\/index.php?rest_route=\/wp\/v2\/posts\/5901","targetHints":{"allow":["GET"]}}],"collection":[{"href":"https:\/\/radiomars.ma\/fr\/index.php?rest_route=\/wp\/v2\/posts"}],"about":[{"href":"https:\/\/radiomars.ma\/fr\/index.php?rest_route=\/wp\/v2\/types\/post"}],"author":[{"embeddable":true,"href":"https:\/\/radiomars.ma\/fr\/index.php?rest_route=\/wp\/v2\/users\/3"}],"replies":[{"embeddable":true,"href":"https:\/\/radiomars.ma\/fr\/index.php?rest_route=%2Fwp%2Fv2%2Fcomments&post=5901"}],"version-history":[{"count":1,"href":"https:\/\/radiomars.ma\/fr\/index.php?rest_route=\/wp\/v2\/posts\/5901\/revisions"}],"predecessor-version":[{"id":5903,"href":"https:\/\/radiomars.ma\/fr\/index.php?rest_route=\/wp\/v2\/posts\/5901\/revisions\/5903"}],"wp:featuredmedia":[{"embeddable":true,"href":"https:\/\/radiomars.ma\/fr\/index.php?rest_route=\/wp\/v2\/media\/5902"}],"wp:attachment":[{"href":"https:\/\/radiomars.ma\/fr\/index.php?rest_route=%2Fwp%2Fv2%2Fmedia&parent=5901"}],"wp:term":[{"taxonomy":"category","embeddable":true,"href":"https:\/\/radiomars.ma\/fr\/index.php?rest_route=%2Fwp%2Fv2%2Fcategories&post=5901"},{"taxonomy":"post_tag","embeddable":true,"href":"https:\/\/radiomars.ma\/fr\/index.php?rest_route=%2Fwp%2Fv2%2Ftags&post=5901"}],"curies":[{"name":"wp","href":"https:\/\/api.w.org\/{rel}","templated":true}]}}