{"id":5911,"date":"2026-09-01T00:02:11","date_gmt":"2026-08-31T22:02:11","guid":{"rendered":"https:\/\/radiomars.ma\/fr\/?p=5911"},"modified":"2026-08-31T22:04:16","modified_gmt":"2026-08-31T20:04:16","slug":"ait-bennasser-renforce-les-rangs-de-la-renaissance-de-berkane","status":"publish","type":"post","link":"https:\/\/radiomars.ma\/fr\/?p=5911","title":{"rendered":"A\u00eft Bennasser renforce les rangs de la Renaissance de Berkane"},"content":{"rendered":"<p>Le club de la Renaissance de Berkane a officialis\u00e9 l&rsquo;arriv\u00e9e de l&rsquo;international marocain Youssef A\u00eft Bennasser, dans le cadre d&rsquo;un nouveau transfert visant \u00e0 renforcer le milieu de terrain de l&rsquo;\u00e9quipe avec un \u00e9l\u00e9ment riche d&rsquo;une longue exp\u00e9rience sur les terrains europ\u00e9ens, en vue des prochaines \u00e9ch\u00e9ances.<\/p>\n<p>A\u00eft Bennasser fait son retour au championnat national apr\u00e8s une longue carri\u00e8re \u00e0 l&rsquo;\u00e9tranger, d\u00e9but\u00e9e au FC Nancy, avant de rejoindre l&rsquo;AS Monaco, puis d&rsquo;encha\u00eener des pr\u00eats \u00e0 Caen, Bordeaux et Saint-\u00c9tienne. Le joueur a \u00e9galement connu une exp\u00e9rience dans le championnat turc, o\u00f9 il a d\u00e9fendu les couleurs d&rsquo;Adana Demirspor et de Samsunspor, avant d&rsquo;\u00e9voluer avec Kayserispor.<\/p>\n<p>\u00c2g\u00e9 de 30 ans, le joueur poss\u00e8de une exp\u00e9rience importante au poste de milieu de terrain, ainsi qu&rsquo;un parcours international avec la s\u00e9lection marocaine, avec laquelle il a particip\u00e9 \u00e0 plusieurs comp\u00e9titions. Il a \u00e9galement disput\u00e9 des matches de Ligue des champions europ\u00e9enne durant son passage \u00e0 Monaco.<\/p>\n<p>Avec ce transfert, la Renaissance de Berkane mise sur l&rsquo;apport d&rsquo;un \u00e9l\u00e9ment exp\u00e9riment\u00e9 \u00e0 son effectif, notamment face \u00e0 la multiplicit\u00e9 des comp\u00e9titions qui attendent l&rsquo;\u00e9quipe. La pr\u00e9sence d&rsquo;A\u00eft Bennasser devrait offrir au staff technique des options suppl\u00e9mentaires au milieu de terrain, gr\u00e2ce \u00e0 son exp\u00e9rience et \u00e0 sa capacit\u00e9 \u00e0 occuper diff\u00e9rents r\u00f4les sur le terrain.<\/p>\n","protected":false},"excerpt":{"rendered":"<p>Le club de la Renaissance de Berkane a officialis\u00e9 l&rsquo;arriv\u00e9e de l&rsquo;international marocain Youssef A\u00eft Bennasser, dans le cadre d&rsquo;un nouveau transfert visant \u00e0 renforcer le milieu de terrain de l&rsquo;\u00e9quipe avec un \u00e9l\u00e9ment riche d&rsquo;une longue exp\u00e9rience sur les terrains europ\u00e9ens, en vue des prochaines \u00e9ch\u00e9ances. A\u00eft Bennasser fait son retour au championnat national [&hellip;]<\/p>\n","protected":false},"author":3,"featured_media":5912,"comment_status":"open","ping_status":"open","sticky":false,"template":"","format":"standard","meta":{"footnotes":""},"categories":[15,16,52,48,47],"tags":[403,1090],"class_list":["post-5911","post","type-post","status-publish","format-standard","has-post-thumbnail","category-botola-pro","category-d1","category-flash","category-slider","category-top-spots","tag-la-renaissance-de-berkane","tag-youssef-ait-benasser"],"yoast_head":"<!-- This site is optimized with the Yoast SEO plugin v27.6 - https:\/\/yoast.com\/product\/yoast-seo-wordpress\/ -->\n<title>A\u00eft Bennasser renforce les rangs de la Renaissance de Berkane - RADIOMARS<\/title>\n<meta name=\"robots\" content=\"index, follow, max-snippet:-1, max-image-preview:large, max-video-preview:-1\" \/>\n<link rel=\"canonical\" href=\"https:\/\/radiomars.ma\/fr\/?p=5911\" \/>\n<meta property=\"og:locale\" content=\"fr_FR\" \/>\n<meta property=\"og:type\" content=\"article\" \/>\n<meta property=\"og:title\" content=\"A\u00eft Bennasser renforce les rangs de la Renaissance de Berkane - RADIOMARS\" \/>\n<meta property=\"og:description\" content=\"Le club de la Renaissance de Berkane a officialis\u00e9 l&rsquo;arriv\u00e9e de l&rsquo;international marocain Youssef A\u00eft Bennasser, dans le cadre d&rsquo;un nouveau transfert visant \u00e0 renforcer le milieu de terrain de l&rsquo;\u00e9quipe avec un \u00e9l\u00e9ment riche d&rsquo;une longue exp\u00e9rience sur les terrains europ\u00e9ens, en vue des prochaines \u00e9ch\u00e9ances. A\u00eft Bennasser fait son retour au championnat national [&hellip;]\" \/>\n<meta property=\"og:url\" content=\"https:\/\/radiomars.ma\/fr\/?p=5911\" \/>\n<meta property=\"og:site_name\" content=\"RADIOMARS\" \/>\n<meta property=\"article:published_time\" content=\"2026-08-31T22:02:11+00:00\" \/>\n<meta property=\"og:image\" content=\"https:\/\/radiomars.ma\/fr\/wp-content\/uploads\/2026\/08\/IMG_20260831_205717.jpg\" \/>\n\t<meta property=\"og:image:width\" content=\"956\" \/>\n\t<meta property=\"og:image:height\" content=\"718\" \/>\n\t<meta property=\"og:image:type\" content=\"image\/jpeg\" \/>\n<meta name=\"author\" content=\"Amine Birouk\" \/>\n<meta name=\"twitter:card\" content=\"summary_large_image\" \/>\n<meta name=\"twitter:label1\" content=\"\u00c9crit par\" \/>\n\t<meta name=\"twitter:data1\" content=\"Amine Birouk\" \/>\n\t<meta name=\"twitter:label2\" content=\"Dur\u00e9e de lecture estim\u00e9e\" \/>\n\t<meta name=\"twitter:data2\" content=\"2 minutes\" \/>\n<script type=\"application\/ld+json\" class=\"yoast-schema-graph\">{\"@context\":\"https:\\\/\\\/schema.org\",\"@graph\":[{\"@type\":\"Article\",\"@id\":\"https:\\\/\\\/radiomars.ma\\\/fr\\\/?p=5911#article\",\"isPartOf\":{\"@id\":\"https:\\\/\\\/radiomars.ma\\\/fr\\\/?p=5911\"},\"author\":{\"name\":\"Amine Birouk\",\"@id\":\"https:\\\/\\\/radiomars.ma\\\/fr\\\/#\\\/schema\\\/person\\\/3c84279e0c82d50196b7b9eaeb67f7df\"},\"headline\":\"A\u00eft Bennasser renforce les rangs de la Renaissance de Berkane\",\"datePublished\":\"2026-08-31T22:02:11+00:00\",\"mainEntityOfPage\":{\"@id\":\"https:\\\/\\\/radiomars.ma\\\/fr\\\/?p=5911\"},\"wordCount\":256,\"commentCount\":0,\"image\":{\"@id\":\"https:\\\/\\\/radiomars.ma\\\/fr\\\/?p=5911#primaryimage\"},\"thumbnailUrl\":\"https:\\\/\\\/radiomars.ma\\\/fr\\\/wp-content\\\/uploads\\\/2026\\\/08\\\/IMG_20260831_205717.jpg\",\"keywords\":[\"la Renaissance de Berkane\",\"Youssef Ait Benasser\"],\"articleSection\":[\"BOTOLA PRO\",\"D1\",\"flash\",\"slider\",\"Top spots\"],\"inLanguage\":\"fr-FR\",\"potentialAction\":[{\"@type\":\"CommentAction\",\"name\":\"Comment\",\"target\":[\"https:\\\/\\\/radiomars.ma\\\/fr\\\/?p=5911#respond\"]}]},{\"@type\":\"WebPage\",\"@id\":\"https:\\\/\\\/radiomars.ma\\\/fr\\\/?p=5911\",\"url\":\"https:\\\/\\\/radiomars.ma\\\/fr\\\/?p=5911\",\"name\":\"A\u00eft Bennasser renforce les rangs de la Renaissance de Berkane - RADIOMARS\",\"isPartOf\":{\"@id\":\"https:\\\/\\\/radiomars.ma\\\/fr\\\/#website\"},\"primaryImageOfPage\":{\"@id\":\"https:\\\/\\\/radiomars.ma\\\/fr\\\/?p=5911#primaryimage\"},\"image\":{\"@id\":\"https:\\\/\\\/radiomars.ma\\\/fr\\\/?p=5911#primaryimage\"},\"thumbnailUrl\":\"https:\\\/\\\/radiomars.ma\\\/fr\\\/wp-content\\\/uploads\\\/2026\\\/08\\\/IMG_20260831_205717.jpg\",\"datePublished\":\"2026-08-31T22:02:11+00:00\",\"author\":{\"@id\":\"https:\\\/\\\/radiomars.ma\\\/fr\\\/#\\\/schema\\\/person\\\/3c84279e0c82d50196b7b9eaeb67f7df\"},\"breadcrumb\":{\"@id\":\"https:\\\/\\\/radiomars.ma\\\/fr\\\/?p=5911#breadcrumb\"},\"inLanguage\":\"fr-FR\",\"potentialAction\":[{\"@type\":\"ReadAction\",\"target\":[\"https:\\\/\\\/radiomars.ma\\\/fr\\\/?p=5911\"]}]},{\"@type\":\"ImageObject\",\"inLanguage\":\"fr-FR\",\"@id\":\"https:\\\/\\\/radiomars.ma\\\/fr\\\/?p=5911#primaryimage\",\"url\":\"https:\\\/\\\/radiomars.ma\\\/fr\\\/wp-content\\\/uploads\\\/2026\\\/08\\\/IMG_20260831_205717.jpg\",\"contentUrl\":\"https:\\\/\\\/radiomars.ma\\\/fr\\\/wp-content\\\/uploads\\\/2026\\\/08\\\/IMG_20260831_205717.jpg\",\"width\":956,\"height\":718,\"caption\":\"Oplus_16908288\"},{\"@type\":\"BreadcrumbList\",\"@id\":\"https:\\\/\\\/radiomars.ma\\\/fr\\\/?p=5911#breadcrumb\",\"itemListElement\":[{\"@type\":\"ListItem\",\"position\":1,\"name\":\"Accueil\",\"item\":\"https:\\\/\\\/radiomars.ma\\\/fr\\\/\"},{\"@type\":\"ListItem\",\"position\":2,\"name\":\"A\u00eft Bennasser renforce les rangs de la Renaissance de Berkane\"}]},{\"@type\":\"WebSite\",\"@id\":\"https:\\\/\\\/radiomars.ma\\\/fr\\\/#website\",\"url\":\"https:\\\/\\\/radiomars.ma\\\/fr\\\/\",\"name\":\"RADIOMARS\",\"description\":\"\",\"potentialAction\":[{\"@type\":\"SearchAction\",\"target\":{\"@type\":\"EntryPoint\",\"urlTemplate\":\"https:\\\/\\\/radiomars.ma\\\/fr\\\/?s={search_term_string}\"},\"query-input\":{\"@type\":\"PropertyValueSpecification\",\"valueRequired\":true,\"valueName\":\"search_term_string\"}}],\"inLanguage\":\"fr-FR\"},{\"@type\":\"Person\",\"@id\":\"https:\\\/\\\/radiomars.ma\\\/fr\\\/#\\\/schema\\\/person\\\/3c84279e0c82d50196b7b9eaeb67f7df\",\"name\":\"Amine Birouk\",\"image\":{\"@type\":\"ImageObject\",\"inLanguage\":\"fr-FR\",\"@id\":\"https:\\\/\\\/secure.gravatar.com\\\/avatar\\\/980362d30b99e5f165da95d8182ab3d998bbd98c95f5200d1e5670c03c19cb38?s=96&d=mm&r=g\",\"url\":\"https:\\\/\\\/secure.gravatar.com\\\/avatar\\\/980362d30b99e5f165da95d8182ab3d998bbd98c95f5200d1e5670c03c19cb38?s=96&d=mm&r=g\",\"contentUrl\":\"https:\\\/\\\/secure.gravatar.com\\\/avatar\\\/980362d30b99e5f165da95d8182ab3d998bbd98c95f5200d1e5670c03c19cb38?s=96&d=mm&r=g\",\"caption\":\"Amine Birouk\"},\"url\":\"https:\\\/\\\/radiomars.ma\\\/fr\\\/?author=3\"}]}<\/script>\n<!-- \/ Yoast SEO plugin. -->","yoast_head_json":{"title":"A\u00eft Bennasser renforce les rangs de la Renaissance de Berkane - RADIOMARS","robots":{"index":"index","follow":"follow","max-snippet":"max-snippet:-1","max-image-preview":"max-image-preview:large","max-video-preview":"max-video-preview:-1"},"canonical":"https:\/\/radiomars.ma\/fr\/?p=5911","og_locale":"fr_FR","og_type":"article","og_title":"A\u00eft Bennasser renforce les rangs de la Renaissance de Berkane - RADIOMARS","og_description":"Le club de la Renaissance de Berkane a officialis\u00e9 l&rsquo;arriv\u00e9e de l&rsquo;international marocain Youssef A\u00eft Bennasser, dans le cadre d&rsquo;un nouveau transfert visant \u00e0 renforcer le milieu de terrain de l&rsquo;\u00e9quipe avec un \u00e9l\u00e9ment riche d&rsquo;une longue exp\u00e9rience sur les terrains europ\u00e9ens, en vue des prochaines \u00e9ch\u00e9ances. A\u00eft Bennasser fait son retour au championnat national [&hellip;]","og_url":"https:\/\/radiomars.ma\/fr\/?p=5911","og_site_name":"RADIOMARS","article_published_time":"2026-08-31T22:02:11+00:00","og_image":[{"width":956,"height":718,"url":"https:\/\/radiomars.ma\/fr\/wp-content\/uploads\/2026\/08\/IMG_20260831_205717.jpg","type":"image\/jpeg"}],"author":"Amine Birouk","twitter_card":"summary_large_image","twitter_misc":{"\u00c9crit par":"Amine Birouk","Dur\u00e9e de lecture estim\u00e9e":"2 minutes"},"schema":{"@context":"https:\/\/schema.org","@graph":[{"@type":"Article","@id":"https:\/\/radiomars.ma\/fr\/?p=5911#article","isPartOf":{"@id":"https:\/\/radiomars.ma\/fr\/?p=5911"},"author":{"name":"Amine Birouk","@id":"https:\/\/radiomars.ma\/fr\/#\/schema\/person\/3c84279e0c82d50196b7b9eaeb67f7df"},"headline":"A\u00eft Bennasser renforce les rangs de la Renaissance de Berkane","datePublished":"2026-08-31T22:02:11+00:00","mainEntityOfPage":{"@id":"https:\/\/radiomars.ma\/fr\/?p=5911"},"wordCount":256,"commentCount":0,"image":{"@id":"https:\/\/radiomars.ma\/fr\/?p=5911#primaryimage"},"thumbnailUrl":"https:\/\/radiomars.ma\/fr\/wp-content\/uploads\/2026\/08\/IMG_20260831_205717.jpg","keywords":["la Renaissance de Berkane","Youssef Ait Benasser"],"articleSection":["BOTOLA PRO","D1","flash","slider","Top spots"],"inLanguage":"fr-FR","potentialAction":[{"@type":"CommentAction","name":"Comment","target":["https:\/\/radiomars.ma\/fr\/?p=5911#respond"]}]},{"@type":"WebPage","@id":"https:\/\/radiomars.ma\/fr\/?p=5911","url":"https:\/\/radiomars.ma\/fr\/?p=5911","name":"A\u00eft Bennasser renforce les rangs de la Renaissance de Berkane - RADIOMARS","isPartOf":{"@id":"https:\/\/radiomars.ma\/fr\/#website"},"primaryImageOfPage":{"@id":"https:\/\/radiomars.ma\/fr\/?p=5911#primaryimage"},"image":{"@id":"https:\/\/radiomars.ma\/fr\/?p=5911#primaryimage"},"thumbnailUrl":"https:\/\/radiomars.ma\/fr\/wp-content\/uploads\/2026\/08\/IMG_20260831_205717.jpg","datePublished":"2026-08-31T22:02:11+00:00","author":{"@id":"https:\/\/radiomars.ma\/fr\/#\/schema\/person\/3c84279e0c82d50196b7b9eaeb67f7df"},"breadcrumb":{"@id":"https:\/\/radiomars.ma\/fr\/?p=5911#breadcrumb"},"inLanguage":"fr-FR","potentialAction":[{"@type":"ReadAction","target":["https:\/\/radiomars.ma\/fr\/?p=5911"]}]},{"@type":"ImageObject","inLanguage":"fr-FR","@id":"https:\/\/radiomars.ma\/fr\/?p=5911#primaryimage","url":"https:\/\/radiomars.ma\/fr\/wp-content\/uploads\/2026\/08\/IMG_20260831_205717.jpg","contentUrl":"https:\/\/radiomars.ma\/fr\/wp-content\/uploads\/2026\/08\/IMG_20260831_205717.jpg","width":956,"height":718,"caption":"Oplus_16908288"},{"@type":"BreadcrumbList","@id":"https:\/\/radiomars.ma\/fr\/?p=5911#breadcrumb","itemListElement":[{"@type":"ListItem","position":1,"name":"Accueil","item":"https:\/\/radiomars.ma\/fr\/"},{"@type":"ListItem","position":2,"name":"A\u00eft Bennasser renforce les rangs de la Renaissance de Berkane"}]},{"@type":"WebSite","@id":"https:\/\/radiomars.ma\/fr\/#website","url":"https:\/\/radiomars.ma\/fr\/","name":"RADIOMARS","description":"","potentialAction":[{"@type":"SearchAction","target":{"@type":"EntryPoint","urlTemplate":"https:\/\/radiomars.ma\/fr\/?s={search_term_string}"},"query-input":{"@type":"PropertyValueSpecification","valueRequired":true,"valueName":"search_term_string"}}],"inLanguage":"fr-FR"},{"@type":"Person","@id":"https:\/\/radiomars.ma\/fr\/#\/schema\/person\/3c84279e0c82d50196b7b9eaeb67f7df","name":"Amine Birouk","image":{"@type":"ImageObject","inLanguage":"fr-FR","@id":"https:\/\/secure.gravatar.com\/avatar\/980362d30b99e5f165da95d8182ab3d998bbd98c95f5200d1e5670c03c19cb38?s=96&d=mm&r=g","url":"https:\/\/secure.gravatar.com\/avatar\/980362d30b99e5f165da95d8182ab3d998bbd98c95f5200d1e5670c03c19cb38?s=96&d=mm&r=g","contentUrl":"https:\/\/secure.gravatar.com\/avatar\/980362d30b99e5f165da95d8182ab3d998bbd98c95f5200d1e5670c03c19cb38?s=96&d=mm&r=g","caption":"Amine Birouk"},"url":"https:\/\/radiomars.ma\/fr\/?author=3"}]}},"_links":{"self":[{"href":"https:\/\/radiomars.ma\/fr\/index.php?rest_route=\/wp\/v2\/posts\/5911","targetHints":{"allow":["GET"]}}],"collection":[{"href":"https:\/\/radiomars.ma\/fr\/index.php?rest_route=\/wp\/v2\/posts"}],"about":[{"href":"https:\/\/radiomars.ma\/fr\/index.php?rest_route=\/wp\/v2\/types\/post"}],"author":[{"embeddable":true,"href":"https:\/\/radiomars.ma\/fr\/index.php?rest_route=\/wp\/v2\/users\/3"}],"replies":[{"embeddable":true,"href":"https:\/\/radiomars.ma\/fr\/index.php?rest_route=%2Fwp%2Fv2%2Fcomments&post=5911"}],"version-history":[{"count":1,"href":"https:\/\/radiomars.ma\/fr\/index.php?rest_route=\/wp\/v2\/posts\/5911\/revisions"}],"predecessor-version":[{"id":5913,"href":"https:\/\/radiomars.ma\/fr\/index.php?rest_route=\/wp\/v2\/posts\/5911\/revisions\/5913"}],"wp:featuredmedia":[{"embeddable":true,"href":"https:\/\/radiomars.ma\/fr\/index.php?rest_route=\/wp\/v2\/media\/5912"}],"wp:attachment":[{"href":"https:\/\/radiomars.ma\/fr\/index.php?rest_route=%2Fwp%2Fv2%2Fmedia&parent=5911"}],"wp:term":[{"taxonomy":"category","embeddable":true,"href":"https:\/\/radiomars.ma\/fr\/index.php?rest_route=%2Fwp%2Fv2%2Fcategories&post=5911"},{"taxonomy":"post_tag","embeddable":true,"href":"https:\/\/radiomars.ma\/fr\/index.php?rest_route=%2Fwp%2Fv2%2Ftags&post=5911"}],"curies":[{"name":"wp","href":"https:\/\/api.w.org\/{rel}","templated":true}]}}