{"id":5917,"date":"2026-09-01T09:45:02","date_gmt":"2026-09-01T07:45:02","guid":{"rendered":"https:\/\/radiomars.ma\/fr\/?p=5917"},"modified":"2026-09-01T09:45:02","modified_gmt":"2026-09-01T07:45:02","slug":"rca-nabi-devoile-les-raisons-de-son-depart","status":"publish","type":"post","link":"https:\/\/radiomars.ma\/fr\/?p=5917","title":{"rendered":"RCA: Nabi d\u00e9voile les raisons de son d\u00e9part"},"content":{"rendered":"<p style=\"text-align: left\"><strong>Le d\u00e9sormais ex entra\u00eeneur du Raja de Casablanca Nasreddine Nabi\u00a0 a officialis\u00e9 son d\u00e9part du club \u00e0 travers un long message publi\u00e9 sur les r\u00e9seaux sociaux, mettant en avant des divergences de vision concernant la suite du projet sportif.<\/strong><\/p>\n<p style=\"text-align: left\"><strong>Dans son message, le technicien explique avoir souhait\u00e9 prendre la parole afin de \u00ab clore le sujet \u00bb et d\u2019\u00e9viter toute pol\u00e9mique inutile. Il rappelle que l\u2019identit\u00e9, l\u2019histoire, les exigences et l\u2019ADN de jeu du Raja correspondaient pleinement \u00e0 sa philosophie footballistique, ce qui l\u2019avait convaincu de rejoindre le club.<\/strong><\/p>\n<p style=\"text-align: left\"><strong>Arriv\u00e9 dans un contexte qu\u2019il qualifie de \u00ab particuli\u00e8rement complexe et difficile \u00bb, l\u2019entra\u00eeneur souligne avoir r\u00e9ussi, avec les joueurs, son staff et l\u2019ensemble des composantes du club, \u00e0 sauver la saison en atteignant notamment l\u2019objectif de qualification pour les comp\u00e9titions africaines.<\/strong><\/p>\n<p style=\"text-align: left\"><strong>Pour la nouvelle saison, il affirme avoir abord\u00e9 son travail avec \u00ab une vision claire \u00bb, beaucoup d\u2019ambition et la volont\u00e9 de construire un projet \u00e0 la hauteur du club. Une vision qui, selon lui, \u00e9tait initialement partag\u00e9e par\u00a0 les diff\u00e9rentes composantes du club.<\/strong><\/p>\n<p style=\"text-align: left\"><strong>Toutefois, l\u2019\u00e9volution du projet et certains choix sportifs ont progressivement entra\u00een\u00e9 des divergences concernant la mani\u00e8re de construire la suite.<\/strong><br \/>\n<strong>\u00ab Je respecte pleinement cette d\u00e9cision et je ne souhaite pas transformer une diff\u00e9rence de vision sportive en pol\u00e9mique \u00bb, explique-t-il, insistant sur le fait que le Raja demeure \u00ab au-dessus de nous tous \u00bb.<\/strong><\/p>\n<p style=\"text-align: left\"><strong>L\u2019ancien entra\u00eeneur a \u00e9galement tenu \u00e0 remercier ses joueurs, son staff ainsi que toutes les personnes avec lesquelles il a travaill\u00e9 durant son passage au club. Il a adress\u00e9 un message particulier aux supporters du Raja, en les remerciant\u00a0 pour leur accueil, leur respect et leur soutien.<\/strong><br \/>\n<strong>Enfin, il a souhait\u00e9 beaucoup de r\u00e9ussite au club, \u00e0 ses joueurs, \u00e0 ses dirigeants et \u00e0 son successeur, assurant quitter le Raja de Casablanca \u00ab avec respect \u00bb tout en se tournant d\u00e9sormais vers l\u2019avenir.<\/strong><\/p>\n","protected":false},"excerpt":{"rendered":"<p>Le d\u00e9sormais ex entra\u00eeneur du Raja de Casablanca Nasreddine Nabi\u00a0 a officialis\u00e9 son d\u00e9part du club \u00e0 travers un long message publi\u00e9 sur les r\u00e9seaux sociaux, mettant en avant des divergences de vision concernant la suite du projet sportif. Dans son message, le technicien explique avoir souhait\u00e9 prendre la parole afin de \u00ab clore le [&hellip;]<\/p>\n","protected":false},"author":7,"featured_media":5918,"comment_status":"open","ping_status":"open","sticky":false,"template":"","format":"standard","meta":{"footnotes":""},"categories":[15,16,52],"tags":[],"class_list":["post-5917","post","type-post","status-publish","format-standard","has-post-thumbnail","category-botola-pro","category-d1","category-flash"],"yoast_head":"<!-- This site is optimized with the Yoast SEO plugin v27.6 - https:\/\/yoast.com\/product\/yoast-seo-wordpress\/ -->\n<title>RCA: Nabi d\u00e9voile les raisons de son d\u00e9part - RADIOMARS<\/title>\n<meta name=\"robots\" content=\"index, follow, max-snippet:-1, max-image-preview:large, max-video-preview:-1\" \/>\n<link rel=\"canonical\" href=\"https:\/\/radiomars.ma\/fr\/?p=5917\" \/>\n<meta property=\"og:locale\" content=\"fr_FR\" \/>\n<meta property=\"og:type\" content=\"article\" \/>\n<meta property=\"og:title\" content=\"RCA: Nabi d\u00e9voile les raisons de son d\u00e9part - RADIOMARS\" \/>\n<meta property=\"og:description\" content=\"Le d\u00e9sormais ex entra\u00eeneur du Raja de Casablanca Nasreddine Nabi\u00a0 a officialis\u00e9 son d\u00e9part du club \u00e0 travers un long message publi\u00e9 sur les r\u00e9seaux sociaux, mettant en avant des divergences de vision concernant la suite du projet sportif. Dans son message, le technicien explique avoir souhait\u00e9 prendre la parole afin de \u00ab clore le [&hellip;]\" \/>\n<meta property=\"og:url\" content=\"https:\/\/radiomars.ma\/fr\/?p=5917\" \/>\n<meta property=\"og:site_name\" content=\"RADIOMARS\" \/>\n<meta property=\"article:published_time\" content=\"2026-09-01T07:45:02+00:00\" \/>\n<meta property=\"og:image\" content=\"https:\/\/radiomars.ma\/fr\/wp-content\/uploads\/2026\/09\/NABI.webp\" \/>\n\t<meta property=\"og:image:width\" content=\"750\" \/>\n\t<meta property=\"og:image:height\" content=\"494\" \/>\n\t<meta property=\"og:image:type\" content=\"image\/webp\" \/>\n<meta name=\"author\" content=\"Youssra EL MANSOURI\" \/>\n<meta name=\"twitter:card\" content=\"summary_large_image\" \/>\n<meta name=\"twitter:label1\" content=\"\u00c9crit par\" \/>\n\t<meta name=\"twitter:data1\" content=\"Youssra EL MANSOURI\" \/>\n\t<meta name=\"twitter:label2\" content=\"Dur\u00e9e de lecture estim\u00e9e\" \/>\n\t<meta name=\"twitter:data2\" content=\"2 minutes\" \/>\n<script type=\"application\/ld+json\" class=\"yoast-schema-graph\">{\"@context\":\"https:\\\/\\\/schema.org\",\"@graph\":[{\"@type\":\"Article\",\"@id\":\"https:\\\/\\\/radiomars.ma\\\/fr\\\/?p=5917#article\",\"isPartOf\":{\"@id\":\"https:\\\/\\\/radiomars.ma\\\/fr\\\/?p=5917\"},\"author\":{\"name\":\"Youssra EL MANSOURI\",\"@id\":\"https:\\\/\\\/radiomars.ma\\\/fr\\\/#\\\/schema\\\/person\\\/2136c4e5b98113418fc9226503f12850\"},\"headline\":\"RCA: Nabi d\u00e9voile les raisons de son d\u00e9part\",\"datePublished\":\"2026-09-01T07:45:02+00:00\",\"mainEntityOfPage\":{\"@id\":\"https:\\\/\\\/radiomars.ma\\\/fr\\\/?p=5917\"},\"wordCount\":335,\"commentCount\":0,\"image\":{\"@id\":\"https:\\\/\\\/radiomars.ma\\\/fr\\\/?p=5917#primaryimage\"},\"thumbnailUrl\":\"https:\\\/\\\/radiomars.ma\\\/fr\\\/wp-content\\\/uploads\\\/2026\\\/09\\\/NABI.webp\",\"articleSection\":[\"BOTOLA PRO\",\"D1\",\"flash\"],\"inLanguage\":\"fr-FR\",\"potentialAction\":[{\"@type\":\"CommentAction\",\"name\":\"Comment\",\"target\":[\"https:\\\/\\\/radiomars.ma\\\/fr\\\/?p=5917#respond\"]}]},{\"@type\":\"WebPage\",\"@id\":\"https:\\\/\\\/radiomars.ma\\\/fr\\\/?p=5917\",\"url\":\"https:\\\/\\\/radiomars.ma\\\/fr\\\/?p=5917\",\"name\":\"RCA: Nabi d\u00e9voile les raisons de son d\u00e9part - RADIOMARS\",\"isPartOf\":{\"@id\":\"https:\\\/\\\/radiomars.ma\\\/fr\\\/#website\"},\"primaryImageOfPage\":{\"@id\":\"https:\\\/\\\/radiomars.ma\\\/fr\\\/?p=5917#primaryimage\"},\"image\":{\"@id\":\"https:\\\/\\\/radiomars.ma\\\/fr\\\/?p=5917#primaryimage\"},\"thumbnailUrl\":\"https:\\\/\\\/radiomars.ma\\\/fr\\\/wp-content\\\/uploads\\\/2026\\\/09\\\/NABI.webp\",\"datePublished\":\"2026-09-01T07:45:02+00:00\",\"author\":{\"@id\":\"https:\\\/\\\/radiomars.ma\\\/fr\\\/#\\\/schema\\\/person\\\/2136c4e5b98113418fc9226503f12850\"},\"breadcrumb\":{\"@id\":\"https:\\\/\\\/radiomars.ma\\\/fr\\\/?p=5917#breadcrumb\"},\"inLanguage\":\"fr-FR\",\"potentialAction\":[{\"@type\":\"ReadAction\",\"target\":[\"https:\\\/\\\/radiomars.ma\\\/fr\\\/?p=5917\"]}]},{\"@type\":\"ImageObject\",\"inLanguage\":\"fr-FR\",\"@id\":\"https:\\\/\\\/radiomars.ma\\\/fr\\\/?p=5917#primaryimage\",\"url\":\"https:\\\/\\\/radiomars.ma\\\/fr\\\/wp-content\\\/uploads\\\/2026\\\/09\\\/NABI.webp\",\"contentUrl\":\"https:\\\/\\\/radiomars.ma\\\/fr\\\/wp-content\\\/uploads\\\/2026\\\/09\\\/NABI.webp\",\"width\":750,\"height\":494},{\"@type\":\"BreadcrumbList\",\"@id\":\"https:\\\/\\\/radiomars.ma\\\/fr\\\/?p=5917#breadcrumb\",\"itemListElement\":[{\"@type\":\"ListItem\",\"position\":1,\"name\":\"Accueil\",\"item\":\"https:\\\/\\\/radiomars.ma\\\/fr\\\/\"},{\"@type\":\"ListItem\",\"position\":2,\"name\":\"RCA: Nabi d\u00e9voile les raisons de son d\u00e9part\"}]},{\"@type\":\"WebSite\",\"@id\":\"https:\\\/\\\/radiomars.ma\\\/fr\\\/#website\",\"url\":\"https:\\\/\\\/radiomars.ma\\\/fr\\\/\",\"name\":\"RADIOMARS\",\"description\":\"\",\"potentialAction\":[{\"@type\":\"SearchAction\",\"target\":{\"@type\":\"EntryPoint\",\"urlTemplate\":\"https:\\\/\\\/radiomars.ma\\\/fr\\\/?s={search_term_string}\"},\"query-input\":{\"@type\":\"PropertyValueSpecification\",\"valueRequired\":true,\"valueName\":\"search_term_string\"}}],\"inLanguage\":\"fr-FR\"},{\"@type\":\"Person\",\"@id\":\"https:\\\/\\\/radiomars.ma\\\/fr\\\/#\\\/schema\\\/person\\\/2136c4e5b98113418fc9226503f12850\",\"name\":\"Youssra EL MANSOURI\",\"image\":{\"@type\":\"ImageObject\",\"inLanguage\":\"fr-FR\",\"@id\":\"https:\\\/\\\/secure.gravatar.com\\\/avatar\\\/b605f22f52f1c1fcc7ff0c8dfa8191c659cc7968a0c1cdce68ad5167e65c0202?s=96&d=mm&r=g\",\"url\":\"https:\\\/\\\/secure.gravatar.com\\\/avatar\\\/b605f22f52f1c1fcc7ff0c8dfa8191c659cc7968a0c1cdce68ad5167e65c0202?s=96&d=mm&r=g\",\"contentUrl\":\"https:\\\/\\\/secure.gravatar.com\\\/avatar\\\/b605f22f52f1c1fcc7ff0c8dfa8191c659cc7968a0c1cdce68ad5167e65c0202?s=96&d=mm&r=g\",\"caption\":\"Youssra EL MANSOURI\"},\"url\":\"https:\\\/\\\/radiomars.ma\\\/fr\\\/?author=7\"}]}<\/script>\n<!-- \/ Yoast SEO plugin. -->","yoast_head_json":{"title":"RCA: Nabi d\u00e9voile les raisons de son d\u00e9part - RADIOMARS","robots":{"index":"index","follow":"follow","max-snippet":"max-snippet:-1","max-image-preview":"max-image-preview:large","max-video-preview":"max-video-preview:-1"},"canonical":"https:\/\/radiomars.ma\/fr\/?p=5917","og_locale":"fr_FR","og_type":"article","og_title":"RCA: Nabi d\u00e9voile les raisons de son d\u00e9part - RADIOMARS","og_description":"Le d\u00e9sormais ex entra\u00eeneur du Raja de Casablanca Nasreddine Nabi\u00a0 a officialis\u00e9 son d\u00e9part du club \u00e0 travers un long message publi\u00e9 sur les r\u00e9seaux sociaux, mettant en avant des divergences de vision concernant la suite du projet sportif. Dans son message, le technicien explique avoir souhait\u00e9 prendre la parole afin de \u00ab clore le [&hellip;]","og_url":"https:\/\/radiomars.ma\/fr\/?p=5917","og_site_name":"RADIOMARS","article_published_time":"2026-09-01T07:45:02+00:00","og_image":[{"width":750,"height":494,"url":"https:\/\/radiomars.ma\/fr\/wp-content\/uploads\/2026\/09\/NABI.webp","type":"image\/webp"}],"author":"Youssra EL MANSOURI","twitter_card":"summary_large_image","twitter_misc":{"\u00c9crit par":"Youssra EL MANSOURI","Dur\u00e9e de lecture estim\u00e9e":"2 minutes"},"schema":{"@context":"https:\/\/schema.org","@graph":[{"@type":"Article","@id":"https:\/\/radiomars.ma\/fr\/?p=5917#article","isPartOf":{"@id":"https:\/\/radiomars.ma\/fr\/?p=5917"},"author":{"name":"Youssra EL MANSOURI","@id":"https:\/\/radiomars.ma\/fr\/#\/schema\/person\/2136c4e5b98113418fc9226503f12850"},"headline":"RCA: Nabi d\u00e9voile les raisons de son d\u00e9part","datePublished":"2026-09-01T07:45:02+00:00","mainEntityOfPage":{"@id":"https:\/\/radiomars.ma\/fr\/?p=5917"},"wordCount":335,"commentCount":0,"image":{"@id":"https:\/\/radiomars.ma\/fr\/?p=5917#primaryimage"},"thumbnailUrl":"https:\/\/radiomars.ma\/fr\/wp-content\/uploads\/2026\/09\/NABI.webp","articleSection":["BOTOLA PRO","D1","flash"],"inLanguage":"fr-FR","potentialAction":[{"@type":"CommentAction","name":"Comment","target":["https:\/\/radiomars.ma\/fr\/?p=5917#respond"]}]},{"@type":"WebPage","@id":"https:\/\/radiomars.ma\/fr\/?p=5917","url":"https:\/\/radiomars.ma\/fr\/?p=5917","name":"RCA: Nabi d\u00e9voile les raisons de son d\u00e9part - RADIOMARS","isPartOf":{"@id":"https:\/\/radiomars.ma\/fr\/#website"},"primaryImageOfPage":{"@id":"https:\/\/radiomars.ma\/fr\/?p=5917#primaryimage"},"image":{"@id":"https:\/\/radiomars.ma\/fr\/?p=5917#primaryimage"},"thumbnailUrl":"https:\/\/radiomars.ma\/fr\/wp-content\/uploads\/2026\/09\/NABI.webp","datePublished":"2026-09-01T07:45:02+00:00","author":{"@id":"https:\/\/radiomars.ma\/fr\/#\/schema\/person\/2136c4e5b98113418fc9226503f12850"},"breadcrumb":{"@id":"https:\/\/radiomars.ma\/fr\/?p=5917#breadcrumb"},"inLanguage":"fr-FR","potentialAction":[{"@type":"ReadAction","target":["https:\/\/radiomars.ma\/fr\/?p=5917"]}]},{"@type":"ImageObject","inLanguage":"fr-FR","@id":"https:\/\/radiomars.ma\/fr\/?p=5917#primaryimage","url":"https:\/\/radiomars.ma\/fr\/wp-content\/uploads\/2026\/09\/NABI.webp","contentUrl":"https:\/\/radiomars.ma\/fr\/wp-content\/uploads\/2026\/09\/NABI.webp","width":750,"height":494},{"@type":"BreadcrumbList","@id":"https:\/\/radiomars.ma\/fr\/?p=5917#breadcrumb","itemListElement":[{"@type":"ListItem","position":1,"name":"Accueil","item":"https:\/\/radiomars.ma\/fr\/"},{"@type":"ListItem","position":2,"name":"RCA: Nabi d\u00e9voile les raisons de son d\u00e9part"}]},{"@type":"WebSite","@id":"https:\/\/radiomars.ma\/fr\/#website","url":"https:\/\/radiomars.ma\/fr\/","name":"RADIOMARS","description":"","potentialAction":[{"@type":"SearchAction","target":{"@type":"EntryPoint","urlTemplate":"https:\/\/radiomars.ma\/fr\/?s={search_term_string}"},"query-input":{"@type":"PropertyValueSpecification","valueRequired":true,"valueName":"search_term_string"}}],"inLanguage":"fr-FR"},{"@type":"Person","@id":"https:\/\/radiomars.ma\/fr\/#\/schema\/person\/2136c4e5b98113418fc9226503f12850","name":"Youssra EL MANSOURI","image":{"@type":"ImageObject","inLanguage":"fr-FR","@id":"https:\/\/secure.gravatar.com\/avatar\/b605f22f52f1c1fcc7ff0c8dfa8191c659cc7968a0c1cdce68ad5167e65c0202?s=96&d=mm&r=g","url":"https:\/\/secure.gravatar.com\/avatar\/b605f22f52f1c1fcc7ff0c8dfa8191c659cc7968a0c1cdce68ad5167e65c0202?s=96&d=mm&r=g","contentUrl":"https:\/\/secure.gravatar.com\/avatar\/b605f22f52f1c1fcc7ff0c8dfa8191c659cc7968a0c1cdce68ad5167e65c0202?s=96&d=mm&r=g","caption":"Youssra EL MANSOURI"},"url":"https:\/\/radiomars.ma\/fr\/?author=7"}]}},"_links":{"self":[{"href":"https:\/\/radiomars.ma\/fr\/index.php?rest_route=\/wp\/v2\/posts\/5917","targetHints":{"allow":["GET"]}}],"collection":[{"href":"https:\/\/radiomars.ma\/fr\/index.php?rest_route=\/wp\/v2\/posts"}],"about":[{"href":"https:\/\/radiomars.ma\/fr\/index.php?rest_route=\/wp\/v2\/types\/post"}],"author":[{"embeddable":true,"href":"https:\/\/radiomars.ma\/fr\/index.php?rest_route=\/wp\/v2\/users\/7"}],"replies":[{"embeddable":true,"href":"https:\/\/radiomars.ma\/fr\/index.php?rest_route=%2Fwp%2Fv2%2Fcomments&post=5917"}],"version-history":[{"count":1,"href":"https:\/\/radiomars.ma\/fr\/index.php?rest_route=\/wp\/v2\/posts\/5917\/revisions"}],"predecessor-version":[{"id":5919,"href":"https:\/\/radiomars.ma\/fr\/index.php?rest_route=\/wp\/v2\/posts\/5917\/revisions\/5919"}],"wp:featuredmedia":[{"embeddable":true,"href":"https:\/\/radiomars.ma\/fr\/index.php?rest_route=\/wp\/v2\/media\/5918"}],"wp:attachment":[{"href":"https:\/\/radiomars.ma\/fr\/index.php?rest_route=%2Fwp%2Fv2%2Fmedia&parent=5917"}],"wp:term":[{"taxonomy":"category","embeddable":true,"href":"https:\/\/radiomars.ma\/fr\/index.php?rest_route=%2Fwp%2Fv2%2Fcategories&post=5917"},{"taxonomy":"post_tag","embeddable":true,"href":"https:\/\/radiomars.ma\/fr\/index.php?rest_route=%2Fwp%2Fv2%2Ftags&post=5917"}],"curies":[{"name":"wp","href":"https:\/\/api.w.org\/{rel}","templated":true}]}}