{"id":5920,"date":"2026-09-01T10:11:52","date_gmt":"2026-09-01T08:11:52","guid":{"rendered":"https:\/\/radiomars.ma\/fr\/?p=5920"},"modified":"2026-09-01T10:11:52","modified_gmt":"2026-09-01T08:11:52","slug":"le-mas-affute-ses-armes-avant-son-entree-en-ligue-des-champions","status":"publish","type":"post","link":"https:\/\/radiomars.ma\/fr\/?p=5920","title":{"rendered":"Le MAS aff\u00fbte ses armes avant son entr\u00e9e en Ligue des champions"},"content":{"rendered":"<p style=\"text-align: left\"><strong>Le MAS de F\u00e8s a achev\u00e9 sa s\u00e9rie de matchs amicaux en pr\u00e9paration de la nouvelle saison sportive, qu\u2019il d\u00e9butera par une confrontation face au Rahimo FC du Burkina Faso, comptant pour le premier tour pr\u00e9liminaire de la Ligue des champions africaine.<\/strong><\/p>\n<p style=\"text-align: left\"><strong>Selon notre correspondant Amjad Aboujadallah, le club fassi s\u2019est impos\u00e9 lors de son dernier match amical face au Wydad de F\u00e8s sur le score d\u2019un but \u00e0 z\u00e9ro. Cette rencontre a constitu\u00e9 un ultime test pour le staff technique, qui a ainsi pu \u00e9valuer l\u2019\u00e9tat de pr\u00e9paration et la disponibilit\u00e9 de l\u2019ensemble du groupe avant le d\u00e9but des comp\u00e9titions officielles.<\/strong><\/p>\n<p style=\"text-align: left\"><strong>Les joueurs du MAS reprendront les entra\u00eenements demain, apr\u00e8s avoir b\u00e9n\u00e9fici\u00e9 d\u2019une journ\u00e9e de repos ce mardi. La pr\u00e9paration se poursuivra jusqu\u2019\u00e0 samedi,la veille du rendez-vous continental face au repr\u00e9sentant burkinab\u00e8.<\/strong><\/p>\n<p style=\"text-align: left\"><strong>La rencontre entre le MAS de F\u00e8s et Rahimo FC se disputera dimanche \u00e0 partir de 20 heures.<\/strong><\/p>\n","protected":false},"excerpt":{"rendered":"<p>Le MAS de F\u00e8s a achev\u00e9 sa s\u00e9rie de matchs amicaux en pr\u00e9paration de la nouvelle saison sportive, qu\u2019il d\u00e9butera par une confrontation face au Rahimo FC du Burkina Faso, comptant pour le premier tour pr\u00e9liminaire de la Ligue des champions africaine. Selon notre correspondant Amjad Aboujadallah, le club fassi s\u2019est impos\u00e9 lors de son [&hellip;]<\/p>\n","protected":false},"author":7,"featured_media":5921,"comment_status":"open","ping_status":"open","sticky":false,"template":"","format":"standard","meta":{"footnotes":""},"categories":[15,52],"tags":[],"class_list":["post-5920","post","type-post","status-publish","format-standard","has-post-thumbnail","category-botola-pro","category-flash"],"yoast_head":"<!-- This site is optimized with the Yoast SEO plugin v27.6 - https:\/\/yoast.com\/product\/yoast-seo-wordpress\/ -->\n<title>Le MAS aff\u00fbte ses armes avant son entr\u00e9e en Ligue des champions - RADIOMARS<\/title>\n<meta name=\"robots\" content=\"index, follow, max-snippet:-1, max-image-preview:large, max-video-preview:-1\" \/>\n<link rel=\"canonical\" href=\"https:\/\/radiomars.ma\/fr\/?p=5920\" \/>\n<meta property=\"og:locale\" content=\"fr_FR\" \/>\n<meta property=\"og:type\" content=\"article\" \/>\n<meta property=\"og:title\" content=\"Le MAS aff\u00fbte ses armes avant son entr\u00e9e en Ligue des champions - RADIOMARS\" \/>\n<meta property=\"og:description\" content=\"Le MAS de F\u00e8s a achev\u00e9 sa s\u00e9rie de matchs amicaux en pr\u00e9paration de la nouvelle saison sportive, qu\u2019il d\u00e9butera par une confrontation face au Rahimo FC du Burkina Faso, comptant pour le premier tour pr\u00e9liminaire de la Ligue des champions africaine. Selon notre correspondant Amjad Aboujadallah, le club fassi s\u2019est impos\u00e9 lors de son [&hellip;]\" \/>\n<meta property=\"og:url\" content=\"https:\/\/radiomars.ma\/fr\/?p=5920\" \/>\n<meta property=\"og:site_name\" content=\"RADIOMARS\" \/>\n<meta property=\"article:published_time\" content=\"2026-09-01T08:11:52+00:00\" \/>\n<meta property=\"og:image\" content=\"https:\/\/radiomars.ma\/fr\/wp-content\/uploads\/2026\/09\/mas.jpg\" \/>\n\t<meta property=\"og:image:width\" content=\"447\" \/>\n\t<meta property=\"og:image:height\" content=\"447\" \/>\n\t<meta property=\"og:image:type\" content=\"image\/jpeg\" \/>\n<meta name=\"author\" content=\"Youssra EL MANSOURI\" \/>\n<meta name=\"twitter:card\" content=\"summary_large_image\" \/>\n<meta name=\"twitter:label1\" content=\"\u00c9crit par\" \/>\n\t<meta name=\"twitter:data1\" content=\"Youssra EL MANSOURI\" \/>\n\t<meta name=\"twitter:label2\" content=\"Dur\u00e9e de lecture estim\u00e9e\" \/>\n\t<meta name=\"twitter:data2\" content=\"1 minute\" \/>\n<script type=\"application\/ld+json\" class=\"yoast-schema-graph\">{\"@context\":\"https:\\\/\\\/schema.org\",\"@graph\":[{\"@type\":\"Article\",\"@id\":\"https:\\\/\\\/radiomars.ma\\\/fr\\\/?p=5920#article\",\"isPartOf\":{\"@id\":\"https:\\\/\\\/radiomars.ma\\\/fr\\\/?p=5920\"},\"author\":{\"name\":\"Youssra EL MANSOURI\",\"@id\":\"https:\\\/\\\/radiomars.ma\\\/fr\\\/#\\\/schema\\\/person\\\/2136c4e5b98113418fc9226503f12850\"},\"headline\":\"Le MAS aff\u00fbte ses armes avant son entr\u00e9e en Ligue des champions\",\"datePublished\":\"2026-09-01T08:11:52+00:00\",\"mainEntityOfPage\":{\"@id\":\"https:\\\/\\\/radiomars.ma\\\/fr\\\/?p=5920\"},\"wordCount\":187,\"commentCount\":0,\"image\":{\"@id\":\"https:\\\/\\\/radiomars.ma\\\/fr\\\/?p=5920#primaryimage\"},\"thumbnailUrl\":\"https:\\\/\\\/radiomars.ma\\\/fr\\\/wp-content\\\/uploads\\\/2026\\\/09\\\/mas.jpg\",\"articleSection\":[\"BOTOLA PRO\",\"flash\"],\"inLanguage\":\"fr-FR\",\"potentialAction\":[{\"@type\":\"CommentAction\",\"name\":\"Comment\",\"target\":[\"https:\\\/\\\/radiomars.ma\\\/fr\\\/?p=5920#respond\"]}]},{\"@type\":\"WebPage\",\"@id\":\"https:\\\/\\\/radiomars.ma\\\/fr\\\/?p=5920\",\"url\":\"https:\\\/\\\/radiomars.ma\\\/fr\\\/?p=5920\",\"name\":\"Le MAS aff\u00fbte ses armes avant son entr\u00e9e en Ligue des champions - RADIOMARS\",\"isPartOf\":{\"@id\":\"https:\\\/\\\/radiomars.ma\\\/fr\\\/#website\"},\"primaryImageOfPage\":{\"@id\":\"https:\\\/\\\/radiomars.ma\\\/fr\\\/?p=5920#primaryimage\"},\"image\":{\"@id\":\"https:\\\/\\\/radiomars.ma\\\/fr\\\/?p=5920#primaryimage\"},\"thumbnailUrl\":\"https:\\\/\\\/radiomars.ma\\\/fr\\\/wp-content\\\/uploads\\\/2026\\\/09\\\/mas.jpg\",\"datePublished\":\"2026-09-01T08:11:52+00:00\",\"author\":{\"@id\":\"https:\\\/\\\/radiomars.ma\\\/fr\\\/#\\\/schema\\\/person\\\/2136c4e5b98113418fc9226503f12850\"},\"breadcrumb\":{\"@id\":\"https:\\\/\\\/radiomars.ma\\\/fr\\\/?p=5920#breadcrumb\"},\"inLanguage\":\"fr-FR\",\"potentialAction\":[{\"@type\":\"ReadAction\",\"target\":[\"https:\\\/\\\/radiomars.ma\\\/fr\\\/?p=5920\"]}]},{\"@type\":\"ImageObject\",\"inLanguage\":\"fr-FR\",\"@id\":\"https:\\\/\\\/radiomars.ma\\\/fr\\\/?p=5920#primaryimage\",\"url\":\"https:\\\/\\\/radiomars.ma\\\/fr\\\/wp-content\\\/uploads\\\/2026\\\/09\\\/mas.jpg\",\"contentUrl\":\"https:\\\/\\\/radiomars.ma\\\/fr\\\/wp-content\\\/uploads\\\/2026\\\/09\\\/mas.jpg\",\"width\":447,\"height\":447},{\"@type\":\"BreadcrumbList\",\"@id\":\"https:\\\/\\\/radiomars.ma\\\/fr\\\/?p=5920#breadcrumb\",\"itemListElement\":[{\"@type\":\"ListItem\",\"position\":1,\"name\":\"Accueil\",\"item\":\"https:\\\/\\\/radiomars.ma\\\/fr\\\/\"},{\"@type\":\"ListItem\",\"position\":2,\"name\":\"Le MAS aff\u00fbte ses armes avant son entr\u00e9e en Ligue des champions\"}]},{\"@type\":\"WebSite\",\"@id\":\"https:\\\/\\\/radiomars.ma\\\/fr\\\/#website\",\"url\":\"https:\\\/\\\/radiomars.ma\\\/fr\\\/\",\"name\":\"RADIOMARS\",\"description\":\"\",\"potentialAction\":[{\"@type\":\"SearchAction\",\"target\":{\"@type\":\"EntryPoint\",\"urlTemplate\":\"https:\\\/\\\/radiomars.ma\\\/fr\\\/?s={search_term_string}\"},\"query-input\":{\"@type\":\"PropertyValueSpecification\",\"valueRequired\":true,\"valueName\":\"search_term_string\"}}],\"inLanguage\":\"fr-FR\"},{\"@type\":\"Person\",\"@id\":\"https:\\\/\\\/radiomars.ma\\\/fr\\\/#\\\/schema\\\/person\\\/2136c4e5b98113418fc9226503f12850\",\"name\":\"Youssra EL MANSOURI\",\"image\":{\"@type\":\"ImageObject\",\"inLanguage\":\"fr-FR\",\"@id\":\"https:\\\/\\\/secure.gravatar.com\\\/avatar\\\/b605f22f52f1c1fcc7ff0c8dfa8191c659cc7968a0c1cdce68ad5167e65c0202?s=96&d=mm&r=g\",\"url\":\"https:\\\/\\\/secure.gravatar.com\\\/avatar\\\/b605f22f52f1c1fcc7ff0c8dfa8191c659cc7968a0c1cdce68ad5167e65c0202?s=96&d=mm&r=g\",\"contentUrl\":\"https:\\\/\\\/secure.gravatar.com\\\/avatar\\\/b605f22f52f1c1fcc7ff0c8dfa8191c659cc7968a0c1cdce68ad5167e65c0202?s=96&d=mm&r=g\",\"caption\":\"Youssra EL MANSOURI\"},\"url\":\"https:\\\/\\\/radiomars.ma\\\/fr\\\/?author=7\"}]}<\/script>\n<!-- \/ Yoast SEO plugin. -->","yoast_head_json":{"title":"Le MAS aff\u00fbte ses armes avant son entr\u00e9e en Ligue des champions - RADIOMARS","robots":{"index":"index","follow":"follow","max-snippet":"max-snippet:-1","max-image-preview":"max-image-preview:large","max-video-preview":"max-video-preview:-1"},"canonical":"https:\/\/radiomars.ma\/fr\/?p=5920","og_locale":"fr_FR","og_type":"article","og_title":"Le MAS aff\u00fbte ses armes avant son entr\u00e9e en Ligue des champions - RADIOMARS","og_description":"Le MAS de F\u00e8s a achev\u00e9 sa s\u00e9rie de matchs amicaux en pr\u00e9paration de la nouvelle saison sportive, qu\u2019il d\u00e9butera par une confrontation face au Rahimo FC du Burkina Faso, comptant pour le premier tour pr\u00e9liminaire de la Ligue des champions africaine. Selon notre correspondant Amjad Aboujadallah, le club fassi s\u2019est impos\u00e9 lors de son [&hellip;]","og_url":"https:\/\/radiomars.ma\/fr\/?p=5920","og_site_name":"RADIOMARS","article_published_time":"2026-09-01T08:11:52+00:00","og_image":[{"width":447,"height":447,"url":"https:\/\/radiomars.ma\/fr\/wp-content\/uploads\/2026\/09\/mas.jpg","type":"image\/jpeg"}],"author":"Youssra EL MANSOURI","twitter_card":"summary_large_image","twitter_misc":{"\u00c9crit par":"Youssra EL MANSOURI","Dur\u00e9e de lecture estim\u00e9e":"1 minute"},"schema":{"@context":"https:\/\/schema.org","@graph":[{"@type":"Article","@id":"https:\/\/radiomars.ma\/fr\/?p=5920#article","isPartOf":{"@id":"https:\/\/radiomars.ma\/fr\/?p=5920"},"author":{"name":"Youssra EL MANSOURI","@id":"https:\/\/radiomars.ma\/fr\/#\/schema\/person\/2136c4e5b98113418fc9226503f12850"},"headline":"Le MAS aff\u00fbte ses armes avant son entr\u00e9e en Ligue des champions","datePublished":"2026-09-01T08:11:52+00:00","mainEntityOfPage":{"@id":"https:\/\/radiomars.ma\/fr\/?p=5920"},"wordCount":187,"commentCount":0,"image":{"@id":"https:\/\/radiomars.ma\/fr\/?p=5920#primaryimage"},"thumbnailUrl":"https:\/\/radiomars.ma\/fr\/wp-content\/uploads\/2026\/09\/mas.jpg","articleSection":["BOTOLA PRO","flash"],"inLanguage":"fr-FR","potentialAction":[{"@type":"CommentAction","name":"Comment","target":["https:\/\/radiomars.ma\/fr\/?p=5920#respond"]}]},{"@type":"WebPage","@id":"https:\/\/radiomars.ma\/fr\/?p=5920","url":"https:\/\/radiomars.ma\/fr\/?p=5920","name":"Le MAS aff\u00fbte ses armes avant son entr\u00e9e en Ligue des champions - RADIOMARS","isPartOf":{"@id":"https:\/\/radiomars.ma\/fr\/#website"},"primaryImageOfPage":{"@id":"https:\/\/radiomars.ma\/fr\/?p=5920#primaryimage"},"image":{"@id":"https:\/\/radiomars.ma\/fr\/?p=5920#primaryimage"},"thumbnailUrl":"https:\/\/radiomars.ma\/fr\/wp-content\/uploads\/2026\/09\/mas.jpg","datePublished":"2026-09-01T08:11:52+00:00","author":{"@id":"https:\/\/radiomars.ma\/fr\/#\/schema\/person\/2136c4e5b98113418fc9226503f12850"},"breadcrumb":{"@id":"https:\/\/radiomars.ma\/fr\/?p=5920#breadcrumb"},"inLanguage":"fr-FR","potentialAction":[{"@type":"ReadAction","target":["https:\/\/radiomars.ma\/fr\/?p=5920"]}]},{"@type":"ImageObject","inLanguage":"fr-FR","@id":"https:\/\/radiomars.ma\/fr\/?p=5920#primaryimage","url":"https:\/\/radiomars.ma\/fr\/wp-content\/uploads\/2026\/09\/mas.jpg","contentUrl":"https:\/\/radiomars.ma\/fr\/wp-content\/uploads\/2026\/09\/mas.jpg","width":447,"height":447},{"@type":"BreadcrumbList","@id":"https:\/\/radiomars.ma\/fr\/?p=5920#breadcrumb","itemListElement":[{"@type":"ListItem","position":1,"name":"Accueil","item":"https:\/\/radiomars.ma\/fr\/"},{"@type":"ListItem","position":2,"name":"Le MAS aff\u00fbte ses armes avant son entr\u00e9e en Ligue des champions"}]},{"@type":"WebSite","@id":"https:\/\/radiomars.ma\/fr\/#website","url":"https:\/\/radiomars.ma\/fr\/","name":"RADIOMARS","description":"","potentialAction":[{"@type":"SearchAction","target":{"@type":"EntryPoint","urlTemplate":"https:\/\/radiomars.ma\/fr\/?s={search_term_string}"},"query-input":{"@type":"PropertyValueSpecification","valueRequired":true,"valueName":"search_term_string"}}],"inLanguage":"fr-FR"},{"@type":"Person","@id":"https:\/\/radiomars.ma\/fr\/#\/schema\/person\/2136c4e5b98113418fc9226503f12850","name":"Youssra EL MANSOURI","image":{"@type":"ImageObject","inLanguage":"fr-FR","@id":"https:\/\/secure.gravatar.com\/avatar\/b605f22f52f1c1fcc7ff0c8dfa8191c659cc7968a0c1cdce68ad5167e65c0202?s=96&d=mm&r=g","url":"https:\/\/secure.gravatar.com\/avatar\/b605f22f52f1c1fcc7ff0c8dfa8191c659cc7968a0c1cdce68ad5167e65c0202?s=96&d=mm&r=g","contentUrl":"https:\/\/secure.gravatar.com\/avatar\/b605f22f52f1c1fcc7ff0c8dfa8191c659cc7968a0c1cdce68ad5167e65c0202?s=96&d=mm&r=g","caption":"Youssra EL MANSOURI"},"url":"https:\/\/radiomars.ma\/fr\/?author=7"}]}},"_links":{"self":[{"href":"https:\/\/radiomars.ma\/fr\/index.php?rest_route=\/wp\/v2\/posts\/5920","targetHints":{"allow":["GET"]}}],"collection":[{"href":"https:\/\/radiomars.ma\/fr\/index.php?rest_route=\/wp\/v2\/posts"}],"about":[{"href":"https:\/\/radiomars.ma\/fr\/index.php?rest_route=\/wp\/v2\/types\/post"}],"author":[{"embeddable":true,"href":"https:\/\/radiomars.ma\/fr\/index.php?rest_route=\/wp\/v2\/users\/7"}],"replies":[{"embeddable":true,"href":"https:\/\/radiomars.ma\/fr\/index.php?rest_route=%2Fwp%2Fv2%2Fcomments&post=5920"}],"version-history":[{"count":1,"href":"https:\/\/radiomars.ma\/fr\/index.php?rest_route=\/wp\/v2\/posts\/5920\/revisions"}],"predecessor-version":[{"id":5922,"href":"https:\/\/radiomars.ma\/fr\/index.php?rest_route=\/wp\/v2\/posts\/5920\/revisions\/5922"}],"wp:featuredmedia":[{"embeddable":true,"href":"https:\/\/radiomars.ma\/fr\/index.php?rest_route=\/wp\/v2\/media\/5921"}],"wp:attachment":[{"href":"https:\/\/radiomars.ma\/fr\/index.php?rest_route=%2Fwp%2Fv2%2Fmedia&parent=5920"}],"wp:term":[{"taxonomy":"category","embeddable":true,"href":"https:\/\/radiomars.ma\/fr\/index.php?rest_route=%2Fwp%2Fv2%2Fcategories&post=5920"},{"taxonomy":"post_tag","embeddable":true,"href":"https:\/\/radiomars.ma\/fr\/index.php?rest_route=%2Fwp%2Fv2%2Ftags&post=5920"}],"curies":[{"name":"wp","href":"https:\/\/api.w.org\/{rel}","templated":true}]}}