{"id":5923,"date":"2026-09-01T13:00:59","date_gmt":"2026-09-01T11:00:59","guid":{"rendered":"https:\/\/radiomars.ma\/fr\/?p=5923"},"modified":"2026-09-01T13:00:59","modified_gmt":"2026-09-01T11:00:59","slug":"karim-benzema-quitte-deja-al-hilal-la-retraite-en-question","status":"publish","type":"post","link":"https:\/\/radiomars.ma\/fr\/?p=5923","title":{"rendered":"Karim Benzema quitte d\u00e9j\u00e0 Al-Hilal, la retraite en question"},"content":{"rendered":"<p><strong>Karim Benzema et Al-Hilal, c\u2019est d\u00e9j\u00e0 termin\u00e9. Six mois apr\u00e8s son arriv\u00e9e \u00e0 Riyad, l\u2019attaquant fran\u00e7ais de 38 ans a r\u00e9sili\u00e9 son contrat d\u2019un commun accord avec le club saoudien. D\u00e9sormais libre, son avenir reste incertain.<\/strong><\/p>\n<p>L\u2019aventure aura tourn\u00e9 court. Arriv\u00e9 \u00e0 Al-Hilal en f\u00e9vrier dernier en provenance d\u2019Al-Ittihad, Karim Benzema quitte le club seulement six mois plus tard. Pourtant, le Ballon d\u2019Or 2022 \u00e9tait encore sous contrat jusqu\u2019en juin 2027.<\/p>\n<p>Al-Hilal a officialis\u00e9 la s\u00e9paration lundi. Dans son communiqu\u00e9, le club de Riyad confirme qu\u2019un accord \u00e0 l\u2019amiable a \u00e9t\u00e9 trouv\u00e9 avec l\u2019ancien Madril\u00e8ne et le remercie pour son professionnalisme, son engagement et son leadership.<\/p>\n<h2>Benzema entretient le doute<\/h2>\n<p>Quelques heures apr\u00e8s l\u2019annonce, Karim Benzema a lui aussi pris la parole. \u00ab Un chapitre de ma carri\u00e8re touche \u00e0 sa fin \u00bb, a \u00e9crit le Fran\u00e7ais, avant de remercier ses co\u00e9quipiers, le staff et les supporters d\u2019Al-Hilal.<\/p>\n<p>Une formule qui alimente forc\u00e9ment les interrogations. \u00c0 38 ans, Benzema pourrait avoir disput\u00e9 ses derni\u00e8res minutes comme joueur professionnel. La possibilit\u00e9 d\u2019une retraite, m\u00eame si aucune d\u00e9cision n\u2019a encore \u00e9t\u00e9 annonc\u00e9e par l\u2019ancien international fran\u00e7ais.<\/p>\n<p>D\u2019autres sources avancent toutefois un sc\u00e9nario diff\u00e9rent. Selon AS, Benzema souhaiterait continuer \u00e0 jouer et disposerait d\u00e9j\u00e0 de plusieurs possibilit\u00e9s, notamment en MLS.<\/p>\n<h2>Watkins pour tourner la page<\/h2>\n<p>Le timing de ce d\u00e9part n\u2019est pas anodin. Seulement quelques heures avant l\u2019annonce de la s\u00e9paration avec Benzema, Al-Hilal a recrut\u00e9 Ollie Watkins en provenance d\u2019Aston Villa.<\/p>\n<p>\u00c0 30 ans, l\u2019attaquant anglais incarne le nouveau projet offensif du club de Riyad. Un choix qui accompagne la volont\u00e9 d\u2019Al-Hilal de rajeunir son effectif.<\/p>\n<p>Benzema quitte donc l\u2019Arabie saoudite trois ans apr\u00e8s son arriv\u00e9e \u00e0 Al-Ittihad en 2023. Reste d\u00e9sormais une derni\u00e8re inconnue : trouver un ultime d\u00e9fi ou refermer d\u00e9finitivement l\u2019une des plus grandes carri\u00e8res du football fran\u00e7ais.<\/p>\n","protected":false},"excerpt":{"rendered":"<p>Karim Benzema et Al-Hilal, c\u2019est d\u00e9j\u00e0 termin\u00e9. Six mois apr\u00e8s son arriv\u00e9e \u00e0 Riyad, l\u2019attaquant fran\u00e7ais de 38 ans a r\u00e9sili\u00e9 son contrat d\u2019un commun accord avec le club saoudien. D\u00e9sormais libre, son avenir reste incertain. L\u2019aventure aura tourn\u00e9 court. Arriv\u00e9 \u00e0 Al-Hilal en f\u00e9vrier dernier en provenance d\u2019Al-Ittihad, Karim Benzema quitte le club seulement [&hellip;]<\/p>\n","protected":false},"author":13,"featured_media":5924,"comment_status":"open","ping_status":"open","sticky":false,"template":"","format":"standard","meta":{"footnotes":""},"categories":[52,33,48],"tags":[],"class_list":["post-5923","post","type-post","status-publish","format-standard","has-post-thumbnail","category-flash","category-linternationales","category-slider"],"yoast_head":"<!-- This site is optimized with the Yoast SEO plugin v27.6 - https:\/\/yoast.com\/product\/yoast-seo-wordpress\/ -->\n<title>Karim Benzema quitte d\u00e9j\u00e0 Al-Hilal, la retraite en question - RADIOMARS<\/title>\n<meta name=\"robots\" content=\"index, follow, max-snippet:-1, max-image-preview:large, max-video-preview:-1\" \/>\n<link rel=\"canonical\" href=\"https:\/\/radiomars.ma\/fr\/?p=5923\" \/>\n<meta property=\"og:locale\" content=\"fr_FR\" \/>\n<meta property=\"og:type\" content=\"article\" \/>\n<meta property=\"og:title\" content=\"Karim Benzema quitte d\u00e9j\u00e0 Al-Hilal, la retraite en question - RADIOMARS\" \/>\n<meta property=\"og:description\" content=\"Karim Benzema et Al-Hilal, c\u2019est d\u00e9j\u00e0 termin\u00e9. Six mois apr\u00e8s son arriv\u00e9e \u00e0 Riyad, l\u2019attaquant fran\u00e7ais de 38 ans a r\u00e9sili\u00e9 son contrat d\u2019un commun accord avec le club saoudien. D\u00e9sormais libre, son avenir reste incertain. L\u2019aventure aura tourn\u00e9 court. Arriv\u00e9 \u00e0 Al-Hilal en f\u00e9vrier dernier en provenance d\u2019Al-Ittihad, Karim Benzema quitte le club seulement [&hellip;]\" \/>\n<meta property=\"og:url\" content=\"https:\/\/radiomars.ma\/fr\/?p=5923\" \/>\n<meta property=\"og:site_name\" content=\"RADIOMARS\" \/>\n<meta property=\"article:published_time\" content=\"2026-09-01T11:00:59+00:00\" \/>\n<meta property=\"og:image\" content=\"https:\/\/radiomars.ma\/fr\/wp-content\/uploads\/2026\/09\/HRABEgeXIAAsshM.jpeg\" \/>\n\t<meta property=\"og:image:width\" content=\"1247\" \/>\n\t<meta property=\"og:image:height\" content=\"1559\" \/>\n\t<meta property=\"og:image:type\" content=\"image\/jpeg\" \/>\n<meta name=\"author\" content=\"Nourhane HAROUI\" \/>\n<meta name=\"twitter:card\" content=\"summary_large_image\" \/>\n<meta name=\"twitter:label1\" content=\"\u00c9crit par\" \/>\n\t<meta name=\"twitter:data1\" content=\"Nourhane HAROUI\" \/>\n\t<meta name=\"twitter:label2\" content=\"Dur\u00e9e de lecture estim\u00e9e\" \/>\n\t<meta name=\"twitter:data2\" content=\"2 minutes\" \/>\n<script type=\"application\/ld+json\" class=\"yoast-schema-graph\">{\"@context\":\"https:\\\/\\\/schema.org\",\"@graph\":[{\"@type\":\"Article\",\"@id\":\"https:\\\/\\\/radiomars.ma\\\/fr\\\/?p=5923#article\",\"isPartOf\":{\"@id\":\"https:\\\/\\\/radiomars.ma\\\/fr\\\/?p=5923\"},\"author\":{\"name\":\"Nourhane HAROUI\",\"@id\":\"https:\\\/\\\/radiomars.ma\\\/fr\\\/#\\\/schema\\\/person\\\/a9698f3d532a66af8bdf55eab142d882\"},\"headline\":\"Karim Benzema quitte d\u00e9j\u00e0 Al-Hilal, la retraite en question\",\"datePublished\":\"2026-09-01T11:00:59+00:00\",\"mainEntityOfPage\":{\"@id\":\"https:\\\/\\\/radiomars.ma\\\/fr\\\/?p=5923\"},\"wordCount\":348,\"commentCount\":0,\"image\":{\"@id\":\"https:\\\/\\\/radiomars.ma\\\/fr\\\/?p=5923#primaryimage\"},\"thumbnailUrl\":\"https:\\\/\\\/radiomars.ma\\\/fr\\\/wp-content\\\/uploads\\\/2026\\\/09\\\/HRABEgeXIAAsshM.jpeg\",\"articleSection\":[\"flash\",\"L'INTERNATIONALE\",\"slider\"],\"inLanguage\":\"fr-FR\",\"potentialAction\":[{\"@type\":\"CommentAction\",\"name\":\"Comment\",\"target\":[\"https:\\\/\\\/radiomars.ma\\\/fr\\\/?p=5923#respond\"]}]},{\"@type\":\"WebPage\",\"@id\":\"https:\\\/\\\/radiomars.ma\\\/fr\\\/?p=5923\",\"url\":\"https:\\\/\\\/radiomars.ma\\\/fr\\\/?p=5923\",\"name\":\"Karim Benzema quitte d\u00e9j\u00e0 Al-Hilal, la retraite en question - RADIOMARS\",\"isPartOf\":{\"@id\":\"https:\\\/\\\/radiomars.ma\\\/fr\\\/#website\"},\"primaryImageOfPage\":{\"@id\":\"https:\\\/\\\/radiomars.ma\\\/fr\\\/?p=5923#primaryimage\"},\"image\":{\"@id\":\"https:\\\/\\\/radiomars.ma\\\/fr\\\/?p=5923#primaryimage\"},\"thumbnailUrl\":\"https:\\\/\\\/radiomars.ma\\\/fr\\\/wp-content\\\/uploads\\\/2026\\\/09\\\/HRABEgeXIAAsshM.jpeg\",\"datePublished\":\"2026-09-01T11:00:59+00:00\",\"author\":{\"@id\":\"https:\\\/\\\/radiomars.ma\\\/fr\\\/#\\\/schema\\\/person\\\/a9698f3d532a66af8bdf55eab142d882\"},\"breadcrumb\":{\"@id\":\"https:\\\/\\\/radiomars.ma\\\/fr\\\/?p=5923#breadcrumb\"},\"inLanguage\":\"fr-FR\",\"potentialAction\":[{\"@type\":\"ReadAction\",\"target\":[\"https:\\\/\\\/radiomars.ma\\\/fr\\\/?p=5923\"]}]},{\"@type\":\"ImageObject\",\"inLanguage\":\"fr-FR\",\"@id\":\"https:\\\/\\\/radiomars.ma\\\/fr\\\/?p=5923#primaryimage\",\"url\":\"https:\\\/\\\/radiomars.ma\\\/fr\\\/wp-content\\\/uploads\\\/2026\\\/09\\\/HRABEgeXIAAsshM.jpeg\",\"contentUrl\":\"https:\\\/\\\/radiomars.ma\\\/fr\\\/wp-content\\\/uploads\\\/2026\\\/09\\\/HRABEgeXIAAsshM.jpeg\",\"width\":1247,\"height\":1559},{\"@type\":\"BreadcrumbList\",\"@id\":\"https:\\\/\\\/radiomars.ma\\\/fr\\\/?p=5923#breadcrumb\",\"itemListElement\":[{\"@type\":\"ListItem\",\"position\":1,\"name\":\"Accueil\",\"item\":\"https:\\\/\\\/radiomars.ma\\\/fr\\\/\"},{\"@type\":\"ListItem\",\"position\":2,\"name\":\"Karim Benzema quitte d\u00e9j\u00e0 Al-Hilal, la retraite en question\"}]},{\"@type\":\"WebSite\",\"@id\":\"https:\\\/\\\/radiomars.ma\\\/fr\\\/#website\",\"url\":\"https:\\\/\\\/radiomars.ma\\\/fr\\\/\",\"name\":\"RADIOMARS\",\"description\":\"\",\"potentialAction\":[{\"@type\":\"SearchAction\",\"target\":{\"@type\":\"EntryPoint\",\"urlTemplate\":\"https:\\\/\\\/radiomars.ma\\\/fr\\\/?s={search_term_string}\"},\"query-input\":{\"@type\":\"PropertyValueSpecification\",\"valueRequired\":true,\"valueName\":\"search_term_string\"}}],\"inLanguage\":\"fr-FR\"},{\"@type\":\"Person\",\"@id\":\"https:\\\/\\\/radiomars.ma\\\/fr\\\/#\\\/schema\\\/person\\\/a9698f3d532a66af8bdf55eab142d882\",\"name\":\"Nourhane HAROUI\",\"image\":{\"@type\":\"ImageObject\",\"inLanguage\":\"fr-FR\",\"@id\":\"https:\\\/\\\/secure.gravatar.com\\\/avatar\\\/41ccbb44b460ffd178bfba847ebd4a97d9314423310ed4f27289588b156b2e4f?s=96&d=mm&r=g\",\"url\":\"https:\\\/\\\/secure.gravatar.com\\\/avatar\\\/41ccbb44b460ffd178bfba847ebd4a97d9314423310ed4f27289588b156b2e4f?s=96&d=mm&r=g\",\"contentUrl\":\"https:\\\/\\\/secure.gravatar.com\\\/avatar\\\/41ccbb44b460ffd178bfba847ebd4a97d9314423310ed4f27289588b156b2e4f?s=96&d=mm&r=g\",\"caption\":\"Nourhane HAROUI\"},\"url\":\"https:\\\/\\\/radiomars.ma\\\/fr\\\/?author=13\"}]}<\/script>\n<!-- \/ Yoast SEO plugin. -->","yoast_head_json":{"title":"Karim Benzema quitte d\u00e9j\u00e0 Al-Hilal, la retraite en question - RADIOMARS","robots":{"index":"index","follow":"follow","max-snippet":"max-snippet:-1","max-image-preview":"max-image-preview:large","max-video-preview":"max-video-preview:-1"},"canonical":"https:\/\/radiomars.ma\/fr\/?p=5923","og_locale":"fr_FR","og_type":"article","og_title":"Karim Benzema quitte d\u00e9j\u00e0 Al-Hilal, la retraite en question - RADIOMARS","og_description":"Karim Benzema et Al-Hilal, c\u2019est d\u00e9j\u00e0 termin\u00e9. Six mois apr\u00e8s son arriv\u00e9e \u00e0 Riyad, l\u2019attaquant fran\u00e7ais de 38 ans a r\u00e9sili\u00e9 son contrat d\u2019un commun accord avec le club saoudien. D\u00e9sormais libre, son avenir reste incertain. L\u2019aventure aura tourn\u00e9 court. Arriv\u00e9 \u00e0 Al-Hilal en f\u00e9vrier dernier en provenance d\u2019Al-Ittihad, Karim Benzema quitte le club seulement [&hellip;]","og_url":"https:\/\/radiomars.ma\/fr\/?p=5923","og_site_name":"RADIOMARS","article_published_time":"2026-09-01T11:00:59+00:00","og_image":[{"width":1247,"height":1559,"url":"https:\/\/radiomars.ma\/fr\/wp-content\/uploads\/2026\/09\/HRABEgeXIAAsshM.jpeg","type":"image\/jpeg"}],"author":"Nourhane HAROUI","twitter_card":"summary_large_image","twitter_misc":{"\u00c9crit par":"Nourhane HAROUI","Dur\u00e9e de lecture estim\u00e9e":"2 minutes"},"schema":{"@context":"https:\/\/schema.org","@graph":[{"@type":"Article","@id":"https:\/\/radiomars.ma\/fr\/?p=5923#article","isPartOf":{"@id":"https:\/\/radiomars.ma\/fr\/?p=5923"},"author":{"name":"Nourhane HAROUI","@id":"https:\/\/radiomars.ma\/fr\/#\/schema\/person\/a9698f3d532a66af8bdf55eab142d882"},"headline":"Karim Benzema quitte d\u00e9j\u00e0 Al-Hilal, la retraite en question","datePublished":"2026-09-01T11:00:59+00:00","mainEntityOfPage":{"@id":"https:\/\/radiomars.ma\/fr\/?p=5923"},"wordCount":348,"commentCount":0,"image":{"@id":"https:\/\/radiomars.ma\/fr\/?p=5923#primaryimage"},"thumbnailUrl":"https:\/\/radiomars.ma\/fr\/wp-content\/uploads\/2026\/09\/HRABEgeXIAAsshM.jpeg","articleSection":["flash","L'INTERNATIONALE","slider"],"inLanguage":"fr-FR","potentialAction":[{"@type":"CommentAction","name":"Comment","target":["https:\/\/radiomars.ma\/fr\/?p=5923#respond"]}]},{"@type":"WebPage","@id":"https:\/\/radiomars.ma\/fr\/?p=5923","url":"https:\/\/radiomars.ma\/fr\/?p=5923","name":"Karim Benzema quitte d\u00e9j\u00e0 Al-Hilal, la retraite en question - RADIOMARS","isPartOf":{"@id":"https:\/\/radiomars.ma\/fr\/#website"},"primaryImageOfPage":{"@id":"https:\/\/radiomars.ma\/fr\/?p=5923#primaryimage"},"image":{"@id":"https:\/\/radiomars.ma\/fr\/?p=5923#primaryimage"},"thumbnailUrl":"https:\/\/radiomars.ma\/fr\/wp-content\/uploads\/2026\/09\/HRABEgeXIAAsshM.jpeg","datePublished":"2026-09-01T11:00:59+00:00","author":{"@id":"https:\/\/radiomars.ma\/fr\/#\/schema\/person\/a9698f3d532a66af8bdf55eab142d882"},"breadcrumb":{"@id":"https:\/\/radiomars.ma\/fr\/?p=5923#breadcrumb"},"inLanguage":"fr-FR","potentialAction":[{"@type":"ReadAction","target":["https:\/\/radiomars.ma\/fr\/?p=5923"]}]},{"@type":"ImageObject","inLanguage":"fr-FR","@id":"https:\/\/radiomars.ma\/fr\/?p=5923#primaryimage","url":"https:\/\/radiomars.ma\/fr\/wp-content\/uploads\/2026\/09\/HRABEgeXIAAsshM.jpeg","contentUrl":"https:\/\/radiomars.ma\/fr\/wp-content\/uploads\/2026\/09\/HRABEgeXIAAsshM.jpeg","width":1247,"height":1559},{"@type":"BreadcrumbList","@id":"https:\/\/radiomars.ma\/fr\/?p=5923#breadcrumb","itemListElement":[{"@type":"ListItem","position":1,"name":"Accueil","item":"https:\/\/radiomars.ma\/fr\/"},{"@type":"ListItem","position":2,"name":"Karim Benzema quitte d\u00e9j\u00e0 Al-Hilal, la retraite en question"}]},{"@type":"WebSite","@id":"https:\/\/radiomars.ma\/fr\/#website","url":"https:\/\/radiomars.ma\/fr\/","name":"RADIOMARS","description":"","potentialAction":[{"@type":"SearchAction","target":{"@type":"EntryPoint","urlTemplate":"https:\/\/radiomars.ma\/fr\/?s={search_term_string}"},"query-input":{"@type":"PropertyValueSpecification","valueRequired":true,"valueName":"search_term_string"}}],"inLanguage":"fr-FR"},{"@type":"Person","@id":"https:\/\/radiomars.ma\/fr\/#\/schema\/person\/a9698f3d532a66af8bdf55eab142d882","name":"Nourhane HAROUI","image":{"@type":"ImageObject","inLanguage":"fr-FR","@id":"https:\/\/secure.gravatar.com\/avatar\/41ccbb44b460ffd178bfba847ebd4a97d9314423310ed4f27289588b156b2e4f?s=96&d=mm&r=g","url":"https:\/\/secure.gravatar.com\/avatar\/41ccbb44b460ffd178bfba847ebd4a97d9314423310ed4f27289588b156b2e4f?s=96&d=mm&r=g","contentUrl":"https:\/\/secure.gravatar.com\/avatar\/41ccbb44b460ffd178bfba847ebd4a97d9314423310ed4f27289588b156b2e4f?s=96&d=mm&r=g","caption":"Nourhane HAROUI"},"url":"https:\/\/radiomars.ma\/fr\/?author=13"}]}},"_links":{"self":[{"href":"https:\/\/radiomars.ma\/fr\/index.php?rest_route=\/wp\/v2\/posts\/5923","targetHints":{"allow":["GET"]}}],"collection":[{"href":"https:\/\/radiomars.ma\/fr\/index.php?rest_route=\/wp\/v2\/posts"}],"about":[{"href":"https:\/\/radiomars.ma\/fr\/index.php?rest_route=\/wp\/v2\/types\/post"}],"author":[{"embeddable":true,"href":"https:\/\/radiomars.ma\/fr\/index.php?rest_route=\/wp\/v2\/users\/13"}],"replies":[{"embeddable":true,"href":"https:\/\/radiomars.ma\/fr\/index.php?rest_route=%2Fwp%2Fv2%2Fcomments&post=5923"}],"version-history":[{"count":1,"href":"https:\/\/radiomars.ma\/fr\/index.php?rest_route=\/wp\/v2\/posts\/5923\/revisions"}],"predecessor-version":[{"id":5925,"href":"https:\/\/radiomars.ma\/fr\/index.php?rest_route=\/wp\/v2\/posts\/5923\/revisions\/5925"}],"wp:featuredmedia":[{"embeddable":true,"href":"https:\/\/radiomars.ma\/fr\/index.php?rest_route=\/wp\/v2\/media\/5924"}],"wp:attachment":[{"href":"https:\/\/radiomars.ma\/fr\/index.php?rest_route=%2Fwp%2Fv2%2Fmedia&parent=5923"}],"wp:term":[{"taxonomy":"category","embeddable":true,"href":"https:\/\/radiomars.ma\/fr\/index.php?rest_route=%2Fwp%2Fv2%2Fcategories&post=5923"},{"taxonomy":"post_tag","embeddable":true,"href":"https:\/\/radiomars.ma\/fr\/index.php?rest_route=%2Fwp%2Fv2%2Ftags&post=5923"}],"curies":[{"name":"wp","href":"https:\/\/api.w.org\/{rel}","templated":true}]}}