{"id":5935,"date":"2026-09-01T17:31:58","date_gmt":"2026-09-01T15:31:58","guid":{"rendered":"https:\/\/radiomars.ma\/fr\/?p=5935"},"modified":"2026-09-01T17:31:58","modified_gmt":"2026-09-01T15:31:58","slug":"raja-paco-jemez-portrait-du-nouveau-technicien-des-verts","status":"publish","type":"post","link":"https:\/\/radiomars.ma\/fr\/?p=5935","title":{"rendered":"Raja : Paco J\u00e9mez, portrait du nouveau technicien des Verts"},"content":{"rendered":"<p>Le Raja de Casablanca a act\u00e9 la fin de sa collaboration avec Nasreddine Nabi, remerci\u00e9 lundi 31 ao\u00fbt \u00ab dans le plein respect des dispositions contractuelles \u00bb liant les deux parties, avec des mots de gratitude du club pour le travail accompli.<\/p>\n<p>Pour prendre sa succession, la direction rajaouie a choisi l&rsquo;Espagnol Paco J\u00e9mez, 56 ans, dont la nomination officielle est attendue ce mardi 1er septembre. Le technicien d\u00e9barque \u00e0 Casablanca avec une r\u00e9putation bien \u00e9tablie : celle d&rsquo;un entra\u00eeneur offensif, fid\u00e8le \u00e0 un jeu bas\u00e9 sur la possession et le pressing haut.<\/p>\n<p><strong>Une longue carri\u00e8re entre le terrain et les bancs<\/strong><\/p>\n<p>N\u00e9 en 1970 \u00e0 Las Palmas, Francisco J\u00e9mez Mart\u00edn a d&rsquo;abord \u00e9t\u00e9 d\u00e9fenseur central en Liga, avec des passages \u00e0 C\u00f3rdoba, au Real Murcia, au Rayo Vallecano, au Deportivo La Corogne et au Real Saragosse. Il y remporte deux Coupes du Roi et une Supercoupe d&rsquo;Espagne, et honore 21 s\u00e9lections avec la Roja, participant \u00e0 l&rsquo;Euro 2000.<br \/>\nReconverti entra\u00eeneur apr\u00e8s 2006, c&rsquo;est au Rayo Vallecano, \u00e0 partir de 2012, qu&rsquo;il se fait un nom : son \u00e9quipe, malgr\u00e9 des moyens limit\u00e9s, joue vers l&rsquo;avant, construit depuis l&rsquo;arri\u00e8re et refuse de se renier face aux cadors. Une philosophie qui avait \u00e0 l&rsquo;\u00e9poque s\u00e9duit Xavi Hern\u00e1ndez et Carlo Ancelotti, tous deux publiquement admiratifs de son style de jeu.<br \/>\nPas un homme de syst\u00e8me, mais d&rsquo;id\u00e9es<br \/>\nJ\u00e9mez ne s&rsquo;attache pas \u00e0 un sch\u00e9ma fig\u00e9 \u2014 m\u00eame s&rsquo;il a souvent utilis\u00e9 le 4-2-3-1 \u2014 mais privil\u00e9gie les mouvements collectifs et les zones de r\u00e9cup\u00e9ration du ballon. Sa conviction reste constante : le spectacle ne doit jamais \u00eatre sacrifi\u00e9 au seul r\u00e9sultat.<br \/>\nApr\u00e8s le Rayo, son parcours l&rsquo;a men\u00e9 \u00e0 Grenade, au Mexique (Cruz Azul), de nouveau \u00e0 Las Palmas et au Rayo, puis \u00e0 l&rsquo;UD Ibiza et en Iran (Tractor SC). Plus r\u00e9cemment, en janvier 2026, il a rejoint le staff de Nuno Esp\u00edrito Santo \u00e0 West Ham en Premier League, une exp\u00e9rience achev\u00e9e le 6 juillet \u00e0 la fin de son contrat.<br \/>\n<strong>Un nouveau d\u00e9fi africain<\/strong><\/p>\n<p>Avec le Raja, Paco J\u00e9mez d\u00e9couvre pour la premi\u00e8re fois le continent africain. \u00c0 Casablanca, l&rsquo;exigence de r\u00e9sultats imm\u00e9diats se double d&rsquo;une exigence sur le jeu produit \u2014 un contexte qui, selon ses propres mots r\u00e9p\u00e9t\u00e9s au fil de sa carri\u00e8re, colle \u00e0 sa volont\u00e9 de \u00ab faire plaisir au public \u00bb.<\/p>\n","protected":false},"excerpt":{"rendered":"<p>Le Raja de Casablanca a act\u00e9 la fin de sa collaboration avec Nasreddine Nabi, remerci\u00e9 lundi 31 ao\u00fbt \u00ab dans le plein respect des dispositions contractuelles \u00bb liant les deux parties, avec des mots de gratitude du club pour le travail accompli. Pour prendre sa succession, la direction rajaouie a choisi l&rsquo;Espagnol Paco J\u00e9mez, 56 [&hellip;]<\/p>\n","protected":false},"author":3,"featured_media":5936,"comment_status":"open","ping_status":"open","sticky":false,"template":"","format":"standard","meta":{"footnotes":""},"categories":[15,52,48,47],"tags":[1093,1022],"class_list":["post-5935","post","type-post","status-publish","format-standard","has-post-thumbnail","category-botola-pro","category-flash","category-slider","category-top-spots","tag-paco-jemez","tag-raja-casablanca"],"yoast_head":"<!-- This site is optimized with the Yoast SEO plugin v27.6 - https:\/\/yoast.com\/product\/yoast-seo-wordpress\/ -->\n<title>Raja : Paco J\u00e9mez, portrait du nouveau technicien des Verts - RADIOMARS<\/title>\n<meta name=\"robots\" content=\"index, follow, max-snippet:-1, max-image-preview:large, max-video-preview:-1\" \/>\n<link rel=\"canonical\" href=\"https:\/\/radiomars.ma\/fr\/?p=5935\" \/>\n<meta property=\"og:locale\" content=\"fr_FR\" \/>\n<meta property=\"og:type\" content=\"article\" \/>\n<meta property=\"og:title\" content=\"Raja : Paco J\u00e9mez, portrait du nouveau technicien des Verts - RADIOMARS\" \/>\n<meta property=\"og:description\" content=\"Le Raja de Casablanca a act\u00e9 la fin de sa collaboration avec Nasreddine Nabi, remerci\u00e9 lundi 31 ao\u00fbt \u00ab dans le plein respect des dispositions contractuelles \u00bb liant les deux parties, avec des mots de gratitude du club pour le travail accompli. Pour prendre sa succession, la direction rajaouie a choisi l&rsquo;Espagnol Paco J\u00e9mez, 56 [&hellip;]\" \/>\n<meta property=\"og:url\" content=\"https:\/\/radiomars.ma\/fr\/?p=5935\" \/>\n<meta property=\"og:site_name\" content=\"RADIOMARS\" \/>\n<meta property=\"article:published_time\" content=\"2026-09-01T15:31:58+00:00\" \/>\n<meta property=\"og:image\" content=\"https:\/\/radiomars.ma\/fr\/wp-content\/uploads\/2026\/09\/images-88.jpeg\" \/>\n\t<meta property=\"og:image:width\" content=\"588\" \/>\n\t<meta property=\"og:image:height\" content=\"330\" \/>\n\t<meta property=\"og:image:type\" content=\"image\/jpeg\" \/>\n<meta name=\"author\" content=\"Amine Birouk\" \/>\n<meta name=\"twitter:card\" content=\"summary_large_image\" \/>\n<meta name=\"twitter:label1\" content=\"\u00c9crit par\" \/>\n\t<meta name=\"twitter:data1\" content=\"Amine Birouk\" \/>\n\t<meta name=\"twitter:label2\" content=\"Dur\u00e9e de lecture estim\u00e9e\" \/>\n\t<meta name=\"twitter:data2\" content=\"3 minutes\" \/>\n<script type=\"application\/ld+json\" class=\"yoast-schema-graph\">{\"@context\":\"https:\\\/\\\/schema.org\",\"@graph\":[{\"@type\":\"Article\",\"@id\":\"https:\\\/\\\/radiomars.ma\\\/fr\\\/?p=5935#article\",\"isPartOf\":{\"@id\":\"https:\\\/\\\/radiomars.ma\\\/fr\\\/?p=5935\"},\"author\":{\"name\":\"Amine Birouk\",\"@id\":\"https:\\\/\\\/radiomars.ma\\\/fr\\\/#\\\/schema\\\/person\\\/3c84279e0c82d50196b7b9eaeb67f7df\"},\"headline\":\"Raja : Paco J\u00e9mez, portrait du nouveau technicien des Verts\",\"datePublished\":\"2026-09-01T15:31:58+00:00\",\"mainEntityOfPage\":{\"@id\":\"https:\\\/\\\/radiomars.ma\\\/fr\\\/?p=5935\"},\"wordCount\":424,\"commentCount\":0,\"image\":{\"@id\":\"https:\\\/\\\/radiomars.ma\\\/fr\\\/?p=5935#primaryimage\"},\"thumbnailUrl\":\"https:\\\/\\\/radiomars.ma\\\/fr\\\/wp-content\\\/uploads\\\/2026\\\/09\\\/images-88.jpeg\",\"keywords\":[\"Paco J\u00e9mez\",\"Raja Casablanca\"],\"articleSection\":[\"BOTOLA PRO\",\"flash\",\"slider\",\"Top spots\"],\"inLanguage\":\"fr-FR\",\"potentialAction\":[{\"@type\":\"CommentAction\",\"name\":\"Comment\",\"target\":[\"https:\\\/\\\/radiomars.ma\\\/fr\\\/?p=5935#respond\"]}]},{\"@type\":\"WebPage\",\"@id\":\"https:\\\/\\\/radiomars.ma\\\/fr\\\/?p=5935\",\"url\":\"https:\\\/\\\/radiomars.ma\\\/fr\\\/?p=5935\",\"name\":\"Raja : Paco J\u00e9mez, portrait du nouveau technicien des Verts - RADIOMARS\",\"isPartOf\":{\"@id\":\"https:\\\/\\\/radiomars.ma\\\/fr\\\/#website\"},\"primaryImageOfPage\":{\"@id\":\"https:\\\/\\\/radiomars.ma\\\/fr\\\/?p=5935#primaryimage\"},\"image\":{\"@id\":\"https:\\\/\\\/radiomars.ma\\\/fr\\\/?p=5935#primaryimage\"},\"thumbnailUrl\":\"https:\\\/\\\/radiomars.ma\\\/fr\\\/wp-content\\\/uploads\\\/2026\\\/09\\\/images-88.jpeg\",\"datePublished\":\"2026-09-01T15:31:58+00:00\",\"author\":{\"@id\":\"https:\\\/\\\/radiomars.ma\\\/fr\\\/#\\\/schema\\\/person\\\/3c84279e0c82d50196b7b9eaeb67f7df\"},\"breadcrumb\":{\"@id\":\"https:\\\/\\\/radiomars.ma\\\/fr\\\/?p=5935#breadcrumb\"},\"inLanguage\":\"fr-FR\",\"potentialAction\":[{\"@type\":\"ReadAction\",\"target\":[\"https:\\\/\\\/radiomars.ma\\\/fr\\\/?p=5935\"]}]},{\"@type\":\"ImageObject\",\"inLanguage\":\"fr-FR\",\"@id\":\"https:\\\/\\\/radiomars.ma\\\/fr\\\/?p=5935#primaryimage\",\"url\":\"https:\\\/\\\/radiomars.ma\\\/fr\\\/wp-content\\\/uploads\\\/2026\\\/09\\\/images-88.jpeg\",\"contentUrl\":\"https:\\\/\\\/radiomars.ma\\\/fr\\\/wp-content\\\/uploads\\\/2026\\\/09\\\/images-88.jpeg\",\"width\":588,\"height\":330},{\"@type\":\"BreadcrumbList\",\"@id\":\"https:\\\/\\\/radiomars.ma\\\/fr\\\/?p=5935#breadcrumb\",\"itemListElement\":[{\"@type\":\"ListItem\",\"position\":1,\"name\":\"Accueil\",\"item\":\"https:\\\/\\\/radiomars.ma\\\/fr\\\/\"},{\"@type\":\"ListItem\",\"position\":2,\"name\":\"Raja : Paco J\u00e9mez, portrait du nouveau technicien des Verts\"}]},{\"@type\":\"WebSite\",\"@id\":\"https:\\\/\\\/radiomars.ma\\\/fr\\\/#website\",\"url\":\"https:\\\/\\\/radiomars.ma\\\/fr\\\/\",\"name\":\"RADIOMARS\",\"description\":\"\",\"potentialAction\":[{\"@type\":\"SearchAction\",\"target\":{\"@type\":\"EntryPoint\",\"urlTemplate\":\"https:\\\/\\\/radiomars.ma\\\/fr\\\/?s={search_term_string}\"},\"query-input\":{\"@type\":\"PropertyValueSpecification\",\"valueRequired\":true,\"valueName\":\"search_term_string\"}}],\"inLanguage\":\"fr-FR\"},{\"@type\":\"Person\",\"@id\":\"https:\\\/\\\/radiomars.ma\\\/fr\\\/#\\\/schema\\\/person\\\/3c84279e0c82d50196b7b9eaeb67f7df\",\"name\":\"Amine Birouk\",\"image\":{\"@type\":\"ImageObject\",\"inLanguage\":\"fr-FR\",\"@id\":\"https:\\\/\\\/secure.gravatar.com\\\/avatar\\\/980362d30b99e5f165da95d8182ab3d998bbd98c95f5200d1e5670c03c19cb38?s=96&d=mm&r=g\",\"url\":\"https:\\\/\\\/secure.gravatar.com\\\/avatar\\\/980362d30b99e5f165da95d8182ab3d998bbd98c95f5200d1e5670c03c19cb38?s=96&d=mm&r=g\",\"contentUrl\":\"https:\\\/\\\/secure.gravatar.com\\\/avatar\\\/980362d30b99e5f165da95d8182ab3d998bbd98c95f5200d1e5670c03c19cb38?s=96&d=mm&r=g\",\"caption\":\"Amine Birouk\"},\"url\":\"https:\\\/\\\/radiomars.ma\\\/fr\\\/?author=3\"}]}<\/script>\n<!-- \/ Yoast SEO plugin. -->","yoast_head_json":{"title":"Raja : Paco J\u00e9mez, portrait du nouveau technicien des Verts - RADIOMARS","robots":{"index":"index","follow":"follow","max-snippet":"max-snippet:-1","max-image-preview":"max-image-preview:large","max-video-preview":"max-video-preview:-1"},"canonical":"https:\/\/radiomars.ma\/fr\/?p=5935","og_locale":"fr_FR","og_type":"article","og_title":"Raja : Paco J\u00e9mez, portrait du nouveau technicien des Verts - RADIOMARS","og_description":"Le Raja de Casablanca a act\u00e9 la fin de sa collaboration avec Nasreddine Nabi, remerci\u00e9 lundi 31 ao\u00fbt \u00ab dans le plein respect des dispositions contractuelles \u00bb liant les deux parties, avec des mots de gratitude du club pour le travail accompli. Pour prendre sa succession, la direction rajaouie a choisi l&rsquo;Espagnol Paco J\u00e9mez, 56 [&hellip;]","og_url":"https:\/\/radiomars.ma\/fr\/?p=5935","og_site_name":"RADIOMARS","article_published_time":"2026-09-01T15:31:58+00:00","og_image":[{"width":588,"height":330,"url":"https:\/\/radiomars.ma\/fr\/wp-content\/uploads\/2026\/09\/images-88.jpeg","type":"image\/jpeg"}],"author":"Amine Birouk","twitter_card":"summary_large_image","twitter_misc":{"\u00c9crit par":"Amine Birouk","Dur\u00e9e de lecture estim\u00e9e":"3 minutes"},"schema":{"@context":"https:\/\/schema.org","@graph":[{"@type":"Article","@id":"https:\/\/radiomars.ma\/fr\/?p=5935#article","isPartOf":{"@id":"https:\/\/radiomars.ma\/fr\/?p=5935"},"author":{"name":"Amine Birouk","@id":"https:\/\/radiomars.ma\/fr\/#\/schema\/person\/3c84279e0c82d50196b7b9eaeb67f7df"},"headline":"Raja : Paco J\u00e9mez, portrait du nouveau technicien des Verts","datePublished":"2026-09-01T15:31:58+00:00","mainEntityOfPage":{"@id":"https:\/\/radiomars.ma\/fr\/?p=5935"},"wordCount":424,"commentCount":0,"image":{"@id":"https:\/\/radiomars.ma\/fr\/?p=5935#primaryimage"},"thumbnailUrl":"https:\/\/radiomars.ma\/fr\/wp-content\/uploads\/2026\/09\/images-88.jpeg","keywords":["Paco J\u00e9mez","Raja Casablanca"],"articleSection":["BOTOLA PRO","flash","slider","Top spots"],"inLanguage":"fr-FR","potentialAction":[{"@type":"CommentAction","name":"Comment","target":["https:\/\/radiomars.ma\/fr\/?p=5935#respond"]}]},{"@type":"WebPage","@id":"https:\/\/radiomars.ma\/fr\/?p=5935","url":"https:\/\/radiomars.ma\/fr\/?p=5935","name":"Raja : Paco J\u00e9mez, portrait du nouveau technicien des Verts - RADIOMARS","isPartOf":{"@id":"https:\/\/radiomars.ma\/fr\/#website"},"primaryImageOfPage":{"@id":"https:\/\/radiomars.ma\/fr\/?p=5935#primaryimage"},"image":{"@id":"https:\/\/radiomars.ma\/fr\/?p=5935#primaryimage"},"thumbnailUrl":"https:\/\/radiomars.ma\/fr\/wp-content\/uploads\/2026\/09\/images-88.jpeg","datePublished":"2026-09-01T15:31:58+00:00","author":{"@id":"https:\/\/radiomars.ma\/fr\/#\/schema\/person\/3c84279e0c82d50196b7b9eaeb67f7df"},"breadcrumb":{"@id":"https:\/\/radiomars.ma\/fr\/?p=5935#breadcrumb"},"inLanguage":"fr-FR","potentialAction":[{"@type":"ReadAction","target":["https:\/\/radiomars.ma\/fr\/?p=5935"]}]},{"@type":"ImageObject","inLanguage":"fr-FR","@id":"https:\/\/radiomars.ma\/fr\/?p=5935#primaryimage","url":"https:\/\/radiomars.ma\/fr\/wp-content\/uploads\/2026\/09\/images-88.jpeg","contentUrl":"https:\/\/radiomars.ma\/fr\/wp-content\/uploads\/2026\/09\/images-88.jpeg","width":588,"height":330},{"@type":"BreadcrumbList","@id":"https:\/\/radiomars.ma\/fr\/?p=5935#breadcrumb","itemListElement":[{"@type":"ListItem","position":1,"name":"Accueil","item":"https:\/\/radiomars.ma\/fr\/"},{"@type":"ListItem","position":2,"name":"Raja : Paco J\u00e9mez, portrait du nouveau technicien des Verts"}]},{"@type":"WebSite","@id":"https:\/\/radiomars.ma\/fr\/#website","url":"https:\/\/radiomars.ma\/fr\/","name":"RADIOMARS","description":"","potentialAction":[{"@type":"SearchAction","target":{"@type":"EntryPoint","urlTemplate":"https:\/\/radiomars.ma\/fr\/?s={search_term_string}"},"query-input":{"@type":"PropertyValueSpecification","valueRequired":true,"valueName":"search_term_string"}}],"inLanguage":"fr-FR"},{"@type":"Person","@id":"https:\/\/radiomars.ma\/fr\/#\/schema\/person\/3c84279e0c82d50196b7b9eaeb67f7df","name":"Amine Birouk","image":{"@type":"ImageObject","inLanguage":"fr-FR","@id":"https:\/\/secure.gravatar.com\/avatar\/980362d30b99e5f165da95d8182ab3d998bbd98c95f5200d1e5670c03c19cb38?s=96&d=mm&r=g","url":"https:\/\/secure.gravatar.com\/avatar\/980362d30b99e5f165da95d8182ab3d998bbd98c95f5200d1e5670c03c19cb38?s=96&d=mm&r=g","contentUrl":"https:\/\/secure.gravatar.com\/avatar\/980362d30b99e5f165da95d8182ab3d998bbd98c95f5200d1e5670c03c19cb38?s=96&d=mm&r=g","caption":"Amine Birouk"},"url":"https:\/\/radiomars.ma\/fr\/?author=3"}]}},"_links":{"self":[{"href":"https:\/\/radiomars.ma\/fr\/index.php?rest_route=\/wp\/v2\/posts\/5935","targetHints":{"allow":["GET"]}}],"collection":[{"href":"https:\/\/radiomars.ma\/fr\/index.php?rest_route=\/wp\/v2\/posts"}],"about":[{"href":"https:\/\/radiomars.ma\/fr\/index.php?rest_route=\/wp\/v2\/types\/post"}],"author":[{"embeddable":true,"href":"https:\/\/radiomars.ma\/fr\/index.php?rest_route=\/wp\/v2\/users\/3"}],"replies":[{"embeddable":true,"href":"https:\/\/radiomars.ma\/fr\/index.php?rest_route=%2Fwp%2Fv2%2Fcomments&post=5935"}],"version-history":[{"count":2,"href":"https:\/\/radiomars.ma\/fr\/index.php?rest_route=\/wp\/v2\/posts\/5935\/revisions"}],"predecessor-version":[{"id":5938,"href":"https:\/\/radiomars.ma\/fr\/index.php?rest_route=\/wp\/v2\/posts\/5935\/revisions\/5938"}],"wp:featuredmedia":[{"embeddable":true,"href":"https:\/\/radiomars.ma\/fr\/index.php?rest_route=\/wp\/v2\/media\/5936"}],"wp:attachment":[{"href":"https:\/\/radiomars.ma\/fr\/index.php?rest_route=%2Fwp%2Fv2%2Fmedia&parent=5935"}],"wp:term":[{"taxonomy":"category","embeddable":true,"href":"https:\/\/radiomars.ma\/fr\/index.php?rest_route=%2Fwp%2Fv2%2Fcategories&post=5935"},{"taxonomy":"post_tag","embeddable":true,"href":"https:\/\/radiomars.ma\/fr\/index.php?rest_route=%2Fwp%2Fv2%2Ftags&post=5935"}],"curies":[{"name":"wp","href":"https:\/\/api.w.org\/{rel}","templated":true}]}}