{"id":5942,"date":"2026-09-01T19:56:19","date_gmt":"2026-09-01T17:56:19","guid":{"rendered":"https:\/\/radiomars.ma\/fr\/?p=5942"},"modified":"2026-09-01T19:56:19","modified_gmt":"2026-09-01T17:56:19","slug":"wydad-nouveau-rebondissement-dans-le-feuilleton-ziyech-un-huissier-appele-au-complexe-benjelloun","status":"publish","type":"post","link":"https:\/\/radiomars.ma\/fr\/?p=5942","title":{"rendered":"Wydad : nouveau rebondissement dans le feuilleton Ziyech, un huissier appel\u00e9 au complexe Benjelloun"},"content":{"rendered":"<p>Le conflit entre Hakim Ziyech et la direction du Wydad Casablanca franchit un nouveau cap. \u00c9cart\u00e9 du groupe parti en stage \u00e0 Agadir, l&rsquo;international marocain s&rsquo;est rendu ce mardi au complexe Mohamed Benjelloun en compagnie d&rsquo;un huissier de justice, afin de faire officiellement constater les conditions de son entra\u00eenement individuel.<\/p>\n<p>Rest\u00e9 \u00e0 Casablanca pendant que le reste de l&rsquo;effectif pr\u00e9pare la saison \u00e0 Agadir, Ziyech suit un programme \u00e0 part, communiqu\u00e9 par le club, cens\u00e9 se d\u00e9rouler sous la supervision d&rsquo;un pr\u00e9parateur physique. Or, selon les \u00e9l\u00e9ments rapport\u00e9s, aucun encadrant du staff technique n&rsquo;\u00e9tait pr\u00e9sent lors de la s\u00e9ance de mardi \u2014 d&rsquo;o\u00f9 le recours au huissier, charg\u00e9 de dresser un proc\u00e8s-verbal de la situation. Ce document pourrait servir de pi\u00e8ce en cas de proc\u00e9dure future devant les instances comp\u00e9tentes.<\/p>\n<p>Cet \u00e9pisode s&rsquo;inscrit dans une escalade entam\u00e9e il y a plusieurs jours. Tout avait commenc\u00e9 lors d&rsquo;un match amical face \u00e0 la RCAZ, o\u00f9 Ziyech, pourtant en tenue et pr\u00eat \u00e0 s&rsquo;\u00e9chauffer, avait finalement \u00e9t\u00e9 \u00e9cart\u00e9 de la feuille de match sur d\u00e9cision du pr\u00e9sident Ibrahim El Assri, selon les informations relay\u00e9es par son entra\u00eeneur Paulo S\u00e9rgio Brito. Sa non-s\u00e9lection pour le stage d&rsquo;Agadir, quelques jours plus tard, avait ensuite pouss\u00e9 le joueur \u00e0 r\u00e9agir publiquement sur les r\u00e9seaux sociaux, pointant directement du doigt le pr\u00e9sident du club.<\/p>\n<p>Au centre du diff\u00e9rend : la question salariale. La nouvelle direction souhaiterait revoir \u00e0 la baisse les \u00e9moluments du joueur dans le cadre d&rsquo;une restructuration de la masse salariale, tandis que Ziyech entend faire respecter les termes de son contrat initial jusqu&rsquo;\u00e0 son terme.<\/p>\n<p>\u00c0 moins de trois semaines du coup d&rsquo;envoi de la Botola Pro, fix\u00e9 au 24 septembre, le dossier Ziyech est ainsi pass\u00e9 d&rsquo;un d\u00e9saccord contractuel discret \u00e0 un bras de fer public et d\u00e9sormais formellement document\u00e9.<\/p>\n","protected":false},"excerpt":{"rendered":"<p>Le conflit entre Hakim Ziyech et la direction du Wydad Casablanca franchit un nouveau cap. \u00c9cart\u00e9 du groupe parti en stage \u00e0 Agadir, l&rsquo;international marocain s&rsquo;est rendu ce mardi au complexe Mohamed Benjelloun en compagnie d&rsquo;un huissier de justice, afin de faire officiellement constater les conditions de son entra\u00eenement individuel. Rest\u00e9 \u00e0 Casablanca pendant que [&hellip;]<\/p>\n","protected":false},"author":3,"featured_media":5848,"comment_status":"open","ping_status":"open","sticky":false,"template":"","format":"standard","meta":{"footnotes":""},"categories":[15,16,52,48,47],"tags":[172,714],"class_list":["post-5942","post","type-post","status-publish","format-standard","has-post-thumbnail","category-botola-pro","category-d1","category-flash","category-slider","category-top-spots","tag-hakim-ziyech","tag-wydad-casablanca"],"yoast_head":"<!-- This site is optimized with the Yoast SEO plugin v27.6 - https:\/\/yoast.com\/product\/yoast-seo-wordpress\/ -->\n<title>Wydad : nouveau rebondissement dans le feuilleton Ziyech, un huissier appel\u00e9 au complexe Benjelloun - RADIOMARS<\/title>\n<meta name=\"robots\" content=\"index, follow, max-snippet:-1, max-image-preview:large, max-video-preview:-1\" \/>\n<link rel=\"canonical\" href=\"https:\/\/radiomars.ma\/fr\/?p=5942\" \/>\n<meta property=\"og:locale\" content=\"fr_FR\" \/>\n<meta property=\"og:type\" content=\"article\" \/>\n<meta property=\"og:title\" content=\"Wydad : nouveau rebondissement dans le feuilleton Ziyech, un huissier appel\u00e9 au complexe Benjelloun - RADIOMARS\" \/>\n<meta property=\"og:description\" content=\"Le conflit entre Hakim Ziyech et la direction du Wydad Casablanca franchit un nouveau cap. \u00c9cart\u00e9 du groupe parti en stage \u00e0 Agadir, l&rsquo;international marocain s&rsquo;est rendu ce mardi au complexe Mohamed Benjelloun en compagnie d&rsquo;un huissier de justice, afin de faire officiellement constater les conditions de son entra\u00eenement individuel. Rest\u00e9 \u00e0 Casablanca pendant que [&hellip;]\" \/>\n<meta property=\"og:url\" content=\"https:\/\/radiomars.ma\/fr\/?p=5942\" \/>\n<meta property=\"og:site_name\" content=\"RADIOMARS\" \/>\n<meta property=\"article:published_time\" content=\"2026-09-01T17:56:19+00:00\" \/>\n<meta property=\"og:image\" content=\"https:\/\/radiomars.ma\/fr\/wp-content\/uploads\/2026\/08\/ziyech-wydad.jpg\" \/>\n\t<meta property=\"og:image:width\" content=\"800\" \/>\n\t<meta property=\"og:image:height\" content=\"533\" \/>\n\t<meta property=\"og:image:type\" content=\"image\/jpeg\" \/>\n<meta name=\"author\" content=\"Amine Birouk\" \/>\n<meta name=\"twitter:card\" content=\"summary_large_image\" \/>\n<meta name=\"twitter:label1\" content=\"\u00c9crit par\" \/>\n\t<meta name=\"twitter:data1\" content=\"Amine Birouk\" \/>\n\t<meta name=\"twitter:label2\" content=\"Dur\u00e9e de lecture estim\u00e9e\" \/>\n\t<meta name=\"twitter:data2\" content=\"2 minutes\" \/>\n<script type=\"application\/ld+json\" class=\"yoast-schema-graph\">{\"@context\":\"https:\\\/\\\/schema.org\",\"@graph\":[{\"@type\":\"Article\",\"@id\":\"https:\\\/\\\/radiomars.ma\\\/fr\\\/?p=5942#article\",\"isPartOf\":{\"@id\":\"https:\\\/\\\/radiomars.ma\\\/fr\\\/?p=5942\"},\"author\":{\"name\":\"Amine Birouk\",\"@id\":\"https:\\\/\\\/radiomars.ma\\\/fr\\\/#\\\/schema\\\/person\\\/3c84279e0c82d50196b7b9eaeb67f7df\"},\"headline\":\"Wydad : nouveau rebondissement dans le feuilleton Ziyech, un huissier appel\u00e9 au complexe Benjelloun\",\"datePublished\":\"2026-09-01T17:56:19+00:00\",\"mainEntityOfPage\":{\"@id\":\"https:\\\/\\\/radiomars.ma\\\/fr\\\/?p=5942\"},\"wordCount\":338,\"commentCount\":0,\"image\":{\"@id\":\"https:\\\/\\\/radiomars.ma\\\/fr\\\/?p=5942#primaryimage\"},\"thumbnailUrl\":\"https:\\\/\\\/radiomars.ma\\\/fr\\\/wp-content\\\/uploads\\\/2026\\\/08\\\/ziyech-wydad.jpg\",\"keywords\":[\"Hakim Ziyech\",\"Wydad Casablanca\"],\"articleSection\":[\"BOTOLA PRO\",\"D1\",\"flash\",\"slider\",\"Top spots\"],\"inLanguage\":\"fr-FR\",\"potentialAction\":[{\"@type\":\"CommentAction\",\"name\":\"Comment\",\"target\":[\"https:\\\/\\\/radiomars.ma\\\/fr\\\/?p=5942#respond\"]}]},{\"@type\":\"WebPage\",\"@id\":\"https:\\\/\\\/radiomars.ma\\\/fr\\\/?p=5942\",\"url\":\"https:\\\/\\\/radiomars.ma\\\/fr\\\/?p=5942\",\"name\":\"Wydad : nouveau rebondissement dans le feuilleton Ziyech, un huissier appel\u00e9 au complexe Benjelloun - RADIOMARS\",\"isPartOf\":{\"@id\":\"https:\\\/\\\/radiomars.ma\\\/fr\\\/#website\"},\"primaryImageOfPage\":{\"@id\":\"https:\\\/\\\/radiomars.ma\\\/fr\\\/?p=5942#primaryimage\"},\"image\":{\"@id\":\"https:\\\/\\\/radiomars.ma\\\/fr\\\/?p=5942#primaryimage\"},\"thumbnailUrl\":\"https:\\\/\\\/radiomars.ma\\\/fr\\\/wp-content\\\/uploads\\\/2026\\\/08\\\/ziyech-wydad.jpg\",\"datePublished\":\"2026-09-01T17:56:19+00:00\",\"author\":{\"@id\":\"https:\\\/\\\/radiomars.ma\\\/fr\\\/#\\\/schema\\\/person\\\/3c84279e0c82d50196b7b9eaeb67f7df\"},\"breadcrumb\":{\"@id\":\"https:\\\/\\\/radiomars.ma\\\/fr\\\/?p=5942#breadcrumb\"},\"inLanguage\":\"fr-FR\",\"potentialAction\":[{\"@type\":\"ReadAction\",\"target\":[\"https:\\\/\\\/radiomars.ma\\\/fr\\\/?p=5942\"]}]},{\"@type\":\"ImageObject\",\"inLanguage\":\"fr-FR\",\"@id\":\"https:\\\/\\\/radiomars.ma\\\/fr\\\/?p=5942#primaryimage\",\"url\":\"https:\\\/\\\/radiomars.ma\\\/fr\\\/wp-content\\\/uploads\\\/2026\\\/08\\\/ziyech-wydad.jpg\",\"contentUrl\":\"https:\\\/\\\/radiomars.ma\\\/fr\\\/wp-content\\\/uploads\\\/2026\\\/08\\\/ziyech-wydad.jpg\",\"width\":800,\"height\":533},{\"@type\":\"BreadcrumbList\",\"@id\":\"https:\\\/\\\/radiomars.ma\\\/fr\\\/?p=5942#breadcrumb\",\"itemListElement\":[{\"@type\":\"ListItem\",\"position\":1,\"name\":\"Accueil\",\"item\":\"https:\\\/\\\/radiomars.ma\\\/fr\\\/\"},{\"@type\":\"ListItem\",\"position\":2,\"name\":\"Wydad : nouveau rebondissement dans le feuilleton Ziyech, un huissier appel\u00e9 au complexe Benjelloun\"}]},{\"@type\":\"WebSite\",\"@id\":\"https:\\\/\\\/radiomars.ma\\\/fr\\\/#website\",\"url\":\"https:\\\/\\\/radiomars.ma\\\/fr\\\/\",\"name\":\"RADIOMARS\",\"description\":\"\",\"potentialAction\":[{\"@type\":\"SearchAction\",\"target\":{\"@type\":\"EntryPoint\",\"urlTemplate\":\"https:\\\/\\\/radiomars.ma\\\/fr\\\/?s={search_term_string}\"},\"query-input\":{\"@type\":\"PropertyValueSpecification\",\"valueRequired\":true,\"valueName\":\"search_term_string\"}}],\"inLanguage\":\"fr-FR\"},{\"@type\":\"Person\",\"@id\":\"https:\\\/\\\/radiomars.ma\\\/fr\\\/#\\\/schema\\\/person\\\/3c84279e0c82d50196b7b9eaeb67f7df\",\"name\":\"Amine Birouk\",\"image\":{\"@type\":\"ImageObject\",\"inLanguage\":\"fr-FR\",\"@id\":\"https:\\\/\\\/secure.gravatar.com\\\/avatar\\\/980362d30b99e5f165da95d8182ab3d998bbd98c95f5200d1e5670c03c19cb38?s=96&d=mm&r=g\",\"url\":\"https:\\\/\\\/secure.gravatar.com\\\/avatar\\\/980362d30b99e5f165da95d8182ab3d998bbd98c95f5200d1e5670c03c19cb38?s=96&d=mm&r=g\",\"contentUrl\":\"https:\\\/\\\/secure.gravatar.com\\\/avatar\\\/980362d30b99e5f165da95d8182ab3d998bbd98c95f5200d1e5670c03c19cb38?s=96&d=mm&r=g\",\"caption\":\"Amine Birouk\"},\"url\":\"https:\\\/\\\/radiomars.ma\\\/fr\\\/?author=3\"}]}<\/script>\n<!-- \/ Yoast SEO plugin. -->","yoast_head_json":{"title":"Wydad : nouveau rebondissement dans le feuilleton Ziyech, un huissier appel\u00e9 au complexe Benjelloun - RADIOMARS","robots":{"index":"index","follow":"follow","max-snippet":"max-snippet:-1","max-image-preview":"max-image-preview:large","max-video-preview":"max-video-preview:-1"},"canonical":"https:\/\/radiomars.ma\/fr\/?p=5942","og_locale":"fr_FR","og_type":"article","og_title":"Wydad : nouveau rebondissement dans le feuilleton Ziyech, un huissier appel\u00e9 au complexe Benjelloun - RADIOMARS","og_description":"Le conflit entre Hakim Ziyech et la direction du Wydad Casablanca franchit un nouveau cap. \u00c9cart\u00e9 du groupe parti en stage \u00e0 Agadir, l&rsquo;international marocain s&rsquo;est rendu ce mardi au complexe Mohamed Benjelloun en compagnie d&rsquo;un huissier de justice, afin de faire officiellement constater les conditions de son entra\u00eenement individuel. Rest\u00e9 \u00e0 Casablanca pendant que [&hellip;]","og_url":"https:\/\/radiomars.ma\/fr\/?p=5942","og_site_name":"RADIOMARS","article_published_time":"2026-09-01T17:56:19+00:00","og_image":[{"width":800,"height":533,"url":"https:\/\/radiomars.ma\/fr\/wp-content\/uploads\/2026\/08\/ziyech-wydad.jpg","type":"image\/jpeg"}],"author":"Amine Birouk","twitter_card":"summary_large_image","twitter_misc":{"\u00c9crit par":"Amine Birouk","Dur\u00e9e de lecture estim\u00e9e":"2 minutes"},"schema":{"@context":"https:\/\/schema.org","@graph":[{"@type":"Article","@id":"https:\/\/radiomars.ma\/fr\/?p=5942#article","isPartOf":{"@id":"https:\/\/radiomars.ma\/fr\/?p=5942"},"author":{"name":"Amine Birouk","@id":"https:\/\/radiomars.ma\/fr\/#\/schema\/person\/3c84279e0c82d50196b7b9eaeb67f7df"},"headline":"Wydad : nouveau rebondissement dans le feuilleton Ziyech, un huissier appel\u00e9 au complexe Benjelloun","datePublished":"2026-09-01T17:56:19+00:00","mainEntityOfPage":{"@id":"https:\/\/radiomars.ma\/fr\/?p=5942"},"wordCount":338,"commentCount":0,"image":{"@id":"https:\/\/radiomars.ma\/fr\/?p=5942#primaryimage"},"thumbnailUrl":"https:\/\/radiomars.ma\/fr\/wp-content\/uploads\/2026\/08\/ziyech-wydad.jpg","keywords":["Hakim Ziyech","Wydad Casablanca"],"articleSection":["BOTOLA PRO","D1","flash","slider","Top spots"],"inLanguage":"fr-FR","potentialAction":[{"@type":"CommentAction","name":"Comment","target":["https:\/\/radiomars.ma\/fr\/?p=5942#respond"]}]},{"@type":"WebPage","@id":"https:\/\/radiomars.ma\/fr\/?p=5942","url":"https:\/\/radiomars.ma\/fr\/?p=5942","name":"Wydad : nouveau rebondissement dans le feuilleton Ziyech, un huissier appel\u00e9 au complexe Benjelloun - RADIOMARS","isPartOf":{"@id":"https:\/\/radiomars.ma\/fr\/#website"},"primaryImageOfPage":{"@id":"https:\/\/radiomars.ma\/fr\/?p=5942#primaryimage"},"image":{"@id":"https:\/\/radiomars.ma\/fr\/?p=5942#primaryimage"},"thumbnailUrl":"https:\/\/radiomars.ma\/fr\/wp-content\/uploads\/2026\/08\/ziyech-wydad.jpg","datePublished":"2026-09-01T17:56:19+00:00","author":{"@id":"https:\/\/radiomars.ma\/fr\/#\/schema\/person\/3c84279e0c82d50196b7b9eaeb67f7df"},"breadcrumb":{"@id":"https:\/\/radiomars.ma\/fr\/?p=5942#breadcrumb"},"inLanguage":"fr-FR","potentialAction":[{"@type":"ReadAction","target":["https:\/\/radiomars.ma\/fr\/?p=5942"]}]},{"@type":"ImageObject","inLanguage":"fr-FR","@id":"https:\/\/radiomars.ma\/fr\/?p=5942#primaryimage","url":"https:\/\/radiomars.ma\/fr\/wp-content\/uploads\/2026\/08\/ziyech-wydad.jpg","contentUrl":"https:\/\/radiomars.ma\/fr\/wp-content\/uploads\/2026\/08\/ziyech-wydad.jpg","width":800,"height":533},{"@type":"BreadcrumbList","@id":"https:\/\/radiomars.ma\/fr\/?p=5942#breadcrumb","itemListElement":[{"@type":"ListItem","position":1,"name":"Accueil","item":"https:\/\/radiomars.ma\/fr\/"},{"@type":"ListItem","position":2,"name":"Wydad : nouveau rebondissement dans le feuilleton Ziyech, un huissier appel\u00e9 au complexe Benjelloun"}]},{"@type":"WebSite","@id":"https:\/\/radiomars.ma\/fr\/#website","url":"https:\/\/radiomars.ma\/fr\/","name":"RADIOMARS","description":"","potentialAction":[{"@type":"SearchAction","target":{"@type":"EntryPoint","urlTemplate":"https:\/\/radiomars.ma\/fr\/?s={search_term_string}"},"query-input":{"@type":"PropertyValueSpecification","valueRequired":true,"valueName":"search_term_string"}}],"inLanguage":"fr-FR"},{"@type":"Person","@id":"https:\/\/radiomars.ma\/fr\/#\/schema\/person\/3c84279e0c82d50196b7b9eaeb67f7df","name":"Amine Birouk","image":{"@type":"ImageObject","inLanguage":"fr-FR","@id":"https:\/\/secure.gravatar.com\/avatar\/980362d30b99e5f165da95d8182ab3d998bbd98c95f5200d1e5670c03c19cb38?s=96&d=mm&r=g","url":"https:\/\/secure.gravatar.com\/avatar\/980362d30b99e5f165da95d8182ab3d998bbd98c95f5200d1e5670c03c19cb38?s=96&d=mm&r=g","contentUrl":"https:\/\/secure.gravatar.com\/avatar\/980362d30b99e5f165da95d8182ab3d998bbd98c95f5200d1e5670c03c19cb38?s=96&d=mm&r=g","caption":"Amine Birouk"},"url":"https:\/\/radiomars.ma\/fr\/?author=3"}]}},"_links":{"self":[{"href":"https:\/\/radiomars.ma\/fr\/index.php?rest_route=\/wp\/v2\/posts\/5942","targetHints":{"allow":["GET"]}}],"collection":[{"href":"https:\/\/radiomars.ma\/fr\/index.php?rest_route=\/wp\/v2\/posts"}],"about":[{"href":"https:\/\/radiomars.ma\/fr\/index.php?rest_route=\/wp\/v2\/types\/post"}],"author":[{"embeddable":true,"href":"https:\/\/radiomars.ma\/fr\/index.php?rest_route=\/wp\/v2\/users\/3"}],"replies":[{"embeddable":true,"href":"https:\/\/radiomars.ma\/fr\/index.php?rest_route=%2Fwp%2Fv2%2Fcomments&post=5942"}],"version-history":[{"count":1,"href":"https:\/\/radiomars.ma\/fr\/index.php?rest_route=\/wp\/v2\/posts\/5942\/revisions"}],"predecessor-version":[{"id":5943,"href":"https:\/\/radiomars.ma\/fr\/index.php?rest_route=\/wp\/v2\/posts\/5942\/revisions\/5943"}],"wp:featuredmedia":[{"embeddable":true,"href":"https:\/\/radiomars.ma\/fr\/index.php?rest_route=\/wp\/v2\/media\/5848"}],"wp:attachment":[{"href":"https:\/\/radiomars.ma\/fr\/index.php?rest_route=%2Fwp%2Fv2%2Fmedia&parent=5942"}],"wp:term":[{"taxonomy":"category","embeddable":true,"href":"https:\/\/radiomars.ma\/fr\/index.php?rest_route=%2Fwp%2Fv2%2Fcategories&post=5942"},{"taxonomy":"post_tag","embeddable":true,"href":"https:\/\/radiomars.ma\/fr\/index.php?rest_route=%2Fwp%2Fv2%2Ftags&post=5942"}],"curies":[{"name":"wp","href":"https:\/\/api.w.org\/{rel}","templated":true}]}}