{"id":5948,"date":"2026-09-02T01:51:22","date_gmt":"2026-09-01T23:51:22","guid":{"rendered":"https:\/\/radiomars.ma\/fr\/?p=5948"},"modified":"2026-09-02T01:51:22","modified_gmt":"2026-09-01T23:51:22","slug":"raja-casablanca-paco-jemez-officiellement-presente-lentraineur-espagnol-affiche-ses-ambitions","status":"publish","type":"post","link":"https:\/\/radiomars.ma\/fr\/?p=5948","title":{"rendered":"Raja Casablanca : Paco J\u00e9mez officiellement pr\u00e9sent\u00e9, l&rsquo;entra\u00eeneur espagnol affiche ses ambitions"},"content":{"rendered":"<p>\u00ab C&rsquo;est un honneur d&rsquo;\u00eatre ici. Le Raja est une institution g\u00e9ante avec un public passionn\u00e9. Mon objectif est clair : nous allons travailler sans rel\u00e2che pour \u00e9lever le niveau de l&rsquo;\u00e9quipe et faire du Raja un club encore plus puissant, tant au niveau national sur les pelouses de la Botola Pro qu&rsquo;\u00e0 l&rsquo;\u00e9chelle internationale. \u00bb C&rsquo;est en ces termes que Paco J\u00e9mez s&rsquo;est pr\u00e9sent\u00e9 ce mardi devant la presse, \u00e0 l&rsquo;occasion de sa pr\u00e9sentation officielle en tant que nouvel entra\u00eeneur du Raja de Casablanca.<\/p>\n<p>Conscient de la pression qui entoure le banc rajaoui, le technicien espagnol de 55 ans affirme vouloir imposer sa rigueur tactique et sa marque de fabrique pour maintenir les Aigles Verts au sommet, aussi bien sur la sc\u00e8ne nationale que continentale.<\/p>\n<p><strong>Un profil offensif venu remplacer Nasreddine Nabi<\/strong><\/p>\n<p>Son arriv\u00e9e fait suite \u00e0 la s\u00e9paration entre le club casablancais et le Tunisien Nassereddine Nabi, une fin de fonctions effectu\u00e9e dans le respect des dispositions contractuelles liant les deux parties. Selon Le360 Sport, le Raja aurait privil\u00e9gi\u00e9 J\u00e9mez face \u00e0 d&rsquo;autres candidats, dont le technicien portugais Paulo Duarte.<\/p>\n<p>Fort d&rsquo;un parcours qui l&rsquo;a men\u00e9 sur les bancs de Rayo Vallecano, de Las Palmas et de Cruz Azul au Mexique, J\u00e9mez s&rsquo;est notamment forg\u00e9 une r\u00e9putation lors de son premier passage \u00e0 Rayo Vallecano entre 2012 et 2016, o\u00f9 il a d\u00e9velopp\u00e9 un style ambitieux bas\u00e9 sur la possession et le pressing offensif, malgr\u00e9 des moyens limit\u00e9s. Plut\u00f4t que d&rsquo;adapter sa philosophie \u00e0 la force de l&rsquo;adversaire, il est devenu connu pour pousser ses \u00e9quipes \u00e0 imposer leur jeu \u00e0 n&rsquo;importe quel rival.<\/p>\n<p>Plus r\u00e9cemment, l&rsquo;Espagnol a \u00e9galement offici\u00e9 comme adjoint de Nuno Esp\u00edrito Santo lors du passage de ce dernier \u00e0 West Ham, une exp\u00e9rience anglaise qui a pes\u00e9 dans le choix du club casablancais.<\/p>\n<p><strong>Un club au riche palmar\u00e8s, un calendrier serr\u00e9<\/strong><\/p>\n<p>Fond\u00e9 en 1949, le Raja Casablanca compte parmi les grands r\u00e9f\u00e9rents du football marocain avec 13 titres de champion, neuf Coupes du Tr\u00f4ne et trois Ligues des champions de la CAF \u00e0 son palmar\u00e8s. J\u00e9mez dispose de quelques semaines pour prendre en main son groupe, la Botola Pro Inwi devant d\u00e9buter le 24 septembre prochain.<\/p>\n","protected":false},"excerpt":{"rendered":"<p>\u00ab C&rsquo;est un honneur d&rsquo;\u00eatre ici. Le Raja est une institution g\u00e9ante avec un public passionn\u00e9. Mon objectif est clair : nous allons travailler sans rel\u00e2che pour \u00e9lever le niveau de l&rsquo;\u00e9quipe et faire du Raja un club encore plus puissant, tant au niveau national sur les pelouses de la Botola Pro qu&rsquo;\u00e0 l&rsquo;\u00e9chelle internationale. [&hellip;]<\/p>\n","protected":false},"author":3,"featured_media":5949,"comment_status":"open","ping_status":"open","sticky":false,"template":"","format":"standard","meta":{"footnotes":""},"categories":[15,16,52,48,47],"tags":[1093,1022],"class_list":["post-5948","post","type-post","status-publish","format-standard","has-post-thumbnail","category-botola-pro","category-d1","category-flash","category-slider","category-top-spots","tag-paco-jemez","tag-raja-casablanca"],"yoast_head":"<!-- This site is optimized with the Yoast SEO plugin v27.6 - https:\/\/yoast.com\/product\/yoast-seo-wordpress\/ -->\n<title>Raja Casablanca : Paco J\u00e9mez officiellement pr\u00e9sent\u00e9, l&#039;entra\u00eeneur espagnol affiche ses ambitions - RADIOMARS<\/title>\n<meta name=\"robots\" content=\"index, follow, max-snippet:-1, max-image-preview:large, max-video-preview:-1\" \/>\n<link rel=\"canonical\" href=\"https:\/\/radiomars.ma\/fr\/?p=5948\" \/>\n<meta property=\"og:locale\" content=\"fr_FR\" \/>\n<meta property=\"og:type\" content=\"article\" \/>\n<meta property=\"og:title\" content=\"Raja Casablanca : Paco J\u00e9mez officiellement pr\u00e9sent\u00e9, l&#039;entra\u00eeneur espagnol affiche ses ambitions - RADIOMARS\" \/>\n<meta property=\"og:description\" content=\"\u00ab C&rsquo;est un honneur d&rsquo;\u00eatre ici. Le Raja est une institution g\u00e9ante avec un public passionn\u00e9. Mon objectif est clair : nous allons travailler sans rel\u00e2che pour \u00e9lever le niveau de l&rsquo;\u00e9quipe et faire du Raja un club encore plus puissant, tant au niveau national sur les pelouses de la Botola Pro qu&rsquo;\u00e0 l&rsquo;\u00e9chelle internationale. [&hellip;]\" \/>\n<meta property=\"og:url\" content=\"https:\/\/radiomars.ma\/fr\/?p=5948\" \/>\n<meta property=\"og:site_name\" content=\"RADIOMARS\" \/>\n<meta property=\"article:published_time\" content=\"2026-09-01T23:51:22+00:00\" \/>\n<meta property=\"og:image\" content=\"https:\/\/radiomars.ma\/fr\/wp-content\/uploads\/2026\/09\/B6ON7TN2KNDNNKUY5GVGBCPKNA.jpg\" \/>\n\t<meta property=\"og:image:width\" content=\"1216\" \/>\n\t<meta property=\"og:image:height\" content=\"684\" \/>\n\t<meta property=\"og:image:type\" content=\"image\/jpeg\" \/>\n<meta name=\"author\" content=\"Amine Birouk\" \/>\n<meta name=\"twitter:card\" content=\"summary_large_image\" \/>\n<meta name=\"twitter:label1\" content=\"\u00c9crit par\" \/>\n\t<meta name=\"twitter:data1\" content=\"Amine Birouk\" \/>\n\t<meta name=\"twitter:label2\" content=\"Dur\u00e9e de lecture estim\u00e9e\" \/>\n\t<meta name=\"twitter:data2\" content=\"3 minutes\" \/>\n<script type=\"application\/ld+json\" class=\"yoast-schema-graph\">{\"@context\":\"https:\\\/\\\/schema.org\",\"@graph\":[{\"@type\":\"Article\",\"@id\":\"https:\\\/\\\/radiomars.ma\\\/fr\\\/?p=5948#article\",\"isPartOf\":{\"@id\":\"https:\\\/\\\/radiomars.ma\\\/fr\\\/?p=5948\"},\"author\":{\"name\":\"Amine Birouk\",\"@id\":\"https:\\\/\\\/radiomars.ma\\\/fr\\\/#\\\/schema\\\/person\\\/3c84279e0c82d50196b7b9eaeb67f7df\"},\"headline\":\"Raja Casablanca : Paco J\u00e9mez officiellement pr\u00e9sent\u00e9, l&rsquo;entra\u00eeneur espagnol affiche ses ambitions\",\"datePublished\":\"2026-09-01T23:51:22+00:00\",\"mainEntityOfPage\":{\"@id\":\"https:\\\/\\\/radiomars.ma\\\/fr\\\/?p=5948\"},\"wordCount\":401,\"commentCount\":0,\"image\":{\"@id\":\"https:\\\/\\\/radiomars.ma\\\/fr\\\/?p=5948#primaryimage\"},\"thumbnailUrl\":\"https:\\\/\\\/radiomars.ma\\\/fr\\\/wp-content\\\/uploads\\\/2026\\\/09\\\/B6ON7TN2KNDNNKUY5GVGBCPKNA.jpg\",\"keywords\":[\"Paco J\u00e9mez\",\"Raja Casablanca\"],\"articleSection\":[\"BOTOLA PRO\",\"D1\",\"flash\",\"slider\",\"Top spots\"],\"inLanguage\":\"fr-FR\",\"potentialAction\":[{\"@type\":\"CommentAction\",\"name\":\"Comment\",\"target\":[\"https:\\\/\\\/radiomars.ma\\\/fr\\\/?p=5948#respond\"]}]},{\"@type\":\"WebPage\",\"@id\":\"https:\\\/\\\/radiomars.ma\\\/fr\\\/?p=5948\",\"url\":\"https:\\\/\\\/radiomars.ma\\\/fr\\\/?p=5948\",\"name\":\"Raja Casablanca : Paco J\u00e9mez officiellement pr\u00e9sent\u00e9, l'entra\u00eeneur espagnol affiche ses ambitions - RADIOMARS\",\"isPartOf\":{\"@id\":\"https:\\\/\\\/radiomars.ma\\\/fr\\\/#website\"},\"primaryImageOfPage\":{\"@id\":\"https:\\\/\\\/radiomars.ma\\\/fr\\\/?p=5948#primaryimage\"},\"image\":{\"@id\":\"https:\\\/\\\/radiomars.ma\\\/fr\\\/?p=5948#primaryimage\"},\"thumbnailUrl\":\"https:\\\/\\\/radiomars.ma\\\/fr\\\/wp-content\\\/uploads\\\/2026\\\/09\\\/B6ON7TN2KNDNNKUY5GVGBCPKNA.jpg\",\"datePublished\":\"2026-09-01T23:51:22+00:00\",\"author\":{\"@id\":\"https:\\\/\\\/radiomars.ma\\\/fr\\\/#\\\/schema\\\/person\\\/3c84279e0c82d50196b7b9eaeb67f7df\"},\"breadcrumb\":{\"@id\":\"https:\\\/\\\/radiomars.ma\\\/fr\\\/?p=5948#breadcrumb\"},\"inLanguage\":\"fr-FR\",\"potentialAction\":[{\"@type\":\"ReadAction\",\"target\":[\"https:\\\/\\\/radiomars.ma\\\/fr\\\/?p=5948\"]}]},{\"@type\":\"ImageObject\",\"inLanguage\":\"fr-FR\",\"@id\":\"https:\\\/\\\/radiomars.ma\\\/fr\\\/?p=5948#primaryimage\",\"url\":\"https:\\\/\\\/radiomars.ma\\\/fr\\\/wp-content\\\/uploads\\\/2026\\\/09\\\/B6ON7TN2KNDNNKUY5GVGBCPKNA.jpg\",\"contentUrl\":\"https:\\\/\\\/radiomars.ma\\\/fr\\\/wp-content\\\/uploads\\\/2026\\\/09\\\/B6ON7TN2KNDNNKUY5GVGBCPKNA.jpg\",\"width\":1216,\"height\":684},{\"@type\":\"BreadcrumbList\",\"@id\":\"https:\\\/\\\/radiomars.ma\\\/fr\\\/?p=5948#breadcrumb\",\"itemListElement\":[{\"@type\":\"ListItem\",\"position\":1,\"name\":\"Accueil\",\"item\":\"https:\\\/\\\/radiomars.ma\\\/fr\\\/\"},{\"@type\":\"ListItem\",\"position\":2,\"name\":\"Raja Casablanca : Paco J\u00e9mez officiellement pr\u00e9sent\u00e9, l&rsquo;entra\u00eeneur espagnol affiche ses ambitions\"}]},{\"@type\":\"WebSite\",\"@id\":\"https:\\\/\\\/radiomars.ma\\\/fr\\\/#website\",\"url\":\"https:\\\/\\\/radiomars.ma\\\/fr\\\/\",\"name\":\"RADIOMARS\",\"description\":\"\",\"potentialAction\":[{\"@type\":\"SearchAction\",\"target\":{\"@type\":\"EntryPoint\",\"urlTemplate\":\"https:\\\/\\\/radiomars.ma\\\/fr\\\/?s={search_term_string}\"},\"query-input\":{\"@type\":\"PropertyValueSpecification\",\"valueRequired\":true,\"valueName\":\"search_term_string\"}}],\"inLanguage\":\"fr-FR\"},{\"@type\":\"Person\",\"@id\":\"https:\\\/\\\/radiomars.ma\\\/fr\\\/#\\\/schema\\\/person\\\/3c84279e0c82d50196b7b9eaeb67f7df\",\"name\":\"Amine Birouk\",\"image\":{\"@type\":\"ImageObject\",\"inLanguage\":\"fr-FR\",\"@id\":\"https:\\\/\\\/secure.gravatar.com\\\/avatar\\\/980362d30b99e5f165da95d8182ab3d998bbd98c95f5200d1e5670c03c19cb38?s=96&d=mm&r=g\",\"url\":\"https:\\\/\\\/secure.gravatar.com\\\/avatar\\\/980362d30b99e5f165da95d8182ab3d998bbd98c95f5200d1e5670c03c19cb38?s=96&d=mm&r=g\",\"contentUrl\":\"https:\\\/\\\/secure.gravatar.com\\\/avatar\\\/980362d30b99e5f165da95d8182ab3d998bbd98c95f5200d1e5670c03c19cb38?s=96&d=mm&r=g\",\"caption\":\"Amine Birouk\"},\"url\":\"https:\\\/\\\/radiomars.ma\\\/fr\\\/?author=3\"}]}<\/script>\n<!-- \/ Yoast SEO plugin. -->","yoast_head_json":{"title":"Raja Casablanca : Paco J\u00e9mez officiellement pr\u00e9sent\u00e9, l'entra\u00eeneur espagnol affiche ses ambitions - RADIOMARS","robots":{"index":"index","follow":"follow","max-snippet":"max-snippet:-1","max-image-preview":"max-image-preview:large","max-video-preview":"max-video-preview:-1"},"canonical":"https:\/\/radiomars.ma\/fr\/?p=5948","og_locale":"fr_FR","og_type":"article","og_title":"Raja Casablanca : Paco J\u00e9mez officiellement pr\u00e9sent\u00e9, l'entra\u00eeneur espagnol affiche ses ambitions - RADIOMARS","og_description":"\u00ab C&rsquo;est un honneur d&rsquo;\u00eatre ici. Le Raja est une institution g\u00e9ante avec un public passionn\u00e9. Mon objectif est clair : nous allons travailler sans rel\u00e2che pour \u00e9lever le niveau de l&rsquo;\u00e9quipe et faire du Raja un club encore plus puissant, tant au niveau national sur les pelouses de la Botola Pro qu&rsquo;\u00e0 l&rsquo;\u00e9chelle internationale. [&hellip;]","og_url":"https:\/\/radiomars.ma\/fr\/?p=5948","og_site_name":"RADIOMARS","article_published_time":"2026-09-01T23:51:22+00:00","og_image":[{"width":1216,"height":684,"url":"https:\/\/radiomars.ma\/fr\/wp-content\/uploads\/2026\/09\/B6ON7TN2KNDNNKUY5GVGBCPKNA.jpg","type":"image\/jpeg"}],"author":"Amine Birouk","twitter_card":"summary_large_image","twitter_misc":{"\u00c9crit par":"Amine Birouk","Dur\u00e9e de lecture estim\u00e9e":"3 minutes"},"schema":{"@context":"https:\/\/schema.org","@graph":[{"@type":"Article","@id":"https:\/\/radiomars.ma\/fr\/?p=5948#article","isPartOf":{"@id":"https:\/\/radiomars.ma\/fr\/?p=5948"},"author":{"name":"Amine Birouk","@id":"https:\/\/radiomars.ma\/fr\/#\/schema\/person\/3c84279e0c82d50196b7b9eaeb67f7df"},"headline":"Raja Casablanca : Paco J\u00e9mez officiellement pr\u00e9sent\u00e9, l&rsquo;entra\u00eeneur espagnol affiche ses ambitions","datePublished":"2026-09-01T23:51:22+00:00","mainEntityOfPage":{"@id":"https:\/\/radiomars.ma\/fr\/?p=5948"},"wordCount":401,"commentCount":0,"image":{"@id":"https:\/\/radiomars.ma\/fr\/?p=5948#primaryimage"},"thumbnailUrl":"https:\/\/radiomars.ma\/fr\/wp-content\/uploads\/2026\/09\/B6ON7TN2KNDNNKUY5GVGBCPKNA.jpg","keywords":["Paco J\u00e9mez","Raja Casablanca"],"articleSection":["BOTOLA PRO","D1","flash","slider","Top spots"],"inLanguage":"fr-FR","potentialAction":[{"@type":"CommentAction","name":"Comment","target":["https:\/\/radiomars.ma\/fr\/?p=5948#respond"]}]},{"@type":"WebPage","@id":"https:\/\/radiomars.ma\/fr\/?p=5948","url":"https:\/\/radiomars.ma\/fr\/?p=5948","name":"Raja Casablanca : Paco J\u00e9mez officiellement pr\u00e9sent\u00e9, l'entra\u00eeneur espagnol affiche ses ambitions - RADIOMARS","isPartOf":{"@id":"https:\/\/radiomars.ma\/fr\/#website"},"primaryImageOfPage":{"@id":"https:\/\/radiomars.ma\/fr\/?p=5948#primaryimage"},"image":{"@id":"https:\/\/radiomars.ma\/fr\/?p=5948#primaryimage"},"thumbnailUrl":"https:\/\/radiomars.ma\/fr\/wp-content\/uploads\/2026\/09\/B6ON7TN2KNDNNKUY5GVGBCPKNA.jpg","datePublished":"2026-09-01T23:51:22+00:00","author":{"@id":"https:\/\/radiomars.ma\/fr\/#\/schema\/person\/3c84279e0c82d50196b7b9eaeb67f7df"},"breadcrumb":{"@id":"https:\/\/radiomars.ma\/fr\/?p=5948#breadcrumb"},"inLanguage":"fr-FR","potentialAction":[{"@type":"ReadAction","target":["https:\/\/radiomars.ma\/fr\/?p=5948"]}]},{"@type":"ImageObject","inLanguage":"fr-FR","@id":"https:\/\/radiomars.ma\/fr\/?p=5948#primaryimage","url":"https:\/\/radiomars.ma\/fr\/wp-content\/uploads\/2026\/09\/B6ON7TN2KNDNNKUY5GVGBCPKNA.jpg","contentUrl":"https:\/\/radiomars.ma\/fr\/wp-content\/uploads\/2026\/09\/B6ON7TN2KNDNNKUY5GVGBCPKNA.jpg","width":1216,"height":684},{"@type":"BreadcrumbList","@id":"https:\/\/radiomars.ma\/fr\/?p=5948#breadcrumb","itemListElement":[{"@type":"ListItem","position":1,"name":"Accueil","item":"https:\/\/radiomars.ma\/fr\/"},{"@type":"ListItem","position":2,"name":"Raja Casablanca : Paco J\u00e9mez officiellement pr\u00e9sent\u00e9, l&rsquo;entra\u00eeneur espagnol affiche ses ambitions"}]},{"@type":"WebSite","@id":"https:\/\/radiomars.ma\/fr\/#website","url":"https:\/\/radiomars.ma\/fr\/","name":"RADIOMARS","description":"","potentialAction":[{"@type":"SearchAction","target":{"@type":"EntryPoint","urlTemplate":"https:\/\/radiomars.ma\/fr\/?s={search_term_string}"},"query-input":{"@type":"PropertyValueSpecification","valueRequired":true,"valueName":"search_term_string"}}],"inLanguage":"fr-FR"},{"@type":"Person","@id":"https:\/\/radiomars.ma\/fr\/#\/schema\/person\/3c84279e0c82d50196b7b9eaeb67f7df","name":"Amine Birouk","image":{"@type":"ImageObject","inLanguage":"fr-FR","@id":"https:\/\/secure.gravatar.com\/avatar\/980362d30b99e5f165da95d8182ab3d998bbd98c95f5200d1e5670c03c19cb38?s=96&d=mm&r=g","url":"https:\/\/secure.gravatar.com\/avatar\/980362d30b99e5f165da95d8182ab3d998bbd98c95f5200d1e5670c03c19cb38?s=96&d=mm&r=g","contentUrl":"https:\/\/secure.gravatar.com\/avatar\/980362d30b99e5f165da95d8182ab3d998bbd98c95f5200d1e5670c03c19cb38?s=96&d=mm&r=g","caption":"Amine Birouk"},"url":"https:\/\/radiomars.ma\/fr\/?author=3"}]}},"_links":{"self":[{"href":"https:\/\/radiomars.ma\/fr\/index.php?rest_route=\/wp\/v2\/posts\/5948","targetHints":{"allow":["GET"]}}],"collection":[{"href":"https:\/\/radiomars.ma\/fr\/index.php?rest_route=\/wp\/v2\/posts"}],"about":[{"href":"https:\/\/radiomars.ma\/fr\/index.php?rest_route=\/wp\/v2\/types\/post"}],"author":[{"embeddable":true,"href":"https:\/\/radiomars.ma\/fr\/index.php?rest_route=\/wp\/v2\/users\/3"}],"replies":[{"embeddable":true,"href":"https:\/\/radiomars.ma\/fr\/index.php?rest_route=%2Fwp%2Fv2%2Fcomments&post=5948"}],"version-history":[{"count":1,"href":"https:\/\/radiomars.ma\/fr\/index.php?rest_route=\/wp\/v2\/posts\/5948\/revisions"}],"predecessor-version":[{"id":5950,"href":"https:\/\/radiomars.ma\/fr\/index.php?rest_route=\/wp\/v2\/posts\/5948\/revisions\/5950"}],"wp:featuredmedia":[{"embeddable":true,"href":"https:\/\/radiomars.ma\/fr\/index.php?rest_route=\/wp\/v2\/media\/5949"}],"wp:attachment":[{"href":"https:\/\/radiomars.ma\/fr\/index.php?rest_route=%2Fwp%2Fv2%2Fmedia&parent=5948"}],"wp:term":[{"taxonomy":"category","embeddable":true,"href":"https:\/\/radiomars.ma\/fr\/index.php?rest_route=%2Fwp%2Fv2%2Fcategories&post=5948"},{"taxonomy":"post_tag","embeddable":true,"href":"https:\/\/radiomars.ma\/fr\/index.php?rest_route=%2Fwp%2Fv2%2Ftags&post=5948"}],"curies":[{"name":"wp","href":"https:\/\/api.w.org\/{rel}","templated":true}]}}