{"id":5951,"date":"2026-09-02T10:01:52","date_gmt":"2026-09-02T08:01:52","guid":{"rendered":"https:\/\/radiomars.ma\/fr\/?p=5951"},"modified":"2026-09-02T10:01:52","modified_gmt":"2026-09-02T08:01:52","slug":"nordin-amrabat-rebondit-aux-pays-bas-et-sengage-avec-le-fc-utrecht","status":"publish","type":"post","link":"https:\/\/radiomars.ma\/fr\/?p=5951","title":{"rendered":"Nordin Amrabat rebondit aux Pays-Bas et s\u2019engage avec le FC Utrecht"},"content":{"rendered":"<p style=\"text-align: left\"><strong>Apr\u00e8s avoir quitt\u00e9 le Wydad de Casablanca, Nordin Amrabat poursuit sa carri\u00e8re en Europe. L\u2019international marocain de 39 ans s\u2019est officiellement engag\u00e9 avec le FC Utrecht, aux Pays-Bas, o\u00f9 il arrive libre de tout contrat.<\/strong><\/p>\n<p style=\"text-align: left\"><strong>Apr\u00e8s une saison pass\u00e9e sous les couleurs du club casablancais, Amrabat ouvre ainsi un nouveau chapitre de sa longue carri\u00e8re. Avec le Wydad, l\u2019ancien Lion de l\u2019Atlas a disput\u00e9 38 rencontres, inscrivant quatre buts et d\u00e9livrant autant de passes d\u00e9cisives.<\/strong><\/p>\n<p style=\"text-align: left\"><strong>Le FC Utrecht a officialis\u00e9 mardi l\u2019arriv\u00e9e de l\u2019exp\u00e9riment\u00e9 joueur offensif. Le club n\u00e9erlandais pr\u00e9cise que Nordin Amrabat s\u2019entra\u00eene d\u00e9j\u00e0 depuis deux semaines avec le groupe dirig\u00e9 par Anthony Correia et qu\u2019il est d\u00e9sormais qualifi\u00e9 pour participer aux rencontres officielles.<\/strong><\/p>\n<p style=\"text-align: left\"><strong>Ce retour aux Pays-Bas marque une nouvelle \u00e9tape pour Amrabat, qui retrouve le football europ\u00e9en un peu plus d\u2019un an apr\u00e8s son passage \u00e0 Hull City, en Angleterre. \u00c0 39 ans, l\u2019international marocain entend apporter toute son exp\u00e9rience au sein de sa nouvelle \u00e9quipe.<\/strong><\/p>\n","protected":false},"excerpt":{"rendered":"<p>Apr\u00e8s avoir quitt\u00e9 le Wydad de Casablanca, Nordin Amrabat poursuit sa carri\u00e8re en Europe. L\u2019international marocain de 39 ans s\u2019est officiellement engag\u00e9 avec le FC Utrecht, aux Pays-Bas, o\u00f9 il arrive libre de tout contrat. Apr\u00e8s une saison pass\u00e9e sous les couleurs du club casablancais, Amrabat ouvre ainsi un nouveau chapitre de sa longue carri\u00e8re. [&hellip;]<\/p>\n","protected":false},"author":7,"featured_media":5952,"comment_status":"open","ping_status":"open","sticky":false,"template":"","format":"standard","meta":{"footnotes":""},"categories":[15,52,33,31],"tags":[],"class_list":["post-5951","post","type-post","status-publish","format-standard","has-post-thumbnail","category-botola-pro","category-flash","category-linternationales","category-nos-lions"],"yoast_head":"<!-- This site is optimized with the Yoast SEO plugin v27.6 - https:\/\/yoast.com\/product\/yoast-seo-wordpress\/ -->\n<title>Nordin Amrabat rebondit aux Pays-Bas et s\u2019engage avec le FC Utrecht - RADIOMARS<\/title>\n<meta name=\"robots\" content=\"index, follow, max-snippet:-1, max-image-preview:large, max-video-preview:-1\" \/>\n<link rel=\"canonical\" href=\"https:\/\/radiomars.ma\/fr\/?p=5951\" \/>\n<meta property=\"og:locale\" content=\"fr_FR\" \/>\n<meta property=\"og:type\" content=\"article\" \/>\n<meta property=\"og:title\" content=\"Nordin Amrabat rebondit aux Pays-Bas et s\u2019engage avec le FC Utrecht - RADIOMARS\" \/>\n<meta property=\"og:description\" content=\"Apr\u00e8s avoir quitt\u00e9 le Wydad de Casablanca, Nordin Amrabat poursuit sa carri\u00e8re en Europe. L\u2019international marocain de 39 ans s\u2019est officiellement engag\u00e9 avec le FC Utrecht, aux Pays-Bas, o\u00f9 il arrive libre de tout contrat. Apr\u00e8s une saison pass\u00e9e sous les couleurs du club casablancais, Amrabat ouvre ainsi un nouveau chapitre de sa longue carri\u00e8re. [&hellip;]\" \/>\n<meta property=\"og:url\" content=\"https:\/\/radiomars.ma\/fr\/?p=5951\" \/>\n<meta property=\"og:site_name\" content=\"RADIOMARS\" \/>\n<meta property=\"article:published_time\" content=\"2026-09-02T08:01:52+00:00\" \/>\n<meta property=\"og:image\" content=\"https:\/\/radiomars.ma\/fr\/wp-content\/uploads\/2026\/09\/AMRABAT.webp\" \/>\n\t<meta property=\"og:image:width\" content=\"800\" \/>\n\t<meta property=\"og:image:height\" content=\"533\" \/>\n\t<meta property=\"og:image:type\" content=\"image\/webp\" \/>\n<meta name=\"author\" content=\"Youssra EL MANSOURI\" \/>\n<meta name=\"twitter:card\" content=\"summary_large_image\" \/>\n<meta name=\"twitter:label1\" content=\"\u00c9crit par\" \/>\n\t<meta name=\"twitter:data1\" content=\"Youssra EL MANSOURI\" \/>\n\t<meta name=\"twitter:label2\" content=\"Dur\u00e9e de lecture estim\u00e9e\" \/>\n\t<meta name=\"twitter:data2\" content=\"2 minutes\" \/>\n<script type=\"application\/ld+json\" class=\"yoast-schema-graph\">{\"@context\":\"https:\\\/\\\/schema.org\",\"@graph\":[{\"@type\":\"Article\",\"@id\":\"https:\\\/\\\/radiomars.ma\\\/fr\\\/?p=5951#article\",\"isPartOf\":{\"@id\":\"https:\\\/\\\/radiomars.ma\\\/fr\\\/?p=5951\"},\"author\":{\"name\":\"Youssra EL MANSOURI\",\"@id\":\"https:\\\/\\\/radiomars.ma\\\/fr\\\/#\\\/schema\\\/person\\\/2136c4e5b98113418fc9226503f12850\"},\"headline\":\"Nordin Amrabat rebondit aux Pays-Bas et s\u2019engage avec le FC Utrecht\",\"datePublished\":\"2026-09-02T08:01:52+00:00\",\"mainEntityOfPage\":{\"@id\":\"https:\\\/\\\/radiomars.ma\\\/fr\\\/?p=5951\"},\"wordCount\":193,\"commentCount\":0,\"image\":{\"@id\":\"https:\\\/\\\/radiomars.ma\\\/fr\\\/?p=5951#primaryimage\"},\"thumbnailUrl\":\"https:\\\/\\\/radiomars.ma\\\/fr\\\/wp-content\\\/uploads\\\/2026\\\/09\\\/AMRABAT.webp\",\"articleSection\":[\"BOTOLA PRO\",\"flash\",\"L'INTERNATIONALE\",\"NOS LIONS\"],\"inLanguage\":\"fr-FR\",\"potentialAction\":[{\"@type\":\"CommentAction\",\"name\":\"Comment\",\"target\":[\"https:\\\/\\\/radiomars.ma\\\/fr\\\/?p=5951#respond\"]}]},{\"@type\":\"WebPage\",\"@id\":\"https:\\\/\\\/radiomars.ma\\\/fr\\\/?p=5951\",\"url\":\"https:\\\/\\\/radiomars.ma\\\/fr\\\/?p=5951\",\"name\":\"Nordin Amrabat rebondit aux Pays-Bas et s\u2019engage avec le FC Utrecht - RADIOMARS\",\"isPartOf\":{\"@id\":\"https:\\\/\\\/radiomars.ma\\\/fr\\\/#website\"},\"primaryImageOfPage\":{\"@id\":\"https:\\\/\\\/radiomars.ma\\\/fr\\\/?p=5951#primaryimage\"},\"image\":{\"@id\":\"https:\\\/\\\/radiomars.ma\\\/fr\\\/?p=5951#primaryimage\"},\"thumbnailUrl\":\"https:\\\/\\\/radiomars.ma\\\/fr\\\/wp-content\\\/uploads\\\/2026\\\/09\\\/AMRABAT.webp\",\"datePublished\":\"2026-09-02T08:01:52+00:00\",\"author\":{\"@id\":\"https:\\\/\\\/radiomars.ma\\\/fr\\\/#\\\/schema\\\/person\\\/2136c4e5b98113418fc9226503f12850\"},\"breadcrumb\":{\"@id\":\"https:\\\/\\\/radiomars.ma\\\/fr\\\/?p=5951#breadcrumb\"},\"inLanguage\":\"fr-FR\",\"potentialAction\":[{\"@type\":\"ReadAction\",\"target\":[\"https:\\\/\\\/radiomars.ma\\\/fr\\\/?p=5951\"]}]},{\"@type\":\"ImageObject\",\"inLanguage\":\"fr-FR\",\"@id\":\"https:\\\/\\\/radiomars.ma\\\/fr\\\/?p=5951#primaryimage\",\"url\":\"https:\\\/\\\/radiomars.ma\\\/fr\\\/wp-content\\\/uploads\\\/2026\\\/09\\\/AMRABAT.webp\",\"contentUrl\":\"https:\\\/\\\/radiomars.ma\\\/fr\\\/wp-content\\\/uploads\\\/2026\\\/09\\\/AMRABAT.webp\",\"width\":800,\"height\":533},{\"@type\":\"BreadcrumbList\",\"@id\":\"https:\\\/\\\/radiomars.ma\\\/fr\\\/?p=5951#breadcrumb\",\"itemListElement\":[{\"@type\":\"ListItem\",\"position\":1,\"name\":\"Accueil\",\"item\":\"https:\\\/\\\/radiomars.ma\\\/fr\\\/\"},{\"@type\":\"ListItem\",\"position\":2,\"name\":\"Nordin Amrabat rebondit aux Pays-Bas et s\u2019engage avec le FC Utrecht\"}]},{\"@type\":\"WebSite\",\"@id\":\"https:\\\/\\\/radiomars.ma\\\/fr\\\/#website\",\"url\":\"https:\\\/\\\/radiomars.ma\\\/fr\\\/\",\"name\":\"RADIOMARS\",\"description\":\"\",\"potentialAction\":[{\"@type\":\"SearchAction\",\"target\":{\"@type\":\"EntryPoint\",\"urlTemplate\":\"https:\\\/\\\/radiomars.ma\\\/fr\\\/?s={search_term_string}\"},\"query-input\":{\"@type\":\"PropertyValueSpecification\",\"valueRequired\":true,\"valueName\":\"search_term_string\"}}],\"inLanguage\":\"fr-FR\"},{\"@type\":\"Person\",\"@id\":\"https:\\\/\\\/radiomars.ma\\\/fr\\\/#\\\/schema\\\/person\\\/2136c4e5b98113418fc9226503f12850\",\"name\":\"Youssra EL MANSOURI\",\"image\":{\"@type\":\"ImageObject\",\"inLanguage\":\"fr-FR\",\"@id\":\"https:\\\/\\\/secure.gravatar.com\\\/avatar\\\/b605f22f52f1c1fcc7ff0c8dfa8191c659cc7968a0c1cdce68ad5167e65c0202?s=96&d=mm&r=g\",\"url\":\"https:\\\/\\\/secure.gravatar.com\\\/avatar\\\/b605f22f52f1c1fcc7ff0c8dfa8191c659cc7968a0c1cdce68ad5167e65c0202?s=96&d=mm&r=g\",\"contentUrl\":\"https:\\\/\\\/secure.gravatar.com\\\/avatar\\\/b605f22f52f1c1fcc7ff0c8dfa8191c659cc7968a0c1cdce68ad5167e65c0202?s=96&d=mm&r=g\",\"caption\":\"Youssra EL MANSOURI\"},\"url\":\"https:\\\/\\\/radiomars.ma\\\/fr\\\/?author=7\"}]}<\/script>\n<!-- \/ Yoast SEO plugin. -->","yoast_head_json":{"title":"Nordin Amrabat rebondit aux Pays-Bas et s\u2019engage avec le FC Utrecht - RADIOMARS","robots":{"index":"index","follow":"follow","max-snippet":"max-snippet:-1","max-image-preview":"max-image-preview:large","max-video-preview":"max-video-preview:-1"},"canonical":"https:\/\/radiomars.ma\/fr\/?p=5951","og_locale":"fr_FR","og_type":"article","og_title":"Nordin Amrabat rebondit aux Pays-Bas et s\u2019engage avec le FC Utrecht - RADIOMARS","og_description":"Apr\u00e8s avoir quitt\u00e9 le Wydad de Casablanca, Nordin Amrabat poursuit sa carri\u00e8re en Europe. L\u2019international marocain de 39 ans s\u2019est officiellement engag\u00e9 avec le FC Utrecht, aux Pays-Bas, o\u00f9 il arrive libre de tout contrat. Apr\u00e8s une saison pass\u00e9e sous les couleurs du club casablancais, Amrabat ouvre ainsi un nouveau chapitre de sa longue carri\u00e8re. [&hellip;]","og_url":"https:\/\/radiomars.ma\/fr\/?p=5951","og_site_name":"RADIOMARS","article_published_time":"2026-09-02T08:01:52+00:00","og_image":[{"width":800,"height":533,"url":"https:\/\/radiomars.ma\/fr\/wp-content\/uploads\/2026\/09\/AMRABAT.webp","type":"image\/webp"}],"author":"Youssra EL MANSOURI","twitter_card":"summary_large_image","twitter_misc":{"\u00c9crit par":"Youssra EL MANSOURI","Dur\u00e9e de lecture estim\u00e9e":"2 minutes"},"schema":{"@context":"https:\/\/schema.org","@graph":[{"@type":"Article","@id":"https:\/\/radiomars.ma\/fr\/?p=5951#article","isPartOf":{"@id":"https:\/\/radiomars.ma\/fr\/?p=5951"},"author":{"name":"Youssra EL MANSOURI","@id":"https:\/\/radiomars.ma\/fr\/#\/schema\/person\/2136c4e5b98113418fc9226503f12850"},"headline":"Nordin Amrabat rebondit aux Pays-Bas et s\u2019engage avec le FC Utrecht","datePublished":"2026-09-02T08:01:52+00:00","mainEntityOfPage":{"@id":"https:\/\/radiomars.ma\/fr\/?p=5951"},"wordCount":193,"commentCount":0,"image":{"@id":"https:\/\/radiomars.ma\/fr\/?p=5951#primaryimage"},"thumbnailUrl":"https:\/\/radiomars.ma\/fr\/wp-content\/uploads\/2026\/09\/AMRABAT.webp","articleSection":["BOTOLA PRO","flash","L'INTERNATIONALE","NOS LIONS"],"inLanguage":"fr-FR","potentialAction":[{"@type":"CommentAction","name":"Comment","target":["https:\/\/radiomars.ma\/fr\/?p=5951#respond"]}]},{"@type":"WebPage","@id":"https:\/\/radiomars.ma\/fr\/?p=5951","url":"https:\/\/radiomars.ma\/fr\/?p=5951","name":"Nordin Amrabat rebondit aux Pays-Bas et s\u2019engage avec le FC Utrecht - RADIOMARS","isPartOf":{"@id":"https:\/\/radiomars.ma\/fr\/#website"},"primaryImageOfPage":{"@id":"https:\/\/radiomars.ma\/fr\/?p=5951#primaryimage"},"image":{"@id":"https:\/\/radiomars.ma\/fr\/?p=5951#primaryimage"},"thumbnailUrl":"https:\/\/radiomars.ma\/fr\/wp-content\/uploads\/2026\/09\/AMRABAT.webp","datePublished":"2026-09-02T08:01:52+00:00","author":{"@id":"https:\/\/radiomars.ma\/fr\/#\/schema\/person\/2136c4e5b98113418fc9226503f12850"},"breadcrumb":{"@id":"https:\/\/radiomars.ma\/fr\/?p=5951#breadcrumb"},"inLanguage":"fr-FR","potentialAction":[{"@type":"ReadAction","target":["https:\/\/radiomars.ma\/fr\/?p=5951"]}]},{"@type":"ImageObject","inLanguage":"fr-FR","@id":"https:\/\/radiomars.ma\/fr\/?p=5951#primaryimage","url":"https:\/\/radiomars.ma\/fr\/wp-content\/uploads\/2026\/09\/AMRABAT.webp","contentUrl":"https:\/\/radiomars.ma\/fr\/wp-content\/uploads\/2026\/09\/AMRABAT.webp","width":800,"height":533},{"@type":"BreadcrumbList","@id":"https:\/\/radiomars.ma\/fr\/?p=5951#breadcrumb","itemListElement":[{"@type":"ListItem","position":1,"name":"Accueil","item":"https:\/\/radiomars.ma\/fr\/"},{"@type":"ListItem","position":2,"name":"Nordin Amrabat rebondit aux Pays-Bas et s\u2019engage avec le FC Utrecht"}]},{"@type":"WebSite","@id":"https:\/\/radiomars.ma\/fr\/#website","url":"https:\/\/radiomars.ma\/fr\/","name":"RADIOMARS","description":"","potentialAction":[{"@type":"SearchAction","target":{"@type":"EntryPoint","urlTemplate":"https:\/\/radiomars.ma\/fr\/?s={search_term_string}"},"query-input":{"@type":"PropertyValueSpecification","valueRequired":true,"valueName":"search_term_string"}}],"inLanguage":"fr-FR"},{"@type":"Person","@id":"https:\/\/radiomars.ma\/fr\/#\/schema\/person\/2136c4e5b98113418fc9226503f12850","name":"Youssra EL MANSOURI","image":{"@type":"ImageObject","inLanguage":"fr-FR","@id":"https:\/\/secure.gravatar.com\/avatar\/b605f22f52f1c1fcc7ff0c8dfa8191c659cc7968a0c1cdce68ad5167e65c0202?s=96&d=mm&r=g","url":"https:\/\/secure.gravatar.com\/avatar\/b605f22f52f1c1fcc7ff0c8dfa8191c659cc7968a0c1cdce68ad5167e65c0202?s=96&d=mm&r=g","contentUrl":"https:\/\/secure.gravatar.com\/avatar\/b605f22f52f1c1fcc7ff0c8dfa8191c659cc7968a0c1cdce68ad5167e65c0202?s=96&d=mm&r=g","caption":"Youssra EL MANSOURI"},"url":"https:\/\/radiomars.ma\/fr\/?author=7"}]}},"_links":{"self":[{"href":"https:\/\/radiomars.ma\/fr\/index.php?rest_route=\/wp\/v2\/posts\/5951","targetHints":{"allow":["GET"]}}],"collection":[{"href":"https:\/\/radiomars.ma\/fr\/index.php?rest_route=\/wp\/v2\/posts"}],"about":[{"href":"https:\/\/radiomars.ma\/fr\/index.php?rest_route=\/wp\/v2\/types\/post"}],"author":[{"embeddable":true,"href":"https:\/\/radiomars.ma\/fr\/index.php?rest_route=\/wp\/v2\/users\/7"}],"replies":[{"embeddable":true,"href":"https:\/\/radiomars.ma\/fr\/index.php?rest_route=%2Fwp%2Fv2%2Fcomments&post=5951"}],"version-history":[{"count":1,"href":"https:\/\/radiomars.ma\/fr\/index.php?rest_route=\/wp\/v2\/posts\/5951\/revisions"}],"predecessor-version":[{"id":5953,"href":"https:\/\/radiomars.ma\/fr\/index.php?rest_route=\/wp\/v2\/posts\/5951\/revisions\/5953"}],"wp:featuredmedia":[{"embeddable":true,"href":"https:\/\/radiomars.ma\/fr\/index.php?rest_route=\/wp\/v2\/media\/5952"}],"wp:attachment":[{"href":"https:\/\/radiomars.ma\/fr\/index.php?rest_route=%2Fwp%2Fv2%2Fmedia&parent=5951"}],"wp:term":[{"taxonomy":"category","embeddable":true,"href":"https:\/\/radiomars.ma\/fr\/index.php?rest_route=%2Fwp%2Fv2%2Fcategories&post=5951"},{"taxonomy":"post_tag","embeddable":true,"href":"https:\/\/radiomars.ma\/fr\/index.php?rest_route=%2Fwp%2Fv2%2Ftags&post=5951"}],"curies":[{"name":"wp","href":"https:\/\/api.w.org\/{rel}","templated":true}]}}