{"id":5957,"date":"2026-09-02T11:12:26","date_gmt":"2026-09-02T09:12:26","guid":{"rendered":"https:\/\/radiomars.ma\/fr\/?p=5957"},"modified":"2026-09-02T11:25:35","modified_gmt":"2026-09-02T09:25:35","slug":"neil-el-aynaoui-rejoint-le-rb-leipzig-en-pret","status":"publish","type":"post","link":"https:\/\/radiomars.ma\/fr\/?p=5957","title":{"rendered":"Neil El Aynaoui rejoint le RB Leipzig en pr\u00eat"},"content":{"rendered":"<p class=\"isSelectedEnd\"><strong>Neil El Aynaoui quitte l\u2019AS Rome pour le RB Leipzig. L\u2019international marocain rejoint le club allemand sous la forme d\u2019un pr\u00eat avec option d\u2019achat.<\/strong><\/p>\n<p class=\"isSelectedEnd\">Le milieu de terrain de 25 ans va d\u00e9couvrir la Bundesliga apr\u00e8s la France et l\u2019Italie. Selon Sky Allemagne, Leipzig d\u00e9bourse <strong>4 millions d\u2019euros pour le pr\u00eat<\/strong>, avec une <strong>option d\u2019achat fix\u00e9e \u00e0 25 millions d\u2019euros<\/strong>.<\/p>\n<p class=\"isSelectedEnd\">\u00c0 son arriv\u00e9e, El Aynaoui s\u2019est montr\u00e9 enthousiaste : \u00ab Je suis tr\u00e8s enthousiaste \u00e0 l\u2019id\u00e9e de ce nouveau d\u00e9fi, j\u2019ai h\u00e2te de fouler la pelouse avec l\u2019\u00e9quipe et de contribuer directement \u00e0 la r\u00e9alisation de nos objectifs. \u00bb<\/p>\n<p>Form\u00e9 \u00e0 Nancy puis r\u00e9v\u00e9l\u00e9 au RC Lens, le Lion de l\u2019Atlas poursuit ainsi son parcours europ\u00e9en avec Leipzig, o\u00f9 il portera le <strong>num\u00e9ro 21<\/strong>.<\/p>\n","protected":false},"excerpt":{"rendered":"<p>Neil El Aynaoui quitte l\u2019AS Rome pour le RB Leipzig. L\u2019international marocain rejoint le club allemand sous la forme d\u2019un pr\u00eat avec option d\u2019achat. Le milieu de terrain de 25 ans va d\u00e9couvrir la Bundesliga apr\u00e8s la France et l\u2019Italie. Selon Sky Allemagne, Leipzig d\u00e9bourse 4 millions d\u2019euros pour le pr\u00eat, avec une option d\u2019achat [&hellip;]<\/p>\n","protected":false},"author":13,"featured_media":5958,"comment_status":"open","ping_status":"open","sticky":false,"template":"","format":"standard","meta":{"footnotes":""},"categories":[52,33,31,48],"tags":[],"class_list":["post-5957","post","type-post","status-publish","format-standard","has-post-thumbnail","category-flash","category-linternationales","category-nos-lions","category-slider"],"yoast_head":"<!-- This site is optimized with the Yoast SEO plugin v27.6 - https:\/\/yoast.com\/product\/yoast-seo-wordpress\/ -->\n<title>Neil El Aynaoui rejoint le RB Leipzig en pr\u00eat - RADIOMARS<\/title>\n<meta name=\"robots\" content=\"index, follow, max-snippet:-1, max-image-preview:large, max-video-preview:-1\" \/>\n<link rel=\"canonical\" href=\"https:\/\/radiomars.ma\/fr\/?p=5957\" \/>\n<meta property=\"og:locale\" content=\"fr_FR\" \/>\n<meta property=\"og:type\" content=\"article\" \/>\n<meta property=\"og:title\" content=\"Neil El Aynaoui rejoint le RB Leipzig en pr\u00eat - RADIOMARS\" \/>\n<meta property=\"og:description\" content=\"Neil El Aynaoui quitte l\u2019AS Rome pour le RB Leipzig. L\u2019international marocain rejoint le club allemand sous la forme d\u2019un pr\u00eat avec option d\u2019achat. Le milieu de terrain de 25 ans va d\u00e9couvrir la Bundesliga apr\u00e8s la France et l\u2019Italie. Selon Sky Allemagne, Leipzig d\u00e9bourse 4 millions d\u2019euros pour le pr\u00eat, avec une option d\u2019achat [&hellip;]\" \/>\n<meta property=\"og:url\" content=\"https:\/\/radiomars.ma\/fr\/?p=5957\" \/>\n<meta property=\"og:site_name\" content=\"RADIOMARS\" \/>\n<meta property=\"article:published_time\" content=\"2026-09-02T09:12:26+00:00\" \/>\n<meta property=\"article:modified_time\" content=\"2026-09-02T09:25:35+00:00\" \/>\n<meta property=\"og:image\" content=\"https:\/\/radiomars.ma\/fr\/wp-content\/uploads\/2026\/09\/HRJtsarXgAAU9Cy.jpeg\" \/>\n\t<meta property=\"og:image:width\" content=\"1200\" \/>\n\t<meta property=\"og:image:height\" content=\"800\" \/>\n\t<meta property=\"og:image:type\" content=\"image\/jpeg\" \/>\n<meta name=\"author\" content=\"Nourhane HAROUI\" \/>\n<meta name=\"twitter:card\" content=\"summary_large_image\" \/>\n<meta name=\"twitter:label1\" content=\"\u00c9crit par\" \/>\n\t<meta name=\"twitter:data1\" content=\"Nourhane HAROUI\" \/>\n\t<meta name=\"twitter:label2\" content=\"Dur\u00e9e de lecture estim\u00e9e\" \/>\n\t<meta name=\"twitter:data2\" content=\"1 minute\" \/>\n<script type=\"application\/ld+json\" class=\"yoast-schema-graph\">{\"@context\":\"https:\\\/\\\/schema.org\",\"@graph\":[{\"@type\":\"Article\",\"@id\":\"https:\\\/\\\/radiomars.ma\\\/fr\\\/?p=5957#article\",\"isPartOf\":{\"@id\":\"https:\\\/\\\/radiomars.ma\\\/fr\\\/?p=5957\"},\"author\":{\"name\":\"Nourhane HAROUI\",\"@id\":\"https:\\\/\\\/radiomars.ma\\\/fr\\\/#\\\/schema\\\/person\\\/a9698f3d532a66af8bdf55eab142d882\"},\"headline\":\"Neil El Aynaoui rejoint le RB Leipzig en pr\u00eat\",\"datePublished\":\"2026-09-02T09:12:26+00:00\",\"dateModified\":\"2026-09-02T09:25:35+00:00\",\"mainEntityOfPage\":{\"@id\":\"https:\\\/\\\/radiomars.ma\\\/fr\\\/?p=5957\"},\"wordCount\":151,\"commentCount\":0,\"image\":{\"@id\":\"https:\\\/\\\/radiomars.ma\\\/fr\\\/?p=5957#primaryimage\"},\"thumbnailUrl\":\"https:\\\/\\\/radiomars.ma\\\/fr\\\/wp-content\\\/uploads\\\/2026\\\/09\\\/HRJtsarXgAAU9Cy.jpeg\",\"articleSection\":[\"flash\",\"L'INTERNATIONALE\",\"NOS LIONS\",\"slider\"],\"inLanguage\":\"fr-FR\",\"potentialAction\":[{\"@type\":\"CommentAction\",\"name\":\"Comment\",\"target\":[\"https:\\\/\\\/radiomars.ma\\\/fr\\\/?p=5957#respond\"]}]},{\"@type\":\"WebPage\",\"@id\":\"https:\\\/\\\/radiomars.ma\\\/fr\\\/?p=5957\",\"url\":\"https:\\\/\\\/radiomars.ma\\\/fr\\\/?p=5957\",\"name\":\"Neil El Aynaoui rejoint le RB Leipzig en pr\u00eat - RADIOMARS\",\"isPartOf\":{\"@id\":\"https:\\\/\\\/radiomars.ma\\\/fr\\\/#website\"},\"primaryImageOfPage\":{\"@id\":\"https:\\\/\\\/radiomars.ma\\\/fr\\\/?p=5957#primaryimage\"},\"image\":{\"@id\":\"https:\\\/\\\/radiomars.ma\\\/fr\\\/?p=5957#primaryimage\"},\"thumbnailUrl\":\"https:\\\/\\\/radiomars.ma\\\/fr\\\/wp-content\\\/uploads\\\/2026\\\/09\\\/HRJtsarXgAAU9Cy.jpeg\",\"datePublished\":\"2026-09-02T09:12:26+00:00\",\"dateModified\":\"2026-09-02T09:25:35+00:00\",\"author\":{\"@id\":\"https:\\\/\\\/radiomars.ma\\\/fr\\\/#\\\/schema\\\/person\\\/a9698f3d532a66af8bdf55eab142d882\"},\"breadcrumb\":{\"@id\":\"https:\\\/\\\/radiomars.ma\\\/fr\\\/?p=5957#breadcrumb\"},\"inLanguage\":\"fr-FR\",\"potentialAction\":[{\"@type\":\"ReadAction\",\"target\":[\"https:\\\/\\\/radiomars.ma\\\/fr\\\/?p=5957\"]}]},{\"@type\":\"ImageObject\",\"inLanguage\":\"fr-FR\",\"@id\":\"https:\\\/\\\/radiomars.ma\\\/fr\\\/?p=5957#primaryimage\",\"url\":\"https:\\\/\\\/radiomars.ma\\\/fr\\\/wp-content\\\/uploads\\\/2026\\\/09\\\/HRJtsarXgAAU9Cy.jpeg\",\"contentUrl\":\"https:\\\/\\\/radiomars.ma\\\/fr\\\/wp-content\\\/uploads\\\/2026\\\/09\\\/HRJtsarXgAAU9Cy.jpeg\",\"width\":1200,\"height\":800},{\"@type\":\"BreadcrumbList\",\"@id\":\"https:\\\/\\\/radiomars.ma\\\/fr\\\/?p=5957#breadcrumb\",\"itemListElement\":[{\"@type\":\"ListItem\",\"position\":1,\"name\":\"Accueil\",\"item\":\"https:\\\/\\\/radiomars.ma\\\/fr\\\/\"},{\"@type\":\"ListItem\",\"position\":2,\"name\":\"Neil El Aynaoui rejoint le RB Leipzig en pr\u00eat\"}]},{\"@type\":\"WebSite\",\"@id\":\"https:\\\/\\\/radiomars.ma\\\/fr\\\/#website\",\"url\":\"https:\\\/\\\/radiomars.ma\\\/fr\\\/\",\"name\":\"RADIOMARS\",\"description\":\"\",\"potentialAction\":[{\"@type\":\"SearchAction\",\"target\":{\"@type\":\"EntryPoint\",\"urlTemplate\":\"https:\\\/\\\/radiomars.ma\\\/fr\\\/?s={search_term_string}\"},\"query-input\":{\"@type\":\"PropertyValueSpecification\",\"valueRequired\":true,\"valueName\":\"search_term_string\"}}],\"inLanguage\":\"fr-FR\"},{\"@type\":\"Person\",\"@id\":\"https:\\\/\\\/radiomars.ma\\\/fr\\\/#\\\/schema\\\/person\\\/a9698f3d532a66af8bdf55eab142d882\",\"name\":\"Nourhane HAROUI\",\"image\":{\"@type\":\"ImageObject\",\"inLanguage\":\"fr-FR\",\"@id\":\"https:\\\/\\\/secure.gravatar.com\\\/avatar\\\/41ccbb44b460ffd178bfba847ebd4a97d9314423310ed4f27289588b156b2e4f?s=96&d=mm&r=g\",\"url\":\"https:\\\/\\\/secure.gravatar.com\\\/avatar\\\/41ccbb44b460ffd178bfba847ebd4a97d9314423310ed4f27289588b156b2e4f?s=96&d=mm&r=g\",\"contentUrl\":\"https:\\\/\\\/secure.gravatar.com\\\/avatar\\\/41ccbb44b460ffd178bfba847ebd4a97d9314423310ed4f27289588b156b2e4f?s=96&d=mm&r=g\",\"caption\":\"Nourhane HAROUI\"},\"url\":\"https:\\\/\\\/radiomars.ma\\\/fr\\\/?author=13\"}]}<\/script>\n<!-- \/ Yoast SEO plugin. -->","yoast_head_json":{"title":"Neil El Aynaoui rejoint le RB Leipzig en pr\u00eat - RADIOMARS","robots":{"index":"index","follow":"follow","max-snippet":"max-snippet:-1","max-image-preview":"max-image-preview:large","max-video-preview":"max-video-preview:-1"},"canonical":"https:\/\/radiomars.ma\/fr\/?p=5957","og_locale":"fr_FR","og_type":"article","og_title":"Neil El Aynaoui rejoint le RB Leipzig en pr\u00eat - RADIOMARS","og_description":"Neil El Aynaoui quitte l\u2019AS Rome pour le RB Leipzig. L\u2019international marocain rejoint le club allemand sous la forme d\u2019un pr\u00eat avec option d\u2019achat. Le milieu de terrain de 25 ans va d\u00e9couvrir la Bundesliga apr\u00e8s la France et l\u2019Italie. Selon Sky Allemagne, Leipzig d\u00e9bourse 4 millions d\u2019euros pour le pr\u00eat, avec une option d\u2019achat [&hellip;]","og_url":"https:\/\/radiomars.ma\/fr\/?p=5957","og_site_name":"RADIOMARS","article_published_time":"2026-09-02T09:12:26+00:00","article_modified_time":"2026-09-02T09:25:35+00:00","og_image":[{"width":1200,"height":800,"url":"https:\/\/radiomars.ma\/fr\/wp-content\/uploads\/2026\/09\/HRJtsarXgAAU9Cy.jpeg","type":"image\/jpeg"}],"author":"Nourhane HAROUI","twitter_card":"summary_large_image","twitter_misc":{"\u00c9crit par":"Nourhane HAROUI","Dur\u00e9e de lecture estim\u00e9e":"1 minute"},"schema":{"@context":"https:\/\/schema.org","@graph":[{"@type":"Article","@id":"https:\/\/radiomars.ma\/fr\/?p=5957#article","isPartOf":{"@id":"https:\/\/radiomars.ma\/fr\/?p=5957"},"author":{"name":"Nourhane HAROUI","@id":"https:\/\/radiomars.ma\/fr\/#\/schema\/person\/a9698f3d532a66af8bdf55eab142d882"},"headline":"Neil El Aynaoui rejoint le RB Leipzig en pr\u00eat","datePublished":"2026-09-02T09:12:26+00:00","dateModified":"2026-09-02T09:25:35+00:00","mainEntityOfPage":{"@id":"https:\/\/radiomars.ma\/fr\/?p=5957"},"wordCount":151,"commentCount":0,"image":{"@id":"https:\/\/radiomars.ma\/fr\/?p=5957#primaryimage"},"thumbnailUrl":"https:\/\/radiomars.ma\/fr\/wp-content\/uploads\/2026\/09\/HRJtsarXgAAU9Cy.jpeg","articleSection":["flash","L'INTERNATIONALE","NOS LIONS","slider"],"inLanguage":"fr-FR","potentialAction":[{"@type":"CommentAction","name":"Comment","target":["https:\/\/radiomars.ma\/fr\/?p=5957#respond"]}]},{"@type":"WebPage","@id":"https:\/\/radiomars.ma\/fr\/?p=5957","url":"https:\/\/radiomars.ma\/fr\/?p=5957","name":"Neil El Aynaoui rejoint le RB Leipzig en pr\u00eat - RADIOMARS","isPartOf":{"@id":"https:\/\/radiomars.ma\/fr\/#website"},"primaryImageOfPage":{"@id":"https:\/\/radiomars.ma\/fr\/?p=5957#primaryimage"},"image":{"@id":"https:\/\/radiomars.ma\/fr\/?p=5957#primaryimage"},"thumbnailUrl":"https:\/\/radiomars.ma\/fr\/wp-content\/uploads\/2026\/09\/HRJtsarXgAAU9Cy.jpeg","datePublished":"2026-09-02T09:12:26+00:00","dateModified":"2026-09-02T09:25:35+00:00","author":{"@id":"https:\/\/radiomars.ma\/fr\/#\/schema\/person\/a9698f3d532a66af8bdf55eab142d882"},"breadcrumb":{"@id":"https:\/\/radiomars.ma\/fr\/?p=5957#breadcrumb"},"inLanguage":"fr-FR","potentialAction":[{"@type":"ReadAction","target":["https:\/\/radiomars.ma\/fr\/?p=5957"]}]},{"@type":"ImageObject","inLanguage":"fr-FR","@id":"https:\/\/radiomars.ma\/fr\/?p=5957#primaryimage","url":"https:\/\/radiomars.ma\/fr\/wp-content\/uploads\/2026\/09\/HRJtsarXgAAU9Cy.jpeg","contentUrl":"https:\/\/radiomars.ma\/fr\/wp-content\/uploads\/2026\/09\/HRJtsarXgAAU9Cy.jpeg","width":1200,"height":800},{"@type":"BreadcrumbList","@id":"https:\/\/radiomars.ma\/fr\/?p=5957#breadcrumb","itemListElement":[{"@type":"ListItem","position":1,"name":"Accueil","item":"https:\/\/radiomars.ma\/fr\/"},{"@type":"ListItem","position":2,"name":"Neil El Aynaoui rejoint le RB Leipzig en pr\u00eat"}]},{"@type":"WebSite","@id":"https:\/\/radiomars.ma\/fr\/#website","url":"https:\/\/radiomars.ma\/fr\/","name":"RADIOMARS","description":"","potentialAction":[{"@type":"SearchAction","target":{"@type":"EntryPoint","urlTemplate":"https:\/\/radiomars.ma\/fr\/?s={search_term_string}"},"query-input":{"@type":"PropertyValueSpecification","valueRequired":true,"valueName":"search_term_string"}}],"inLanguage":"fr-FR"},{"@type":"Person","@id":"https:\/\/radiomars.ma\/fr\/#\/schema\/person\/a9698f3d532a66af8bdf55eab142d882","name":"Nourhane HAROUI","image":{"@type":"ImageObject","inLanguage":"fr-FR","@id":"https:\/\/secure.gravatar.com\/avatar\/41ccbb44b460ffd178bfba847ebd4a97d9314423310ed4f27289588b156b2e4f?s=96&d=mm&r=g","url":"https:\/\/secure.gravatar.com\/avatar\/41ccbb44b460ffd178bfba847ebd4a97d9314423310ed4f27289588b156b2e4f?s=96&d=mm&r=g","contentUrl":"https:\/\/secure.gravatar.com\/avatar\/41ccbb44b460ffd178bfba847ebd4a97d9314423310ed4f27289588b156b2e4f?s=96&d=mm&r=g","caption":"Nourhane HAROUI"},"url":"https:\/\/radiomars.ma\/fr\/?author=13"}]}},"_links":{"self":[{"href":"https:\/\/radiomars.ma\/fr\/index.php?rest_route=\/wp\/v2\/posts\/5957","targetHints":{"allow":["GET"]}}],"collection":[{"href":"https:\/\/radiomars.ma\/fr\/index.php?rest_route=\/wp\/v2\/posts"}],"about":[{"href":"https:\/\/radiomars.ma\/fr\/index.php?rest_route=\/wp\/v2\/types\/post"}],"author":[{"embeddable":true,"href":"https:\/\/radiomars.ma\/fr\/index.php?rest_route=\/wp\/v2\/users\/13"}],"replies":[{"embeddable":true,"href":"https:\/\/radiomars.ma\/fr\/index.php?rest_route=%2Fwp%2Fv2%2Fcomments&post=5957"}],"version-history":[{"count":1,"href":"https:\/\/radiomars.ma\/fr\/index.php?rest_route=\/wp\/v2\/posts\/5957\/revisions"}],"predecessor-version":[{"id":5959,"href":"https:\/\/radiomars.ma\/fr\/index.php?rest_route=\/wp\/v2\/posts\/5957\/revisions\/5959"}],"wp:featuredmedia":[{"embeddable":true,"href":"https:\/\/radiomars.ma\/fr\/index.php?rest_route=\/wp\/v2\/media\/5958"}],"wp:attachment":[{"href":"https:\/\/radiomars.ma\/fr\/index.php?rest_route=%2Fwp%2Fv2%2Fmedia&parent=5957"}],"wp:term":[{"taxonomy":"category","embeddable":true,"href":"https:\/\/radiomars.ma\/fr\/index.php?rest_route=%2Fwp%2Fv2%2Fcategories&post=5957"},{"taxonomy":"post_tag","embeddable":true,"href":"https:\/\/radiomars.ma\/fr\/index.php?rest_route=%2Fwp%2Fv2%2Ftags&post=5957"}],"curies":[{"name":"wp","href":"https:\/\/api.w.org\/{rel}","templated":true}]}}