{"id":5960,"date":"2026-09-02T11:18:54","date_gmt":"2026-09-02T09:18:54","guid":{"rendered":"https:\/\/radiomars.ma\/fr\/?p=5960"},"modified":"2026-09-02T11:26:51","modified_gmt":"2026-09-02T09:26:51","slug":"liga-yassir-zabiri-dans-lequipe-type-de-la-3e-journee","status":"publish","type":"post","link":"https:\/\/radiomars.ma\/fr\/?p=5960","title":{"rendered":"Liga : Yassir Zabiri dans l\u2019\u00e9quipe type de la 3e journ\u00e9e"},"content":{"rendered":"<p><strong>Yassir Zabiri est d\u00e9j\u00e0 r\u00e9compens\u00e9 pour son excellent d\u00e9but de saison en Espagne. L\u2019attaquant marocain du Racing Santander figure dans le onze type de la 3e journ\u00e9e de Liga \u00e9tabli par le quotidien AS.<\/strong><\/p>\n<p>Le Lion de l\u2019Atlas s\u2019est fait une place parmi les meilleurs joueurs de la journ\u00e9e gr\u00e2ce \u00e0 sa prestation face \u00e0 Elche. Pour sa premi\u00e8re titularisation en Liga, Zabiri a inscrit un <strong>tripl\u00e9 en seulement 21 minutes<\/strong>, permettant au Racing Santander de s\u2019imposer 3-2 et de d\u00e9crocher sa premi\u00e8re victoire de la saison.<\/p>\n<p>\u00c0 20 ans, le Marocain r\u00e9alise donc des d\u00e9buts remarqu\u00e9s en Espagne. Pr\u00eat\u00e9 par le Stade Rennais pour la saison 2026-2027, le champion du monde U20 confirme rapidement les attentes plac\u00e9es en lui.<\/p>\n","protected":false},"excerpt":{"rendered":"<p>Yassir Zabiri est d\u00e9j\u00e0 r\u00e9compens\u00e9 pour son excellent d\u00e9but de saison en Espagne. L\u2019attaquant marocain du Racing Santander figure dans le onze type de la 3e journ\u00e9e de Liga \u00e9tabli par le quotidien AS. Le Lion de l\u2019Atlas s\u2019est fait une place parmi les meilleurs joueurs de la journ\u00e9e gr\u00e2ce \u00e0 sa prestation face \u00e0 [&hellip;]<\/p>\n","protected":false},"author":13,"featured_media":5961,"comment_status":"open","ping_status":"open","sticky":false,"template":"","format":"standard","meta":{"footnotes":""},"categories":[52,33,31,48],"tags":[],"class_list":["post-5960","post","type-post","status-publish","format-standard","has-post-thumbnail","category-flash","category-linternationales","category-nos-lions","category-slider"],"yoast_head":"<!-- This site is optimized with the Yoast SEO plugin v27.6 - https:\/\/yoast.com\/product\/yoast-seo-wordpress\/ -->\n<title>Liga : Yassir Zabiri dans l\u2019\u00e9quipe type de la 3e journ\u00e9e - RADIOMARS<\/title>\n<meta name=\"robots\" content=\"index, follow, max-snippet:-1, max-image-preview:large, max-video-preview:-1\" \/>\n<link rel=\"canonical\" href=\"https:\/\/radiomars.ma\/fr\/?p=5960\" \/>\n<meta property=\"og:locale\" content=\"fr_FR\" \/>\n<meta property=\"og:type\" content=\"article\" \/>\n<meta property=\"og:title\" content=\"Liga : Yassir Zabiri dans l\u2019\u00e9quipe type de la 3e journ\u00e9e - RADIOMARS\" \/>\n<meta property=\"og:description\" content=\"Yassir Zabiri est d\u00e9j\u00e0 r\u00e9compens\u00e9 pour son excellent d\u00e9but de saison en Espagne. L\u2019attaquant marocain du Racing Santander figure dans le onze type de la 3e journ\u00e9e de Liga \u00e9tabli par le quotidien AS. Le Lion de l\u2019Atlas s\u2019est fait une place parmi les meilleurs joueurs de la journ\u00e9e gr\u00e2ce \u00e0 sa prestation face \u00e0 [&hellip;]\" \/>\n<meta property=\"og:url\" content=\"https:\/\/radiomars.ma\/fr\/?p=5960\" \/>\n<meta property=\"og:site_name\" content=\"RADIOMARS\" \/>\n<meta property=\"article:published_time\" content=\"2026-09-02T09:18:54+00:00\" \/>\n<meta property=\"article:modified_time\" content=\"2026-09-02T09:26:51+00:00\" \/>\n<meta property=\"og:image\" content=\"https:\/\/radiomars.ma\/fr\/wp-content\/uploads\/2026\/09\/HQ1kzZOXgAAl1jl.jpeg\" \/>\n\t<meta property=\"og:image:width\" content=\"2048\" \/>\n\t<meta property=\"og:image:height\" content=\"1366\" \/>\n\t<meta property=\"og:image:type\" content=\"image\/jpeg\" \/>\n<meta name=\"author\" content=\"Nourhane HAROUI\" \/>\n<meta name=\"twitter:card\" content=\"summary_large_image\" \/>\n<meta name=\"twitter:label1\" content=\"\u00c9crit par\" \/>\n\t<meta name=\"twitter:data1\" content=\"Nourhane HAROUI\" \/>\n\t<meta name=\"twitter:label2\" content=\"Dur\u00e9e de lecture estim\u00e9e\" \/>\n\t<meta name=\"twitter:data2\" content=\"1 minute\" \/>\n<script type=\"application\/ld+json\" class=\"yoast-schema-graph\">{\"@context\":\"https:\\\/\\\/schema.org\",\"@graph\":[{\"@type\":\"Article\",\"@id\":\"https:\\\/\\\/radiomars.ma\\\/fr\\\/?p=5960#article\",\"isPartOf\":{\"@id\":\"https:\\\/\\\/radiomars.ma\\\/fr\\\/?p=5960\"},\"author\":{\"name\":\"Nourhane HAROUI\",\"@id\":\"https:\\\/\\\/radiomars.ma\\\/fr\\\/#\\\/schema\\\/person\\\/a9698f3d532a66af8bdf55eab142d882\"},\"headline\":\"Liga : Yassir Zabiri dans l\u2019\u00e9quipe type de la 3e journ\u00e9e\",\"datePublished\":\"2026-09-02T09:18:54+00:00\",\"dateModified\":\"2026-09-02T09:26:51+00:00\",\"mainEntityOfPage\":{\"@id\":\"https:\\\/\\\/radiomars.ma\\\/fr\\\/?p=5960\"},\"wordCount\":145,\"commentCount\":0,\"image\":{\"@id\":\"https:\\\/\\\/radiomars.ma\\\/fr\\\/?p=5960#primaryimage\"},\"thumbnailUrl\":\"https:\\\/\\\/radiomars.ma\\\/fr\\\/wp-content\\\/uploads\\\/2026\\\/09\\\/HQ1kzZOXgAAl1jl.jpeg\",\"articleSection\":[\"flash\",\"L'INTERNATIONALE\",\"NOS LIONS\",\"slider\"],\"inLanguage\":\"fr-FR\",\"potentialAction\":[{\"@type\":\"CommentAction\",\"name\":\"Comment\",\"target\":[\"https:\\\/\\\/radiomars.ma\\\/fr\\\/?p=5960#respond\"]}]},{\"@type\":\"WebPage\",\"@id\":\"https:\\\/\\\/radiomars.ma\\\/fr\\\/?p=5960\",\"url\":\"https:\\\/\\\/radiomars.ma\\\/fr\\\/?p=5960\",\"name\":\"Liga : Yassir Zabiri dans l\u2019\u00e9quipe type de la 3e journ\u00e9e - RADIOMARS\",\"isPartOf\":{\"@id\":\"https:\\\/\\\/radiomars.ma\\\/fr\\\/#website\"},\"primaryImageOfPage\":{\"@id\":\"https:\\\/\\\/radiomars.ma\\\/fr\\\/?p=5960#primaryimage\"},\"image\":{\"@id\":\"https:\\\/\\\/radiomars.ma\\\/fr\\\/?p=5960#primaryimage\"},\"thumbnailUrl\":\"https:\\\/\\\/radiomars.ma\\\/fr\\\/wp-content\\\/uploads\\\/2026\\\/09\\\/HQ1kzZOXgAAl1jl.jpeg\",\"datePublished\":\"2026-09-02T09:18:54+00:00\",\"dateModified\":\"2026-09-02T09:26:51+00:00\",\"author\":{\"@id\":\"https:\\\/\\\/radiomars.ma\\\/fr\\\/#\\\/schema\\\/person\\\/a9698f3d532a66af8bdf55eab142d882\"},\"breadcrumb\":{\"@id\":\"https:\\\/\\\/radiomars.ma\\\/fr\\\/?p=5960#breadcrumb\"},\"inLanguage\":\"fr-FR\",\"potentialAction\":[{\"@type\":\"ReadAction\",\"target\":[\"https:\\\/\\\/radiomars.ma\\\/fr\\\/?p=5960\"]}]},{\"@type\":\"ImageObject\",\"inLanguage\":\"fr-FR\",\"@id\":\"https:\\\/\\\/radiomars.ma\\\/fr\\\/?p=5960#primaryimage\",\"url\":\"https:\\\/\\\/radiomars.ma\\\/fr\\\/wp-content\\\/uploads\\\/2026\\\/09\\\/HQ1kzZOXgAAl1jl.jpeg\",\"contentUrl\":\"https:\\\/\\\/radiomars.ma\\\/fr\\\/wp-content\\\/uploads\\\/2026\\\/09\\\/HQ1kzZOXgAAl1jl.jpeg\",\"width\":2048,\"height\":1366},{\"@type\":\"BreadcrumbList\",\"@id\":\"https:\\\/\\\/radiomars.ma\\\/fr\\\/?p=5960#breadcrumb\",\"itemListElement\":[{\"@type\":\"ListItem\",\"position\":1,\"name\":\"Accueil\",\"item\":\"https:\\\/\\\/radiomars.ma\\\/fr\\\/\"},{\"@type\":\"ListItem\",\"position\":2,\"name\":\"Liga : Yassir Zabiri dans l\u2019\u00e9quipe type de la 3e journ\u00e9e\"}]},{\"@type\":\"WebSite\",\"@id\":\"https:\\\/\\\/radiomars.ma\\\/fr\\\/#website\",\"url\":\"https:\\\/\\\/radiomars.ma\\\/fr\\\/\",\"name\":\"RADIOMARS\",\"description\":\"\",\"potentialAction\":[{\"@type\":\"SearchAction\",\"target\":{\"@type\":\"EntryPoint\",\"urlTemplate\":\"https:\\\/\\\/radiomars.ma\\\/fr\\\/?s={search_term_string}\"},\"query-input\":{\"@type\":\"PropertyValueSpecification\",\"valueRequired\":true,\"valueName\":\"search_term_string\"}}],\"inLanguage\":\"fr-FR\"},{\"@type\":\"Person\",\"@id\":\"https:\\\/\\\/radiomars.ma\\\/fr\\\/#\\\/schema\\\/person\\\/a9698f3d532a66af8bdf55eab142d882\",\"name\":\"Nourhane HAROUI\",\"image\":{\"@type\":\"ImageObject\",\"inLanguage\":\"fr-FR\",\"@id\":\"https:\\\/\\\/secure.gravatar.com\\\/avatar\\\/41ccbb44b460ffd178bfba847ebd4a97d9314423310ed4f27289588b156b2e4f?s=96&d=mm&r=g\",\"url\":\"https:\\\/\\\/secure.gravatar.com\\\/avatar\\\/41ccbb44b460ffd178bfba847ebd4a97d9314423310ed4f27289588b156b2e4f?s=96&d=mm&r=g\",\"contentUrl\":\"https:\\\/\\\/secure.gravatar.com\\\/avatar\\\/41ccbb44b460ffd178bfba847ebd4a97d9314423310ed4f27289588b156b2e4f?s=96&d=mm&r=g\",\"caption\":\"Nourhane HAROUI\"},\"url\":\"https:\\\/\\\/radiomars.ma\\\/fr\\\/?author=13\"}]}<\/script>\n<!-- \/ Yoast SEO plugin. -->","yoast_head_json":{"title":"Liga : Yassir Zabiri dans l\u2019\u00e9quipe type de la 3e journ\u00e9e - RADIOMARS","robots":{"index":"index","follow":"follow","max-snippet":"max-snippet:-1","max-image-preview":"max-image-preview:large","max-video-preview":"max-video-preview:-1"},"canonical":"https:\/\/radiomars.ma\/fr\/?p=5960","og_locale":"fr_FR","og_type":"article","og_title":"Liga : Yassir Zabiri dans l\u2019\u00e9quipe type de la 3e journ\u00e9e - RADIOMARS","og_description":"Yassir Zabiri est d\u00e9j\u00e0 r\u00e9compens\u00e9 pour son excellent d\u00e9but de saison en Espagne. L\u2019attaquant marocain du Racing Santander figure dans le onze type de la 3e journ\u00e9e de Liga \u00e9tabli par le quotidien AS. Le Lion de l\u2019Atlas s\u2019est fait une place parmi les meilleurs joueurs de la journ\u00e9e gr\u00e2ce \u00e0 sa prestation face \u00e0 [&hellip;]","og_url":"https:\/\/radiomars.ma\/fr\/?p=5960","og_site_name":"RADIOMARS","article_published_time":"2026-09-02T09:18:54+00:00","article_modified_time":"2026-09-02T09:26:51+00:00","og_image":[{"width":2048,"height":1366,"url":"https:\/\/radiomars.ma\/fr\/wp-content\/uploads\/2026\/09\/HQ1kzZOXgAAl1jl.jpeg","type":"image\/jpeg"}],"author":"Nourhane HAROUI","twitter_card":"summary_large_image","twitter_misc":{"\u00c9crit par":"Nourhane HAROUI","Dur\u00e9e de lecture estim\u00e9e":"1 minute"},"schema":{"@context":"https:\/\/schema.org","@graph":[{"@type":"Article","@id":"https:\/\/radiomars.ma\/fr\/?p=5960#article","isPartOf":{"@id":"https:\/\/radiomars.ma\/fr\/?p=5960"},"author":{"name":"Nourhane HAROUI","@id":"https:\/\/radiomars.ma\/fr\/#\/schema\/person\/a9698f3d532a66af8bdf55eab142d882"},"headline":"Liga : Yassir Zabiri dans l\u2019\u00e9quipe type de la 3e journ\u00e9e","datePublished":"2026-09-02T09:18:54+00:00","dateModified":"2026-09-02T09:26:51+00:00","mainEntityOfPage":{"@id":"https:\/\/radiomars.ma\/fr\/?p=5960"},"wordCount":145,"commentCount":0,"image":{"@id":"https:\/\/radiomars.ma\/fr\/?p=5960#primaryimage"},"thumbnailUrl":"https:\/\/radiomars.ma\/fr\/wp-content\/uploads\/2026\/09\/HQ1kzZOXgAAl1jl.jpeg","articleSection":["flash","L'INTERNATIONALE","NOS LIONS","slider"],"inLanguage":"fr-FR","potentialAction":[{"@type":"CommentAction","name":"Comment","target":["https:\/\/radiomars.ma\/fr\/?p=5960#respond"]}]},{"@type":"WebPage","@id":"https:\/\/radiomars.ma\/fr\/?p=5960","url":"https:\/\/radiomars.ma\/fr\/?p=5960","name":"Liga : Yassir Zabiri dans l\u2019\u00e9quipe type de la 3e journ\u00e9e - RADIOMARS","isPartOf":{"@id":"https:\/\/radiomars.ma\/fr\/#website"},"primaryImageOfPage":{"@id":"https:\/\/radiomars.ma\/fr\/?p=5960#primaryimage"},"image":{"@id":"https:\/\/radiomars.ma\/fr\/?p=5960#primaryimage"},"thumbnailUrl":"https:\/\/radiomars.ma\/fr\/wp-content\/uploads\/2026\/09\/HQ1kzZOXgAAl1jl.jpeg","datePublished":"2026-09-02T09:18:54+00:00","dateModified":"2026-09-02T09:26:51+00:00","author":{"@id":"https:\/\/radiomars.ma\/fr\/#\/schema\/person\/a9698f3d532a66af8bdf55eab142d882"},"breadcrumb":{"@id":"https:\/\/radiomars.ma\/fr\/?p=5960#breadcrumb"},"inLanguage":"fr-FR","potentialAction":[{"@type":"ReadAction","target":["https:\/\/radiomars.ma\/fr\/?p=5960"]}]},{"@type":"ImageObject","inLanguage":"fr-FR","@id":"https:\/\/radiomars.ma\/fr\/?p=5960#primaryimage","url":"https:\/\/radiomars.ma\/fr\/wp-content\/uploads\/2026\/09\/HQ1kzZOXgAAl1jl.jpeg","contentUrl":"https:\/\/radiomars.ma\/fr\/wp-content\/uploads\/2026\/09\/HQ1kzZOXgAAl1jl.jpeg","width":2048,"height":1366},{"@type":"BreadcrumbList","@id":"https:\/\/radiomars.ma\/fr\/?p=5960#breadcrumb","itemListElement":[{"@type":"ListItem","position":1,"name":"Accueil","item":"https:\/\/radiomars.ma\/fr\/"},{"@type":"ListItem","position":2,"name":"Liga : Yassir Zabiri dans l\u2019\u00e9quipe type de la 3e journ\u00e9e"}]},{"@type":"WebSite","@id":"https:\/\/radiomars.ma\/fr\/#website","url":"https:\/\/radiomars.ma\/fr\/","name":"RADIOMARS","description":"","potentialAction":[{"@type":"SearchAction","target":{"@type":"EntryPoint","urlTemplate":"https:\/\/radiomars.ma\/fr\/?s={search_term_string}"},"query-input":{"@type":"PropertyValueSpecification","valueRequired":true,"valueName":"search_term_string"}}],"inLanguage":"fr-FR"},{"@type":"Person","@id":"https:\/\/radiomars.ma\/fr\/#\/schema\/person\/a9698f3d532a66af8bdf55eab142d882","name":"Nourhane HAROUI","image":{"@type":"ImageObject","inLanguage":"fr-FR","@id":"https:\/\/secure.gravatar.com\/avatar\/41ccbb44b460ffd178bfba847ebd4a97d9314423310ed4f27289588b156b2e4f?s=96&d=mm&r=g","url":"https:\/\/secure.gravatar.com\/avatar\/41ccbb44b460ffd178bfba847ebd4a97d9314423310ed4f27289588b156b2e4f?s=96&d=mm&r=g","contentUrl":"https:\/\/secure.gravatar.com\/avatar\/41ccbb44b460ffd178bfba847ebd4a97d9314423310ed4f27289588b156b2e4f?s=96&d=mm&r=g","caption":"Nourhane HAROUI"},"url":"https:\/\/radiomars.ma\/fr\/?author=13"}]}},"_links":{"self":[{"href":"https:\/\/radiomars.ma\/fr\/index.php?rest_route=\/wp\/v2\/posts\/5960","targetHints":{"allow":["GET"]}}],"collection":[{"href":"https:\/\/radiomars.ma\/fr\/index.php?rest_route=\/wp\/v2\/posts"}],"about":[{"href":"https:\/\/radiomars.ma\/fr\/index.php?rest_route=\/wp\/v2\/types\/post"}],"author":[{"embeddable":true,"href":"https:\/\/radiomars.ma\/fr\/index.php?rest_route=\/wp\/v2\/users\/13"}],"replies":[{"embeddable":true,"href":"https:\/\/radiomars.ma\/fr\/index.php?rest_route=%2Fwp%2Fv2%2Fcomments&post=5960"}],"version-history":[{"count":1,"href":"https:\/\/radiomars.ma\/fr\/index.php?rest_route=\/wp\/v2\/posts\/5960\/revisions"}],"predecessor-version":[{"id":5962,"href":"https:\/\/radiomars.ma\/fr\/index.php?rest_route=\/wp\/v2\/posts\/5960\/revisions\/5962"}],"wp:featuredmedia":[{"embeddable":true,"href":"https:\/\/radiomars.ma\/fr\/index.php?rest_route=\/wp\/v2\/media\/5961"}],"wp:attachment":[{"href":"https:\/\/radiomars.ma\/fr\/index.php?rest_route=%2Fwp%2Fv2%2Fmedia&parent=5960"}],"wp:term":[{"taxonomy":"category","embeddable":true,"href":"https:\/\/radiomars.ma\/fr\/index.php?rest_route=%2Fwp%2Fv2%2Fcategories&post=5960"},{"taxonomy":"post_tag","embeddable":true,"href":"https:\/\/radiomars.ma\/fr\/index.php?rest_route=%2Fwp%2Fv2%2Ftags&post=5960"}],"curies":[{"name":"wp","href":"https:\/\/api.w.org\/{rel}","templated":true}]}}