{"id":5967,"date":"2026-09-02T13:24:45","date_gmt":"2026-09-02T11:24:45","guid":{"rendered":"https:\/\/radiomars.ma\/fr\/?p=5967"},"modified":"2026-09-02T13:24:45","modified_gmt":"2026-09-02T11:24:45","slug":"walid-regragui-change-de-terrain-et-rejoint-canal-en-tant-que-consultant","status":"publish","type":"post","link":"https:\/\/radiomars.ma\/fr\/?p=5967","title":{"rendered":"Walid Regragui change de terrain et rejoint Canal+ en tant que consultant"},"content":{"rendered":"<p class=\"isSelectedEnd\">Walid Regragui s\u2019appr\u00eate \u00e0 d\u00e9couvrir un nouveau r\u00f4le. L\u2019ancien s\u00e9lectionneur des Lions de l\u2019Atlas rejoint Canal+ en tant que consultant.<\/p>\n<p>Le technicien marocain apportera son expertise et son regard d\u2019entra\u00eeneur sur les rencontres diffus\u00e9es par la cha\u00eene. Il interviendra notamment lors des soir\u00e9es europ\u00e9ennes et des journ\u00e9es de Premier League. Une nouvelle exp\u00e9rience m\u00e9diatique pour Regragui, apr\u00e8s son passage \u00e0 la t\u00eate de la s\u00e9lection marocaine, marqu\u00e9e notamment par la demi-finale historique du Mondial 2022.<\/p>\n","protected":false},"excerpt":{"rendered":"<p>Walid Regragui s\u2019appr\u00eate \u00e0 d\u00e9couvrir un nouveau r\u00f4le. L\u2019ancien s\u00e9lectionneur des Lions de l\u2019Atlas rejoint Canal+ en tant que consultant. Le technicien marocain apportera son expertise et son regard d\u2019entra\u00eeneur sur les rencontres diffus\u00e9es par la cha\u00eene. Il interviendra notamment lors des soir\u00e9es europ\u00e9ennes et des journ\u00e9es de Premier League. Une nouvelle exp\u00e9rience m\u00e9diatique pour [&hellip;]<\/p>\n","protected":false},"author":13,"featured_media":5970,"comment_status":"open","ping_status":"open","sticky":false,"template":"","format":"standard","meta":{"footnotes":""},"categories":[52,33,31,48],"tags":[],"class_list":["post-5967","post","type-post","status-publish","format-standard","has-post-thumbnail","category-flash","category-linternationales","category-nos-lions","category-slider"],"yoast_head":"<!-- This site is optimized with the Yoast SEO plugin v27.6 - https:\/\/yoast.com\/product\/yoast-seo-wordpress\/ -->\n<title>Walid Regragui change de terrain et rejoint Canal+ en tant que consultant - RADIOMARS<\/title>\n<meta name=\"robots\" content=\"index, follow, max-snippet:-1, max-image-preview:large, max-video-preview:-1\" \/>\n<link rel=\"canonical\" href=\"https:\/\/radiomars.ma\/fr\/?p=5967\" \/>\n<meta property=\"og:locale\" content=\"fr_FR\" \/>\n<meta property=\"og:type\" content=\"article\" \/>\n<meta property=\"og:title\" content=\"Walid Regragui change de terrain et rejoint Canal+ en tant que consultant - RADIOMARS\" \/>\n<meta property=\"og:description\" content=\"Walid Regragui s\u2019appr\u00eate \u00e0 d\u00e9couvrir un nouveau r\u00f4le. L\u2019ancien s\u00e9lectionneur des Lions de l\u2019Atlas rejoint Canal+ en tant que consultant. Le technicien marocain apportera son expertise et son regard d\u2019entra\u00eeneur sur les rencontres diffus\u00e9es par la cha\u00eene. Il interviendra notamment lors des soir\u00e9es europ\u00e9ennes et des journ\u00e9es de Premier League. Une nouvelle exp\u00e9rience m\u00e9diatique pour [&hellip;]\" \/>\n<meta property=\"og:url\" content=\"https:\/\/radiomars.ma\/fr\/?p=5967\" \/>\n<meta property=\"og:site_name\" content=\"RADIOMARS\" \/>\n<meta property=\"article:published_time\" content=\"2026-09-02T11:24:45+00:00\" \/>\n<meta property=\"og:image\" content=\"https:\/\/radiomars.ma\/fr\/wp-content\/uploads\/2026\/09\/croatia-v-morocco-3rd-place-fifa-world-cup-qatar-2022.jpg\" \/>\n\t<meta property=\"og:image:width\" content=\"2560\" \/>\n\t<meta property=\"og:image:height\" content=\"1707\" \/>\n\t<meta property=\"og:image:type\" content=\"image\/jpeg\" \/>\n<meta name=\"author\" content=\"Nourhane HAROUI\" \/>\n<meta name=\"twitter:card\" content=\"summary_large_image\" \/>\n<meta name=\"twitter:label1\" content=\"\u00c9crit par\" \/>\n\t<meta name=\"twitter:data1\" content=\"Nourhane HAROUI\" \/>\n\t<meta name=\"twitter:label2\" content=\"Dur\u00e9e de lecture estim\u00e9e\" \/>\n\t<meta name=\"twitter:data2\" content=\"1 minute\" \/>\n<script type=\"application\/ld+json\" class=\"yoast-schema-graph\">{\"@context\":\"https:\\\/\\\/schema.org\",\"@graph\":[{\"@type\":\"Article\",\"@id\":\"https:\\\/\\\/radiomars.ma\\\/fr\\\/?p=5967#article\",\"isPartOf\":{\"@id\":\"https:\\\/\\\/radiomars.ma\\\/fr\\\/?p=5967\"},\"author\":{\"name\":\"Nourhane HAROUI\",\"@id\":\"https:\\\/\\\/radiomars.ma\\\/fr\\\/#\\\/schema\\\/person\\\/a9698f3d532a66af8bdf55eab142d882\"},\"headline\":\"Walid Regragui change de terrain et rejoint Canal+ en tant que consultant\",\"datePublished\":\"2026-09-02T11:24:45+00:00\",\"mainEntityOfPage\":{\"@id\":\"https:\\\/\\\/radiomars.ma\\\/fr\\\/?p=5967\"},\"wordCount\":104,\"commentCount\":0,\"image\":{\"@id\":\"https:\\\/\\\/radiomars.ma\\\/fr\\\/?p=5967#primaryimage\"},\"thumbnailUrl\":\"https:\\\/\\\/radiomars.ma\\\/fr\\\/wp-content\\\/uploads\\\/2026\\\/09\\\/croatia-v-morocco-3rd-place-fifa-world-cup-qatar-2022.jpg\",\"articleSection\":[\"flash\",\"L'INTERNATIONALE\",\"NOS LIONS\",\"slider\"],\"inLanguage\":\"fr-FR\",\"potentialAction\":[{\"@type\":\"CommentAction\",\"name\":\"Comment\",\"target\":[\"https:\\\/\\\/radiomars.ma\\\/fr\\\/?p=5967#respond\"]}]},{\"@type\":\"WebPage\",\"@id\":\"https:\\\/\\\/radiomars.ma\\\/fr\\\/?p=5967\",\"url\":\"https:\\\/\\\/radiomars.ma\\\/fr\\\/?p=5967\",\"name\":\"Walid Regragui change de terrain et rejoint Canal+ en tant que consultant - RADIOMARS\",\"isPartOf\":{\"@id\":\"https:\\\/\\\/radiomars.ma\\\/fr\\\/#website\"},\"primaryImageOfPage\":{\"@id\":\"https:\\\/\\\/radiomars.ma\\\/fr\\\/?p=5967#primaryimage\"},\"image\":{\"@id\":\"https:\\\/\\\/radiomars.ma\\\/fr\\\/?p=5967#primaryimage\"},\"thumbnailUrl\":\"https:\\\/\\\/radiomars.ma\\\/fr\\\/wp-content\\\/uploads\\\/2026\\\/09\\\/croatia-v-morocco-3rd-place-fifa-world-cup-qatar-2022.jpg\",\"datePublished\":\"2026-09-02T11:24:45+00:00\",\"author\":{\"@id\":\"https:\\\/\\\/radiomars.ma\\\/fr\\\/#\\\/schema\\\/person\\\/a9698f3d532a66af8bdf55eab142d882\"},\"breadcrumb\":{\"@id\":\"https:\\\/\\\/radiomars.ma\\\/fr\\\/?p=5967#breadcrumb\"},\"inLanguage\":\"fr-FR\",\"potentialAction\":[{\"@type\":\"ReadAction\",\"target\":[\"https:\\\/\\\/radiomars.ma\\\/fr\\\/?p=5967\"]}]},{\"@type\":\"ImageObject\",\"inLanguage\":\"fr-FR\",\"@id\":\"https:\\\/\\\/radiomars.ma\\\/fr\\\/?p=5967#primaryimage\",\"url\":\"https:\\\/\\\/radiomars.ma\\\/fr\\\/wp-content\\\/uploads\\\/2026\\\/09\\\/croatia-v-morocco-3rd-place-fifa-world-cup-qatar-2022.jpg\",\"contentUrl\":\"https:\\\/\\\/radiomars.ma\\\/fr\\\/wp-content\\\/uploads\\\/2026\\\/09\\\/croatia-v-morocco-3rd-place-fifa-world-cup-qatar-2022.jpg\",\"width\":2560,\"height\":1707,\"caption\":\"DOHA, QATAR - DECEMBER 17: Walid Regragui, Head Coach of Morocco, looks on prior to the FIFA World Cup Qatar 2022 3rd Place match between Croatia and Morocco at Khalifa International Stadium on December 17, 2022 in Doha, Qatar. (Photo by Alex Pantling\\\/Getty Images)\"},{\"@type\":\"BreadcrumbList\",\"@id\":\"https:\\\/\\\/radiomars.ma\\\/fr\\\/?p=5967#breadcrumb\",\"itemListElement\":[{\"@type\":\"ListItem\",\"position\":1,\"name\":\"Accueil\",\"item\":\"https:\\\/\\\/radiomars.ma\\\/fr\\\/\"},{\"@type\":\"ListItem\",\"position\":2,\"name\":\"Walid Regragui change de terrain et rejoint Canal+ en tant que consultant\"}]},{\"@type\":\"WebSite\",\"@id\":\"https:\\\/\\\/radiomars.ma\\\/fr\\\/#website\",\"url\":\"https:\\\/\\\/radiomars.ma\\\/fr\\\/\",\"name\":\"RADIOMARS\",\"description\":\"\",\"potentialAction\":[{\"@type\":\"SearchAction\",\"target\":{\"@type\":\"EntryPoint\",\"urlTemplate\":\"https:\\\/\\\/radiomars.ma\\\/fr\\\/?s={search_term_string}\"},\"query-input\":{\"@type\":\"PropertyValueSpecification\",\"valueRequired\":true,\"valueName\":\"search_term_string\"}}],\"inLanguage\":\"fr-FR\"},{\"@type\":\"Person\",\"@id\":\"https:\\\/\\\/radiomars.ma\\\/fr\\\/#\\\/schema\\\/person\\\/a9698f3d532a66af8bdf55eab142d882\",\"name\":\"Nourhane HAROUI\",\"image\":{\"@type\":\"ImageObject\",\"inLanguage\":\"fr-FR\",\"@id\":\"https:\\\/\\\/secure.gravatar.com\\\/avatar\\\/41ccbb44b460ffd178bfba847ebd4a97d9314423310ed4f27289588b156b2e4f?s=96&d=mm&r=g\",\"url\":\"https:\\\/\\\/secure.gravatar.com\\\/avatar\\\/41ccbb44b460ffd178bfba847ebd4a97d9314423310ed4f27289588b156b2e4f?s=96&d=mm&r=g\",\"contentUrl\":\"https:\\\/\\\/secure.gravatar.com\\\/avatar\\\/41ccbb44b460ffd178bfba847ebd4a97d9314423310ed4f27289588b156b2e4f?s=96&d=mm&r=g\",\"caption\":\"Nourhane HAROUI\"},\"url\":\"https:\\\/\\\/radiomars.ma\\\/fr\\\/?author=13\"}]}<\/script>\n<!-- \/ Yoast SEO plugin. -->","yoast_head_json":{"title":"Walid Regragui change de terrain et rejoint Canal+ en tant que consultant - RADIOMARS","robots":{"index":"index","follow":"follow","max-snippet":"max-snippet:-1","max-image-preview":"max-image-preview:large","max-video-preview":"max-video-preview:-1"},"canonical":"https:\/\/radiomars.ma\/fr\/?p=5967","og_locale":"fr_FR","og_type":"article","og_title":"Walid Regragui change de terrain et rejoint Canal+ en tant que consultant - RADIOMARS","og_description":"Walid Regragui s\u2019appr\u00eate \u00e0 d\u00e9couvrir un nouveau r\u00f4le. L\u2019ancien s\u00e9lectionneur des Lions de l\u2019Atlas rejoint Canal+ en tant que consultant. Le technicien marocain apportera son expertise et son regard d\u2019entra\u00eeneur sur les rencontres diffus\u00e9es par la cha\u00eene. Il interviendra notamment lors des soir\u00e9es europ\u00e9ennes et des journ\u00e9es de Premier League. Une nouvelle exp\u00e9rience m\u00e9diatique pour [&hellip;]","og_url":"https:\/\/radiomars.ma\/fr\/?p=5967","og_site_name":"RADIOMARS","article_published_time":"2026-09-02T11:24:45+00:00","og_image":[{"width":2560,"height":1707,"url":"https:\/\/radiomars.ma\/fr\/wp-content\/uploads\/2026\/09\/croatia-v-morocco-3rd-place-fifa-world-cup-qatar-2022.jpg","type":"image\/jpeg"}],"author":"Nourhane HAROUI","twitter_card":"summary_large_image","twitter_misc":{"\u00c9crit par":"Nourhane HAROUI","Dur\u00e9e de lecture estim\u00e9e":"1 minute"},"schema":{"@context":"https:\/\/schema.org","@graph":[{"@type":"Article","@id":"https:\/\/radiomars.ma\/fr\/?p=5967#article","isPartOf":{"@id":"https:\/\/radiomars.ma\/fr\/?p=5967"},"author":{"name":"Nourhane HAROUI","@id":"https:\/\/radiomars.ma\/fr\/#\/schema\/person\/a9698f3d532a66af8bdf55eab142d882"},"headline":"Walid Regragui change de terrain et rejoint Canal+ en tant que consultant","datePublished":"2026-09-02T11:24:45+00:00","mainEntityOfPage":{"@id":"https:\/\/radiomars.ma\/fr\/?p=5967"},"wordCount":104,"commentCount":0,"image":{"@id":"https:\/\/radiomars.ma\/fr\/?p=5967#primaryimage"},"thumbnailUrl":"https:\/\/radiomars.ma\/fr\/wp-content\/uploads\/2026\/09\/croatia-v-morocco-3rd-place-fifa-world-cup-qatar-2022.jpg","articleSection":["flash","L'INTERNATIONALE","NOS LIONS","slider"],"inLanguage":"fr-FR","potentialAction":[{"@type":"CommentAction","name":"Comment","target":["https:\/\/radiomars.ma\/fr\/?p=5967#respond"]}]},{"@type":"WebPage","@id":"https:\/\/radiomars.ma\/fr\/?p=5967","url":"https:\/\/radiomars.ma\/fr\/?p=5967","name":"Walid Regragui change de terrain et rejoint Canal+ en tant que consultant - RADIOMARS","isPartOf":{"@id":"https:\/\/radiomars.ma\/fr\/#website"},"primaryImageOfPage":{"@id":"https:\/\/radiomars.ma\/fr\/?p=5967#primaryimage"},"image":{"@id":"https:\/\/radiomars.ma\/fr\/?p=5967#primaryimage"},"thumbnailUrl":"https:\/\/radiomars.ma\/fr\/wp-content\/uploads\/2026\/09\/croatia-v-morocco-3rd-place-fifa-world-cup-qatar-2022.jpg","datePublished":"2026-09-02T11:24:45+00:00","author":{"@id":"https:\/\/radiomars.ma\/fr\/#\/schema\/person\/a9698f3d532a66af8bdf55eab142d882"},"breadcrumb":{"@id":"https:\/\/radiomars.ma\/fr\/?p=5967#breadcrumb"},"inLanguage":"fr-FR","potentialAction":[{"@type":"ReadAction","target":["https:\/\/radiomars.ma\/fr\/?p=5967"]}]},{"@type":"ImageObject","inLanguage":"fr-FR","@id":"https:\/\/radiomars.ma\/fr\/?p=5967#primaryimage","url":"https:\/\/radiomars.ma\/fr\/wp-content\/uploads\/2026\/09\/croatia-v-morocco-3rd-place-fifa-world-cup-qatar-2022.jpg","contentUrl":"https:\/\/radiomars.ma\/fr\/wp-content\/uploads\/2026\/09\/croatia-v-morocco-3rd-place-fifa-world-cup-qatar-2022.jpg","width":2560,"height":1707,"caption":"DOHA, QATAR - DECEMBER 17: Walid Regragui, Head Coach of Morocco, looks on prior to the FIFA World Cup Qatar 2022 3rd Place match between Croatia and Morocco at Khalifa International Stadium on December 17, 2022 in Doha, Qatar. (Photo by Alex Pantling\/Getty Images)"},{"@type":"BreadcrumbList","@id":"https:\/\/radiomars.ma\/fr\/?p=5967#breadcrumb","itemListElement":[{"@type":"ListItem","position":1,"name":"Accueil","item":"https:\/\/radiomars.ma\/fr\/"},{"@type":"ListItem","position":2,"name":"Walid Regragui change de terrain et rejoint Canal+ en tant que consultant"}]},{"@type":"WebSite","@id":"https:\/\/radiomars.ma\/fr\/#website","url":"https:\/\/radiomars.ma\/fr\/","name":"RADIOMARS","description":"","potentialAction":[{"@type":"SearchAction","target":{"@type":"EntryPoint","urlTemplate":"https:\/\/radiomars.ma\/fr\/?s={search_term_string}"},"query-input":{"@type":"PropertyValueSpecification","valueRequired":true,"valueName":"search_term_string"}}],"inLanguage":"fr-FR"},{"@type":"Person","@id":"https:\/\/radiomars.ma\/fr\/#\/schema\/person\/a9698f3d532a66af8bdf55eab142d882","name":"Nourhane HAROUI","image":{"@type":"ImageObject","inLanguage":"fr-FR","@id":"https:\/\/secure.gravatar.com\/avatar\/41ccbb44b460ffd178bfba847ebd4a97d9314423310ed4f27289588b156b2e4f?s=96&d=mm&r=g","url":"https:\/\/secure.gravatar.com\/avatar\/41ccbb44b460ffd178bfba847ebd4a97d9314423310ed4f27289588b156b2e4f?s=96&d=mm&r=g","contentUrl":"https:\/\/secure.gravatar.com\/avatar\/41ccbb44b460ffd178bfba847ebd4a97d9314423310ed4f27289588b156b2e4f?s=96&d=mm&r=g","caption":"Nourhane HAROUI"},"url":"https:\/\/radiomars.ma\/fr\/?author=13"}]}},"_links":{"self":[{"href":"https:\/\/radiomars.ma\/fr\/index.php?rest_route=\/wp\/v2\/posts\/5967","targetHints":{"allow":["GET"]}}],"collection":[{"href":"https:\/\/radiomars.ma\/fr\/index.php?rest_route=\/wp\/v2\/posts"}],"about":[{"href":"https:\/\/radiomars.ma\/fr\/index.php?rest_route=\/wp\/v2\/types\/post"}],"author":[{"embeddable":true,"href":"https:\/\/radiomars.ma\/fr\/index.php?rest_route=\/wp\/v2\/users\/13"}],"replies":[{"embeddable":true,"href":"https:\/\/radiomars.ma\/fr\/index.php?rest_route=%2Fwp%2Fv2%2Fcomments&post=5967"}],"version-history":[{"count":1,"href":"https:\/\/radiomars.ma\/fr\/index.php?rest_route=\/wp\/v2\/posts\/5967\/revisions"}],"predecessor-version":[{"id":5971,"href":"https:\/\/radiomars.ma\/fr\/index.php?rest_route=\/wp\/v2\/posts\/5967\/revisions\/5971"}],"wp:featuredmedia":[{"embeddable":true,"href":"https:\/\/radiomars.ma\/fr\/index.php?rest_route=\/wp\/v2\/media\/5970"}],"wp:attachment":[{"href":"https:\/\/radiomars.ma\/fr\/index.php?rest_route=%2Fwp%2Fv2%2Fmedia&parent=5967"}],"wp:term":[{"taxonomy":"category","embeddable":true,"href":"https:\/\/radiomars.ma\/fr\/index.php?rest_route=%2Fwp%2Fv2%2Fcategories&post=5967"},{"taxonomy":"post_tag","embeddable":true,"href":"https:\/\/radiomars.ma\/fr\/index.php?rest_route=%2Fwp%2Fv2%2Ftags&post=5967"}],"curies":[{"name":"wp","href":"https:\/\/api.w.org\/{rel}","templated":true}]}}