{"id":5972,"date":"2026-09-02T16:13:55","date_gmt":"2026-09-02T14:13:55","guid":{"rendered":"https:\/\/radiomars.ma\/fr\/?p=5972"},"modified":"2026-09-02T16:13:55","modified_gmt":"2026-09-02T14:13:55","slug":"mercato-lom-renonce-finalement-a-se-separer-de-nayef-aguerd","status":"publish","type":"post","link":"https:\/\/radiomars.ma\/fr\/?p=5972","title":{"rendered":"Mercato : l&rsquo;OM renonce finalement \u00e0 se s\u00e9parer de Nayef Aguerd"},"content":{"rendered":"<p>Longtemps annonc\u00e9 sur le d\u00e9part, notamment vers la Real Sociedad et plusieurs autres \u00e9curies europ\u00e9ennes, l&rsquo;international marocain Nayef Aguerd devrait finalement continuer l&rsquo;aventure marseillaise. Bruno Genesio souhaite conserver son d\u00e9fenseur central, li\u00e9 au club jusqu&rsquo;en 2030, alors qu&rsquo;un transfert semblait proche durant le mercato d&rsquo;\u00e9t\u00e9.<\/p>\n<p>Lors de son point presse de lundi, le technicien fran\u00e7ais a confirm\u00e9 qu&rsquo;Aguerd est pleinement remis et disponible pour le groupe, insistant sur l&rsquo;importance des joueurs d&rsquo;exp\u00e9rience comme lui, aux c\u00f4t\u00e9s du Br\u00e9silien Igor Paix\u00e3o et de l&rsquo;Am\u00e9ricain Timothy Weah.<\/p>\n<p>Ce revirement intervient apr\u00e8s la d\u00e9faite conc\u00e9d\u00e9e face \u00e0 l&rsquo;AS Monaco (0-2) lors de la deuxi\u00e8me journ\u00e9e de Ligue 1, un r\u00e9sultat qui semble avoir convaincu la direction phoc\u00e9enne de miser sur la stabilit\u00e9 d\u00e9fensive plut\u00f4t que sur un nouveau d\u00e9part.<\/p>\n<p>L&rsquo;OM traverse une p\u00e9riode de restrictions budg\u00e9taires qui l&rsquo;a d\u00e9j\u00e0 pouss\u00e9 \u00e0 se d\u00e9lester de plusieurs cadres, parmi lesquels Pierre-Emerick Aubameyang, Leonardo Balerdi et Mason Greenwood. Selon des m\u00e9dias sportifs fran\u00e7ais, le club aurait ainsi choisi de ne plus toucher \u00e0 l&rsquo;ossature restante de son effectif plut\u00f4t que de recruter cet \u00e9t\u00e9.<\/p>\n<p>Form\u00e9 \u00e0 l&rsquo;Acad\u00e9mie Mohammed VI de football, Nayef Aguerd (30 ans) a d\u00e9but\u00e9 sa carri\u00e8re professionnelle \u00e0 Dijon avant de passer par Rennes, puis la Premier League avec West Ham, o\u00f9 il a remport\u00e9 la Ligue Europa Conf\u00e9rence. Fort de 55 s\u00e9lections avec les Lions de l&rsquo;Atlas, il avait \u00e9t\u00e9 l&rsquo;un des piliers du parcours historique du Maroc jusqu&rsquo;aux demi-finales du Mondial 2022 au Qatar.<\/p>\n","protected":false},"excerpt":{"rendered":"<p>Longtemps annonc\u00e9 sur le d\u00e9part, notamment vers la Real Sociedad et plusieurs autres \u00e9curies europ\u00e9ennes, l&rsquo;international marocain Nayef Aguerd devrait finalement continuer l&rsquo;aventure marseillaise. Bruno Genesio souhaite conserver son d\u00e9fenseur central, li\u00e9 au club jusqu&rsquo;en 2030, alors qu&rsquo;un transfert semblait proche durant le mercato d&rsquo;\u00e9t\u00e9. Lors de son point presse de lundi, le technicien fran\u00e7ais [&hellip;]<\/p>\n","protected":false},"author":3,"featured_media":5973,"comment_status":"open","ping_status":"open","sticky":false,"template":"","format":"standard","meta":{"footnotes":""},"categories":[52,33,31,48,47],"tags":[971,1005],"class_list":["post-5972","post","type-post","status-publish","format-standard","has-post-thumbnail","category-flash","category-linternationales","category-nos-lions","category-slider","category-top-spots","tag-nayef-aguerd","tag-olympique-de-marseille"],"yoast_head":"<!-- This site is optimized with the Yoast SEO plugin v27.6 - https:\/\/yoast.com\/product\/yoast-seo-wordpress\/ -->\n<title>Mercato : l&#039;OM renonce finalement \u00e0 se s\u00e9parer de Nayef Aguerd - RADIOMARS<\/title>\n<meta name=\"robots\" content=\"index, follow, max-snippet:-1, max-image-preview:large, max-video-preview:-1\" \/>\n<link rel=\"canonical\" href=\"https:\/\/radiomars.ma\/fr\/?p=5972\" \/>\n<meta property=\"og:locale\" content=\"fr_FR\" \/>\n<meta property=\"og:type\" content=\"article\" \/>\n<meta property=\"og:title\" content=\"Mercato : l&#039;OM renonce finalement \u00e0 se s\u00e9parer de Nayef Aguerd - RADIOMARS\" \/>\n<meta property=\"og:description\" content=\"Longtemps annonc\u00e9 sur le d\u00e9part, notamment vers la Real Sociedad et plusieurs autres \u00e9curies europ\u00e9ennes, l&rsquo;international marocain Nayef Aguerd devrait finalement continuer l&rsquo;aventure marseillaise. Bruno Genesio souhaite conserver son d\u00e9fenseur central, li\u00e9 au club jusqu&rsquo;en 2030, alors qu&rsquo;un transfert semblait proche durant le mercato d&rsquo;\u00e9t\u00e9. Lors de son point presse de lundi, le technicien fran\u00e7ais [&hellip;]\" \/>\n<meta property=\"og:url\" content=\"https:\/\/radiomars.ma\/fr\/?p=5972\" \/>\n<meta property=\"og:site_name\" content=\"RADIOMARS\" \/>\n<meta property=\"article:published_time\" content=\"2026-09-02T14:13:55+00:00\" \/>\n<meta property=\"og:image\" content=\"https:\/\/radiomars.ma\/fr\/wp-content\/uploads\/2026\/09\/aguerd-om-clasico.jpg\" \/>\n\t<meta property=\"og:image:width\" content=\"800\" \/>\n\t<meta property=\"og:image:height\" content=\"533\" \/>\n\t<meta property=\"og:image:type\" content=\"image\/jpeg\" \/>\n<meta name=\"author\" content=\"Amine Birouk\" \/>\n<meta name=\"twitter:card\" content=\"summary_large_image\" \/>\n<meta name=\"twitter:label1\" content=\"\u00c9crit par\" \/>\n\t<meta name=\"twitter:data1\" content=\"Amine Birouk\" \/>\n\t<meta name=\"twitter:label2\" content=\"Dur\u00e9e de lecture estim\u00e9e\" \/>\n\t<meta name=\"twitter:data2\" content=\"2 minutes\" \/>\n<script type=\"application\/ld+json\" class=\"yoast-schema-graph\">{\"@context\":\"https:\\\/\\\/schema.org\",\"@graph\":[{\"@type\":\"Article\",\"@id\":\"https:\\\/\\\/radiomars.ma\\\/fr\\\/?p=5972#article\",\"isPartOf\":{\"@id\":\"https:\\\/\\\/radiomars.ma\\\/fr\\\/?p=5972\"},\"author\":{\"name\":\"Amine Birouk\",\"@id\":\"https:\\\/\\\/radiomars.ma\\\/fr\\\/#\\\/schema\\\/person\\\/3c84279e0c82d50196b7b9eaeb67f7df\"},\"headline\":\"Mercato : l&rsquo;OM renonce finalement \u00e0 se s\u00e9parer de Nayef Aguerd\",\"datePublished\":\"2026-09-02T14:13:55+00:00\",\"mainEntityOfPage\":{\"@id\":\"https:\\\/\\\/radiomars.ma\\\/fr\\\/?p=5972\"},\"wordCount\":294,\"commentCount\":0,\"image\":{\"@id\":\"https:\\\/\\\/radiomars.ma\\\/fr\\\/?p=5972#primaryimage\"},\"thumbnailUrl\":\"https:\\\/\\\/radiomars.ma\\\/fr\\\/wp-content\\\/uploads\\\/2026\\\/09\\\/aguerd-om-clasico.jpg\",\"keywords\":[\"Nayef Aguerd\",\"Olympique de Marseille\"],\"articleSection\":[\"flash\",\"L'INTERNATIONALE\",\"NOS LIONS\",\"slider\",\"Top spots\"],\"inLanguage\":\"fr-FR\",\"potentialAction\":[{\"@type\":\"CommentAction\",\"name\":\"Comment\",\"target\":[\"https:\\\/\\\/radiomars.ma\\\/fr\\\/?p=5972#respond\"]}]},{\"@type\":\"WebPage\",\"@id\":\"https:\\\/\\\/radiomars.ma\\\/fr\\\/?p=5972\",\"url\":\"https:\\\/\\\/radiomars.ma\\\/fr\\\/?p=5972\",\"name\":\"Mercato : l'OM renonce finalement \u00e0 se s\u00e9parer de Nayef Aguerd - RADIOMARS\",\"isPartOf\":{\"@id\":\"https:\\\/\\\/radiomars.ma\\\/fr\\\/#website\"},\"primaryImageOfPage\":{\"@id\":\"https:\\\/\\\/radiomars.ma\\\/fr\\\/?p=5972#primaryimage\"},\"image\":{\"@id\":\"https:\\\/\\\/radiomars.ma\\\/fr\\\/?p=5972#primaryimage\"},\"thumbnailUrl\":\"https:\\\/\\\/radiomars.ma\\\/fr\\\/wp-content\\\/uploads\\\/2026\\\/09\\\/aguerd-om-clasico.jpg\",\"datePublished\":\"2026-09-02T14:13:55+00:00\",\"author\":{\"@id\":\"https:\\\/\\\/radiomars.ma\\\/fr\\\/#\\\/schema\\\/person\\\/3c84279e0c82d50196b7b9eaeb67f7df\"},\"breadcrumb\":{\"@id\":\"https:\\\/\\\/radiomars.ma\\\/fr\\\/?p=5972#breadcrumb\"},\"inLanguage\":\"fr-FR\",\"potentialAction\":[{\"@type\":\"ReadAction\",\"target\":[\"https:\\\/\\\/radiomars.ma\\\/fr\\\/?p=5972\"]}]},{\"@type\":\"ImageObject\",\"inLanguage\":\"fr-FR\",\"@id\":\"https:\\\/\\\/radiomars.ma\\\/fr\\\/?p=5972#primaryimage\",\"url\":\"https:\\\/\\\/radiomars.ma\\\/fr\\\/wp-content\\\/uploads\\\/2026\\\/09\\\/aguerd-om-clasico.jpg\",\"contentUrl\":\"https:\\\/\\\/radiomars.ma\\\/fr\\\/wp-content\\\/uploads\\\/2026\\\/09\\\/aguerd-om-clasico.jpg\",\"width\":800,\"height\":533},{\"@type\":\"BreadcrumbList\",\"@id\":\"https:\\\/\\\/radiomars.ma\\\/fr\\\/?p=5972#breadcrumb\",\"itemListElement\":[{\"@type\":\"ListItem\",\"position\":1,\"name\":\"Accueil\",\"item\":\"https:\\\/\\\/radiomars.ma\\\/fr\\\/\"},{\"@type\":\"ListItem\",\"position\":2,\"name\":\"Mercato : l&rsquo;OM renonce finalement \u00e0 se s\u00e9parer de Nayef Aguerd\"}]},{\"@type\":\"WebSite\",\"@id\":\"https:\\\/\\\/radiomars.ma\\\/fr\\\/#website\",\"url\":\"https:\\\/\\\/radiomars.ma\\\/fr\\\/\",\"name\":\"RADIOMARS\",\"description\":\"\",\"potentialAction\":[{\"@type\":\"SearchAction\",\"target\":{\"@type\":\"EntryPoint\",\"urlTemplate\":\"https:\\\/\\\/radiomars.ma\\\/fr\\\/?s={search_term_string}\"},\"query-input\":{\"@type\":\"PropertyValueSpecification\",\"valueRequired\":true,\"valueName\":\"search_term_string\"}}],\"inLanguage\":\"fr-FR\"},{\"@type\":\"Person\",\"@id\":\"https:\\\/\\\/radiomars.ma\\\/fr\\\/#\\\/schema\\\/person\\\/3c84279e0c82d50196b7b9eaeb67f7df\",\"name\":\"Amine Birouk\",\"image\":{\"@type\":\"ImageObject\",\"inLanguage\":\"fr-FR\",\"@id\":\"https:\\\/\\\/secure.gravatar.com\\\/avatar\\\/980362d30b99e5f165da95d8182ab3d998bbd98c95f5200d1e5670c03c19cb38?s=96&d=mm&r=g\",\"url\":\"https:\\\/\\\/secure.gravatar.com\\\/avatar\\\/980362d30b99e5f165da95d8182ab3d998bbd98c95f5200d1e5670c03c19cb38?s=96&d=mm&r=g\",\"contentUrl\":\"https:\\\/\\\/secure.gravatar.com\\\/avatar\\\/980362d30b99e5f165da95d8182ab3d998bbd98c95f5200d1e5670c03c19cb38?s=96&d=mm&r=g\",\"caption\":\"Amine Birouk\"},\"url\":\"https:\\\/\\\/radiomars.ma\\\/fr\\\/?author=3\"}]}<\/script>\n<!-- \/ Yoast SEO plugin. -->","yoast_head_json":{"title":"Mercato : l'OM renonce finalement \u00e0 se s\u00e9parer de Nayef Aguerd - RADIOMARS","robots":{"index":"index","follow":"follow","max-snippet":"max-snippet:-1","max-image-preview":"max-image-preview:large","max-video-preview":"max-video-preview:-1"},"canonical":"https:\/\/radiomars.ma\/fr\/?p=5972","og_locale":"fr_FR","og_type":"article","og_title":"Mercato : l'OM renonce finalement \u00e0 se s\u00e9parer de Nayef Aguerd - RADIOMARS","og_description":"Longtemps annonc\u00e9 sur le d\u00e9part, notamment vers la Real Sociedad et plusieurs autres \u00e9curies europ\u00e9ennes, l&rsquo;international marocain Nayef Aguerd devrait finalement continuer l&rsquo;aventure marseillaise. Bruno Genesio souhaite conserver son d\u00e9fenseur central, li\u00e9 au club jusqu&rsquo;en 2030, alors qu&rsquo;un transfert semblait proche durant le mercato d&rsquo;\u00e9t\u00e9. Lors de son point presse de lundi, le technicien fran\u00e7ais [&hellip;]","og_url":"https:\/\/radiomars.ma\/fr\/?p=5972","og_site_name":"RADIOMARS","article_published_time":"2026-09-02T14:13:55+00:00","og_image":[{"width":800,"height":533,"url":"https:\/\/radiomars.ma\/fr\/wp-content\/uploads\/2026\/09\/aguerd-om-clasico.jpg","type":"image\/jpeg"}],"author":"Amine Birouk","twitter_card":"summary_large_image","twitter_misc":{"\u00c9crit par":"Amine Birouk","Dur\u00e9e de lecture estim\u00e9e":"2 minutes"},"schema":{"@context":"https:\/\/schema.org","@graph":[{"@type":"Article","@id":"https:\/\/radiomars.ma\/fr\/?p=5972#article","isPartOf":{"@id":"https:\/\/radiomars.ma\/fr\/?p=5972"},"author":{"name":"Amine Birouk","@id":"https:\/\/radiomars.ma\/fr\/#\/schema\/person\/3c84279e0c82d50196b7b9eaeb67f7df"},"headline":"Mercato : l&rsquo;OM renonce finalement \u00e0 se s\u00e9parer de Nayef Aguerd","datePublished":"2026-09-02T14:13:55+00:00","mainEntityOfPage":{"@id":"https:\/\/radiomars.ma\/fr\/?p=5972"},"wordCount":294,"commentCount":0,"image":{"@id":"https:\/\/radiomars.ma\/fr\/?p=5972#primaryimage"},"thumbnailUrl":"https:\/\/radiomars.ma\/fr\/wp-content\/uploads\/2026\/09\/aguerd-om-clasico.jpg","keywords":["Nayef Aguerd","Olympique de Marseille"],"articleSection":["flash","L'INTERNATIONALE","NOS LIONS","slider","Top spots"],"inLanguage":"fr-FR","potentialAction":[{"@type":"CommentAction","name":"Comment","target":["https:\/\/radiomars.ma\/fr\/?p=5972#respond"]}]},{"@type":"WebPage","@id":"https:\/\/radiomars.ma\/fr\/?p=5972","url":"https:\/\/radiomars.ma\/fr\/?p=5972","name":"Mercato : l'OM renonce finalement \u00e0 se s\u00e9parer de Nayef Aguerd - RADIOMARS","isPartOf":{"@id":"https:\/\/radiomars.ma\/fr\/#website"},"primaryImageOfPage":{"@id":"https:\/\/radiomars.ma\/fr\/?p=5972#primaryimage"},"image":{"@id":"https:\/\/radiomars.ma\/fr\/?p=5972#primaryimage"},"thumbnailUrl":"https:\/\/radiomars.ma\/fr\/wp-content\/uploads\/2026\/09\/aguerd-om-clasico.jpg","datePublished":"2026-09-02T14:13:55+00:00","author":{"@id":"https:\/\/radiomars.ma\/fr\/#\/schema\/person\/3c84279e0c82d50196b7b9eaeb67f7df"},"breadcrumb":{"@id":"https:\/\/radiomars.ma\/fr\/?p=5972#breadcrumb"},"inLanguage":"fr-FR","potentialAction":[{"@type":"ReadAction","target":["https:\/\/radiomars.ma\/fr\/?p=5972"]}]},{"@type":"ImageObject","inLanguage":"fr-FR","@id":"https:\/\/radiomars.ma\/fr\/?p=5972#primaryimage","url":"https:\/\/radiomars.ma\/fr\/wp-content\/uploads\/2026\/09\/aguerd-om-clasico.jpg","contentUrl":"https:\/\/radiomars.ma\/fr\/wp-content\/uploads\/2026\/09\/aguerd-om-clasico.jpg","width":800,"height":533},{"@type":"BreadcrumbList","@id":"https:\/\/radiomars.ma\/fr\/?p=5972#breadcrumb","itemListElement":[{"@type":"ListItem","position":1,"name":"Accueil","item":"https:\/\/radiomars.ma\/fr\/"},{"@type":"ListItem","position":2,"name":"Mercato : l&rsquo;OM renonce finalement \u00e0 se s\u00e9parer de Nayef Aguerd"}]},{"@type":"WebSite","@id":"https:\/\/radiomars.ma\/fr\/#website","url":"https:\/\/radiomars.ma\/fr\/","name":"RADIOMARS","description":"","potentialAction":[{"@type":"SearchAction","target":{"@type":"EntryPoint","urlTemplate":"https:\/\/radiomars.ma\/fr\/?s={search_term_string}"},"query-input":{"@type":"PropertyValueSpecification","valueRequired":true,"valueName":"search_term_string"}}],"inLanguage":"fr-FR"},{"@type":"Person","@id":"https:\/\/radiomars.ma\/fr\/#\/schema\/person\/3c84279e0c82d50196b7b9eaeb67f7df","name":"Amine Birouk","image":{"@type":"ImageObject","inLanguage":"fr-FR","@id":"https:\/\/secure.gravatar.com\/avatar\/980362d30b99e5f165da95d8182ab3d998bbd98c95f5200d1e5670c03c19cb38?s=96&d=mm&r=g","url":"https:\/\/secure.gravatar.com\/avatar\/980362d30b99e5f165da95d8182ab3d998bbd98c95f5200d1e5670c03c19cb38?s=96&d=mm&r=g","contentUrl":"https:\/\/secure.gravatar.com\/avatar\/980362d30b99e5f165da95d8182ab3d998bbd98c95f5200d1e5670c03c19cb38?s=96&d=mm&r=g","caption":"Amine Birouk"},"url":"https:\/\/radiomars.ma\/fr\/?author=3"}]}},"_links":{"self":[{"href":"https:\/\/radiomars.ma\/fr\/index.php?rest_route=\/wp\/v2\/posts\/5972","targetHints":{"allow":["GET"]}}],"collection":[{"href":"https:\/\/radiomars.ma\/fr\/index.php?rest_route=\/wp\/v2\/posts"}],"about":[{"href":"https:\/\/radiomars.ma\/fr\/index.php?rest_route=\/wp\/v2\/types\/post"}],"author":[{"embeddable":true,"href":"https:\/\/radiomars.ma\/fr\/index.php?rest_route=\/wp\/v2\/users\/3"}],"replies":[{"embeddable":true,"href":"https:\/\/radiomars.ma\/fr\/index.php?rest_route=%2Fwp%2Fv2%2Fcomments&post=5972"}],"version-history":[{"count":1,"href":"https:\/\/radiomars.ma\/fr\/index.php?rest_route=\/wp\/v2\/posts\/5972\/revisions"}],"predecessor-version":[{"id":5974,"href":"https:\/\/radiomars.ma\/fr\/index.php?rest_route=\/wp\/v2\/posts\/5972\/revisions\/5974"}],"wp:featuredmedia":[{"embeddable":true,"href":"https:\/\/radiomars.ma\/fr\/index.php?rest_route=\/wp\/v2\/media\/5973"}],"wp:attachment":[{"href":"https:\/\/radiomars.ma\/fr\/index.php?rest_route=%2Fwp%2Fv2%2Fmedia&parent=5972"}],"wp:term":[{"taxonomy":"category","embeddable":true,"href":"https:\/\/radiomars.ma\/fr\/index.php?rest_route=%2Fwp%2Fv2%2Fcategories&post=5972"},{"taxonomy":"post_tag","embeddable":true,"href":"https:\/\/radiomars.ma\/fr\/index.php?rest_route=%2Fwp%2Fv2%2Ftags&post=5972"}],"curies":[{"name":"wp","href":"https:\/\/api.w.org\/{rel}","templated":true}]}}