{"id":5988,"date":"2026-09-02T19:28:31","date_gmt":"2026-09-02T17:28:31","guid":{"rendered":"https:\/\/radiomars.ma\/fr\/?p=5988"},"modified":"2026-09-02T19:28:31","modified_gmt":"2026-09-02T17:28:31","slug":"lathletisme-marocain-rafle-lor-a-tarente-ben-yazid-et-manyani-portent-le-maroc-a-14-titres","status":"publish","type":"post","link":"https:\/\/radiomars.ma\/fr\/?p=5988","title":{"rendered":"L&rsquo;athl\u00e9tisme marocain rafle l&rsquo;or \u00e0 Tarente : Ben Yazid et Manyani portent le Maroc \u00e0 14 titres"},"content":{"rendered":"<p>L&rsquo;athl\u00e9tisme marocain continue d&rsquo;\u00e9crire l&rsquo;histoire aux Jeux m\u00e9diterran\u00e9ens de Tarente 2026. Salaheddine Ben Yazid a d\u00e9croch\u00e9 la m\u00e9daille d&rsquo;or du 3000 m\u00e8tres steeple, devan\u00e7ant son compatriote Mohamed Tindouft, m\u00e9daill\u00e9 d&rsquo;argent dans la m\u00eame <strong>\u00e9preuve<\/strong> \u2014 un doubl\u00e9 qui illustre la densit\u00e9 du fond marocain sur cette distance.<\/p>\n<p>Cette double performance porte la moisson du Royaume \u00e0 35 m\u00e9dailles au total dans cette 20e \u00e9dition des Jeux m\u00e9diterran\u00e9ens, dont 14 en or, 6 en argent et 18 en bronze. Il s&rsquo;agit du meilleur bilan jamais r\u00e9alis\u00e9 par le Maroc dans l&rsquo;histoire de sa participation aux Jeux m\u00e9diterran\u00e9ens.<\/p>\n<p>Ce succ\u00e8s vient s&rsquo;ajouter \u00e0 celui d&rsquo;Ismail Manyani, qui avait offert au Maroc sa treizi\u00e8me m\u00e9daille d&rsquo;or en s&rsquo;imposant sur 400 m\u00e8tres haies, apr\u00e8s avoir renvers\u00e9 une position initialement d\u00e9favorable pour s&#8217;emparer de la premi\u00e8re place.<\/p>\n<p>Une razzia collective qui confirme la mont\u00e9e en puissance de l&rsquo;athl\u00e9tisme marocain sur la sc\u00e8ne m\u00e9diterran\u00e9enne, \u00e0 quelques jours seulement de la cl\u00f4ture des Jeux, pr\u00e9vue le 3 septembre.<\/p>\n","protected":false},"excerpt":{"rendered":"<p>L&rsquo;athl\u00e9tisme marocain continue d&rsquo;\u00e9crire l&rsquo;histoire aux Jeux m\u00e9diterran\u00e9ens de Tarente 2026. Salaheddine Ben Yazid a d\u00e9croch\u00e9 la m\u00e9daille d&rsquo;or du 3000 m\u00e8tres steeple, devan\u00e7ant son compatriote Mohamed Tindouft, m\u00e9daill\u00e9 d&rsquo;argent dans la m\u00eame \u00e9preuve \u2014 un doubl\u00e9 qui illustre la densit\u00e9 du fond marocain sur cette distance. Cette double performance porte la moisson du Royaume [&hellip;]<\/p>\n","protected":false},"author":3,"featured_media":5989,"comment_status":"open","ping_status":"open","sticky":false,"template":"","format":"standard","meta":{"footnotes":""},"categories":[34,52,48,47],"tags":[980,1101,968,1100],"class_list":["post-5988","post","type-post","status-publish","format-standard","has-post-thumbnail","category-autres-sports","category-flash","category-slider","category-top-spots","tag-athletisme","tag-ismail-manyani","tag-jeux-mediterraneens","tag-salaheddine-ben-yazid"],"yoast_head":"<!-- This site is optimized with the Yoast SEO plugin v27.6 - https:\/\/yoast.com\/product\/yoast-seo-wordpress\/ -->\n<title>L&#039;athl\u00e9tisme marocain rafle l&#039;or \u00e0 Tarente : Ben Yazid et Manyani portent le Maroc \u00e0 14 titres - RADIOMARS<\/title>\n<meta name=\"robots\" content=\"index, follow, max-snippet:-1, max-image-preview:large, max-video-preview:-1\" \/>\n<link rel=\"canonical\" href=\"https:\/\/radiomars.ma\/fr\/?p=5988\" \/>\n<meta property=\"og:locale\" content=\"fr_FR\" \/>\n<meta property=\"og:type\" content=\"article\" \/>\n<meta property=\"og:title\" content=\"L&#039;athl\u00e9tisme marocain rafle l&#039;or \u00e0 Tarente : Ben Yazid et Manyani portent le Maroc \u00e0 14 titres - RADIOMARS\" \/>\n<meta property=\"og:description\" content=\"L&rsquo;athl\u00e9tisme marocain continue d&rsquo;\u00e9crire l&rsquo;histoire aux Jeux m\u00e9diterran\u00e9ens de Tarente 2026. Salaheddine Ben Yazid a d\u00e9croch\u00e9 la m\u00e9daille d&rsquo;or du 3000 m\u00e8tres steeple, devan\u00e7ant son compatriote Mohamed Tindouft, m\u00e9daill\u00e9 d&rsquo;argent dans la m\u00eame \u00e9preuve \u2014 un doubl\u00e9 qui illustre la densit\u00e9 du fond marocain sur cette distance. Cette double performance porte la moisson du Royaume [&hellip;]\" \/>\n<meta property=\"og:url\" content=\"https:\/\/radiomars.ma\/fr\/?p=5988\" \/>\n<meta property=\"og:site_name\" content=\"RADIOMARS\" \/>\n<meta property=\"article:published_time\" content=\"2026-09-02T17:28:31+00:00\" \/>\n<meta property=\"og:image\" content=\"https:\/\/radiomars.ma\/fr\/wp-content\/uploads\/2026\/09\/African_Senior_Athletics_Championship_Accra_2026_63-scaled-1.jpg\" \/>\n\t<meta property=\"og:image:width\" content=\"2560\" \/>\n\t<meta property=\"og:image:height\" content=\"1707\" \/>\n\t<meta property=\"og:image:type\" content=\"image\/jpeg\" \/>\n<meta name=\"author\" content=\"Amine Birouk\" \/>\n<meta name=\"twitter:card\" content=\"summary_large_image\" \/>\n<meta name=\"twitter:label1\" content=\"\u00c9crit par\" \/>\n\t<meta name=\"twitter:data1\" content=\"Amine Birouk\" \/>\n\t<meta name=\"twitter:label2\" content=\"Dur\u00e9e de lecture estim\u00e9e\" \/>\n\t<meta name=\"twitter:data2\" content=\"2 minutes\" \/>\n<script type=\"application\/ld+json\" class=\"yoast-schema-graph\">{\"@context\":\"https:\\\/\\\/schema.org\",\"@graph\":[{\"@type\":\"Article\",\"@id\":\"https:\\\/\\\/radiomars.ma\\\/fr\\\/?p=5988#article\",\"isPartOf\":{\"@id\":\"https:\\\/\\\/radiomars.ma\\\/fr\\\/?p=5988\"},\"author\":{\"name\":\"Amine Birouk\",\"@id\":\"https:\\\/\\\/radiomars.ma\\\/fr\\\/#\\\/schema\\\/person\\\/3c84279e0c82d50196b7b9eaeb67f7df\"},\"headline\":\"L&rsquo;athl\u00e9tisme marocain rafle l&rsquo;or \u00e0 Tarente : Ben Yazid et Manyani portent le Maroc \u00e0 14 titres\",\"datePublished\":\"2026-09-02T17:28:31+00:00\",\"mainEntityOfPage\":{\"@id\":\"https:\\\/\\\/radiomars.ma\\\/fr\\\/?p=5988\"},\"wordCount\":207,\"commentCount\":0,\"image\":{\"@id\":\"https:\\\/\\\/radiomars.ma\\\/fr\\\/?p=5988#primaryimage\"},\"thumbnailUrl\":\"https:\\\/\\\/radiomars.ma\\\/fr\\\/wp-content\\\/uploads\\\/2026\\\/09\\\/African_Senior_Athletics_Championship_Accra_2026_63-scaled-1.jpg\",\"keywords\":[\"Athl\u00e9tisme\",\"Ismail Manyani\",\"Jeux M\u00e9diterran\u00e9ens\",\"Salaheddine Ben Yazid\"],\"articleSection\":[\"AUTRES SPORTS\",\"flash\",\"slider\",\"Top spots\"],\"inLanguage\":\"fr-FR\",\"potentialAction\":[{\"@type\":\"CommentAction\",\"name\":\"Comment\",\"target\":[\"https:\\\/\\\/radiomars.ma\\\/fr\\\/?p=5988#respond\"]}]},{\"@type\":\"WebPage\",\"@id\":\"https:\\\/\\\/radiomars.ma\\\/fr\\\/?p=5988\",\"url\":\"https:\\\/\\\/radiomars.ma\\\/fr\\\/?p=5988\",\"name\":\"L'athl\u00e9tisme marocain rafle l'or \u00e0 Tarente : Ben Yazid et Manyani portent le Maroc \u00e0 14 titres - RADIOMARS\",\"isPartOf\":{\"@id\":\"https:\\\/\\\/radiomars.ma\\\/fr\\\/#website\"},\"primaryImageOfPage\":{\"@id\":\"https:\\\/\\\/radiomars.ma\\\/fr\\\/?p=5988#primaryimage\"},\"image\":{\"@id\":\"https:\\\/\\\/radiomars.ma\\\/fr\\\/?p=5988#primaryimage\"},\"thumbnailUrl\":\"https:\\\/\\\/radiomars.ma\\\/fr\\\/wp-content\\\/uploads\\\/2026\\\/09\\\/African_Senior_Athletics_Championship_Accra_2026_63-scaled-1.jpg\",\"datePublished\":\"2026-09-02T17:28:31+00:00\",\"author\":{\"@id\":\"https:\\\/\\\/radiomars.ma\\\/fr\\\/#\\\/schema\\\/person\\\/3c84279e0c82d50196b7b9eaeb67f7df\"},\"breadcrumb\":{\"@id\":\"https:\\\/\\\/radiomars.ma\\\/fr\\\/?p=5988#breadcrumb\"},\"inLanguage\":\"fr-FR\",\"potentialAction\":[{\"@type\":\"ReadAction\",\"target\":[\"https:\\\/\\\/radiomars.ma\\\/fr\\\/?p=5988\"]}]},{\"@type\":\"ImageObject\",\"inLanguage\":\"fr-FR\",\"@id\":\"https:\\\/\\\/radiomars.ma\\\/fr\\\/?p=5988#primaryimage\",\"url\":\"https:\\\/\\\/radiomars.ma\\\/fr\\\/wp-content\\\/uploads\\\/2026\\\/09\\\/African_Senior_Athletics_Championship_Accra_2026_63-scaled-1.jpg\",\"contentUrl\":\"https:\\\/\\\/radiomars.ma\\\/fr\\\/wp-content\\\/uploads\\\/2026\\\/09\\\/African_Senior_Athletics_Championship_Accra_2026_63-scaled-1.jpg\",\"width\":2560,\"height\":1707},{\"@type\":\"BreadcrumbList\",\"@id\":\"https:\\\/\\\/radiomars.ma\\\/fr\\\/?p=5988#breadcrumb\",\"itemListElement\":[{\"@type\":\"ListItem\",\"position\":1,\"name\":\"Accueil\",\"item\":\"https:\\\/\\\/radiomars.ma\\\/fr\\\/\"},{\"@type\":\"ListItem\",\"position\":2,\"name\":\"L&rsquo;athl\u00e9tisme marocain rafle l&rsquo;or \u00e0 Tarente : Ben Yazid et Manyani portent le Maroc \u00e0 14 titres\"}]},{\"@type\":\"WebSite\",\"@id\":\"https:\\\/\\\/radiomars.ma\\\/fr\\\/#website\",\"url\":\"https:\\\/\\\/radiomars.ma\\\/fr\\\/\",\"name\":\"RADIOMARS\",\"description\":\"\",\"potentialAction\":[{\"@type\":\"SearchAction\",\"target\":{\"@type\":\"EntryPoint\",\"urlTemplate\":\"https:\\\/\\\/radiomars.ma\\\/fr\\\/?s={search_term_string}\"},\"query-input\":{\"@type\":\"PropertyValueSpecification\",\"valueRequired\":true,\"valueName\":\"search_term_string\"}}],\"inLanguage\":\"fr-FR\"},{\"@type\":\"Person\",\"@id\":\"https:\\\/\\\/radiomars.ma\\\/fr\\\/#\\\/schema\\\/person\\\/3c84279e0c82d50196b7b9eaeb67f7df\",\"name\":\"Amine Birouk\",\"image\":{\"@type\":\"ImageObject\",\"inLanguage\":\"fr-FR\",\"@id\":\"https:\\\/\\\/secure.gravatar.com\\\/avatar\\\/980362d30b99e5f165da95d8182ab3d998bbd98c95f5200d1e5670c03c19cb38?s=96&d=mm&r=g\",\"url\":\"https:\\\/\\\/secure.gravatar.com\\\/avatar\\\/980362d30b99e5f165da95d8182ab3d998bbd98c95f5200d1e5670c03c19cb38?s=96&d=mm&r=g\",\"contentUrl\":\"https:\\\/\\\/secure.gravatar.com\\\/avatar\\\/980362d30b99e5f165da95d8182ab3d998bbd98c95f5200d1e5670c03c19cb38?s=96&d=mm&r=g\",\"caption\":\"Amine Birouk\"},\"url\":\"https:\\\/\\\/radiomars.ma\\\/fr\\\/?author=3\"}]}<\/script>\n<!-- \/ Yoast SEO plugin. -->","yoast_head_json":{"title":"L'athl\u00e9tisme marocain rafle l'or \u00e0 Tarente : Ben Yazid et Manyani portent le Maroc \u00e0 14 titres - RADIOMARS","robots":{"index":"index","follow":"follow","max-snippet":"max-snippet:-1","max-image-preview":"max-image-preview:large","max-video-preview":"max-video-preview:-1"},"canonical":"https:\/\/radiomars.ma\/fr\/?p=5988","og_locale":"fr_FR","og_type":"article","og_title":"L'athl\u00e9tisme marocain rafle l'or \u00e0 Tarente : Ben Yazid et Manyani portent le Maroc \u00e0 14 titres - RADIOMARS","og_description":"L&rsquo;athl\u00e9tisme marocain continue d&rsquo;\u00e9crire l&rsquo;histoire aux Jeux m\u00e9diterran\u00e9ens de Tarente 2026. Salaheddine Ben Yazid a d\u00e9croch\u00e9 la m\u00e9daille d&rsquo;or du 3000 m\u00e8tres steeple, devan\u00e7ant son compatriote Mohamed Tindouft, m\u00e9daill\u00e9 d&rsquo;argent dans la m\u00eame \u00e9preuve \u2014 un doubl\u00e9 qui illustre la densit\u00e9 du fond marocain sur cette distance. Cette double performance porte la moisson du Royaume [&hellip;]","og_url":"https:\/\/radiomars.ma\/fr\/?p=5988","og_site_name":"RADIOMARS","article_published_time":"2026-09-02T17:28:31+00:00","og_image":[{"width":2560,"height":1707,"url":"https:\/\/radiomars.ma\/fr\/wp-content\/uploads\/2026\/09\/African_Senior_Athletics_Championship_Accra_2026_63-scaled-1.jpg","type":"image\/jpeg"}],"author":"Amine Birouk","twitter_card":"summary_large_image","twitter_misc":{"\u00c9crit par":"Amine Birouk","Dur\u00e9e de lecture estim\u00e9e":"2 minutes"},"schema":{"@context":"https:\/\/schema.org","@graph":[{"@type":"Article","@id":"https:\/\/radiomars.ma\/fr\/?p=5988#article","isPartOf":{"@id":"https:\/\/radiomars.ma\/fr\/?p=5988"},"author":{"name":"Amine Birouk","@id":"https:\/\/radiomars.ma\/fr\/#\/schema\/person\/3c84279e0c82d50196b7b9eaeb67f7df"},"headline":"L&rsquo;athl\u00e9tisme marocain rafle l&rsquo;or \u00e0 Tarente : Ben Yazid et Manyani portent le Maroc \u00e0 14 titres","datePublished":"2026-09-02T17:28:31+00:00","mainEntityOfPage":{"@id":"https:\/\/radiomars.ma\/fr\/?p=5988"},"wordCount":207,"commentCount":0,"image":{"@id":"https:\/\/radiomars.ma\/fr\/?p=5988#primaryimage"},"thumbnailUrl":"https:\/\/radiomars.ma\/fr\/wp-content\/uploads\/2026\/09\/African_Senior_Athletics_Championship_Accra_2026_63-scaled-1.jpg","keywords":["Athl\u00e9tisme","Ismail Manyani","Jeux M\u00e9diterran\u00e9ens","Salaheddine Ben Yazid"],"articleSection":["AUTRES SPORTS","flash","slider","Top spots"],"inLanguage":"fr-FR","potentialAction":[{"@type":"CommentAction","name":"Comment","target":["https:\/\/radiomars.ma\/fr\/?p=5988#respond"]}]},{"@type":"WebPage","@id":"https:\/\/radiomars.ma\/fr\/?p=5988","url":"https:\/\/radiomars.ma\/fr\/?p=5988","name":"L'athl\u00e9tisme marocain rafle l'or \u00e0 Tarente : Ben Yazid et Manyani portent le Maroc \u00e0 14 titres - RADIOMARS","isPartOf":{"@id":"https:\/\/radiomars.ma\/fr\/#website"},"primaryImageOfPage":{"@id":"https:\/\/radiomars.ma\/fr\/?p=5988#primaryimage"},"image":{"@id":"https:\/\/radiomars.ma\/fr\/?p=5988#primaryimage"},"thumbnailUrl":"https:\/\/radiomars.ma\/fr\/wp-content\/uploads\/2026\/09\/African_Senior_Athletics_Championship_Accra_2026_63-scaled-1.jpg","datePublished":"2026-09-02T17:28:31+00:00","author":{"@id":"https:\/\/radiomars.ma\/fr\/#\/schema\/person\/3c84279e0c82d50196b7b9eaeb67f7df"},"breadcrumb":{"@id":"https:\/\/radiomars.ma\/fr\/?p=5988#breadcrumb"},"inLanguage":"fr-FR","potentialAction":[{"@type":"ReadAction","target":["https:\/\/radiomars.ma\/fr\/?p=5988"]}]},{"@type":"ImageObject","inLanguage":"fr-FR","@id":"https:\/\/radiomars.ma\/fr\/?p=5988#primaryimage","url":"https:\/\/radiomars.ma\/fr\/wp-content\/uploads\/2026\/09\/African_Senior_Athletics_Championship_Accra_2026_63-scaled-1.jpg","contentUrl":"https:\/\/radiomars.ma\/fr\/wp-content\/uploads\/2026\/09\/African_Senior_Athletics_Championship_Accra_2026_63-scaled-1.jpg","width":2560,"height":1707},{"@type":"BreadcrumbList","@id":"https:\/\/radiomars.ma\/fr\/?p=5988#breadcrumb","itemListElement":[{"@type":"ListItem","position":1,"name":"Accueil","item":"https:\/\/radiomars.ma\/fr\/"},{"@type":"ListItem","position":2,"name":"L&rsquo;athl\u00e9tisme marocain rafle l&rsquo;or \u00e0 Tarente : Ben Yazid et Manyani portent le Maroc \u00e0 14 titres"}]},{"@type":"WebSite","@id":"https:\/\/radiomars.ma\/fr\/#website","url":"https:\/\/radiomars.ma\/fr\/","name":"RADIOMARS","description":"","potentialAction":[{"@type":"SearchAction","target":{"@type":"EntryPoint","urlTemplate":"https:\/\/radiomars.ma\/fr\/?s={search_term_string}"},"query-input":{"@type":"PropertyValueSpecification","valueRequired":true,"valueName":"search_term_string"}}],"inLanguage":"fr-FR"},{"@type":"Person","@id":"https:\/\/radiomars.ma\/fr\/#\/schema\/person\/3c84279e0c82d50196b7b9eaeb67f7df","name":"Amine Birouk","image":{"@type":"ImageObject","inLanguage":"fr-FR","@id":"https:\/\/secure.gravatar.com\/avatar\/980362d30b99e5f165da95d8182ab3d998bbd98c95f5200d1e5670c03c19cb38?s=96&d=mm&r=g","url":"https:\/\/secure.gravatar.com\/avatar\/980362d30b99e5f165da95d8182ab3d998bbd98c95f5200d1e5670c03c19cb38?s=96&d=mm&r=g","contentUrl":"https:\/\/secure.gravatar.com\/avatar\/980362d30b99e5f165da95d8182ab3d998bbd98c95f5200d1e5670c03c19cb38?s=96&d=mm&r=g","caption":"Amine Birouk"},"url":"https:\/\/radiomars.ma\/fr\/?author=3"}]}},"_links":{"self":[{"href":"https:\/\/radiomars.ma\/fr\/index.php?rest_route=\/wp\/v2\/posts\/5988","targetHints":{"allow":["GET"]}}],"collection":[{"href":"https:\/\/radiomars.ma\/fr\/index.php?rest_route=\/wp\/v2\/posts"}],"about":[{"href":"https:\/\/radiomars.ma\/fr\/index.php?rest_route=\/wp\/v2\/types\/post"}],"author":[{"embeddable":true,"href":"https:\/\/radiomars.ma\/fr\/index.php?rest_route=\/wp\/v2\/users\/3"}],"replies":[{"embeddable":true,"href":"https:\/\/radiomars.ma\/fr\/index.php?rest_route=%2Fwp%2Fv2%2Fcomments&post=5988"}],"version-history":[{"count":1,"href":"https:\/\/radiomars.ma\/fr\/index.php?rest_route=\/wp\/v2\/posts\/5988\/revisions"}],"predecessor-version":[{"id":5990,"href":"https:\/\/radiomars.ma\/fr\/index.php?rest_route=\/wp\/v2\/posts\/5988\/revisions\/5990"}],"wp:featuredmedia":[{"embeddable":true,"href":"https:\/\/radiomars.ma\/fr\/index.php?rest_route=\/wp\/v2\/media\/5989"}],"wp:attachment":[{"href":"https:\/\/radiomars.ma\/fr\/index.php?rest_route=%2Fwp%2Fv2%2Fmedia&parent=5988"}],"wp:term":[{"taxonomy":"category","embeddable":true,"href":"https:\/\/radiomars.ma\/fr\/index.php?rest_route=%2Fwp%2Fv2%2Fcategories&post=5988"},{"taxonomy":"post_tag","embeddable":true,"href":"https:\/\/radiomars.ma\/fr\/index.php?rest_route=%2Fwp%2Fv2%2Ftags&post=5988"}],"curies":[{"name":"wp","href":"https:\/\/api.w.org\/{rel}","templated":true}]}}