{"id":5998,"date":"2026-09-02T23:29:28","date_gmt":"2026-09-02T21:29:28","guid":{"rendered":"https:\/\/radiomars.ma\/fr\/?p=5998"},"modified":"2026-09-02T23:29:28","modified_gmt":"2026-09-02T21:29:28","slug":"retour-aux-sources-azzedine-ounahi-de-nouveau-au-panathinaikos","status":"publish","type":"post","link":"https:\/\/radiomars.ma\/fr\/?p=5998","title":{"rendered":"Retour aux sources : Azzedine Ounahi de nouveau au Panathina\u00efkos"},"content":{"rendered":"<p>Le Panathina\u00efkos a officialis\u00e9 ce mercredi 2 septembre l&rsquo;arriv\u00e9e d&rsquo;Azzedine Ounahi. Le milieu de terrain international marocain quitte Girona FC pour retrouver le club grec, avec lequel il vient de parapher un contrat de quatre saisons, le liant jusqu&rsquo;en juin 2030.<\/p>\n<p>Ce transfert a des allures de retrouvailles pour le Lion de l&rsquo;Atlas. Ounahi avait d\u00e9j\u00e0 port\u00e9 les couleurs ath\u00e9niennes lors de la saison 2024-2025, dans le cadre d&rsquo;un pr\u00eat en provenance de l&rsquo;Olympique de Marseille, o\u00f9 il avait livr\u00e9 des prestations remarqu\u00e9es. Il avait ensuite rejoint la Liga sous le maillot de Girona, o\u00f9 il aura disput\u00e9 25 matchs de championnat la saison pass\u00e9e, inscrivant 5 buts et d\u00e9livrant 2 passes d\u00e9cisives.<\/p>\n<p>Pourtant courtis\u00e9 cet \u00e9t\u00e9 par plusieurs formations europ\u00e9ennes, dont l&rsquo;Ajax Amsterdam, le PSV Eindhoven et le Real Betis, le Marocain a finalement fait le choix du c\u0153ur en optant pour un retour \u00e0 Ath\u00e8nes, deux ans apr\u00e8s son premier passage au Panathina\u00efkos.<\/p>\n","protected":false},"excerpt":{"rendered":"<p>Le Panathina\u00efkos a officialis\u00e9 ce mercredi 2 septembre l&rsquo;arriv\u00e9e d&rsquo;Azzedine Ounahi. Le milieu de terrain international marocain quitte Girona FC pour retrouver le club grec, avec lequel il vient de parapher un contrat de quatre saisons, le liant jusqu&rsquo;en juin 2030. Ce transfert a des allures de retrouvailles pour le Lion de l&rsquo;Atlas. Ounahi avait [&hellip;]<\/p>\n","protected":false},"author":3,"featured_media":5999,"comment_status":"open","ping_status":"open","sticky":false,"template":"","format":"standard","meta":{"footnotes":""},"categories":[52,33,31,48,47],"tags":[530,1055],"class_list":["post-5998","post","type-post","status-publish","format-standard","has-post-thumbnail","category-flash","category-linternationales","category-nos-lions","category-slider","category-top-spots","tag-azzeddine-ounahi","tag-panathinaikos"],"yoast_head":"<!-- This site is optimized with the Yoast SEO plugin v27.6 - https:\/\/yoast.com\/product\/yoast-seo-wordpress\/ -->\n<title>Retour aux sources : Azzedine Ounahi de nouveau au Panathina\u00efkos - RADIOMARS<\/title>\n<meta name=\"robots\" content=\"index, follow, max-snippet:-1, max-image-preview:large, max-video-preview:-1\" \/>\n<link rel=\"canonical\" href=\"https:\/\/radiomars.ma\/fr\/?p=5998\" \/>\n<meta property=\"og:locale\" content=\"fr_FR\" \/>\n<meta property=\"og:type\" content=\"article\" \/>\n<meta property=\"og:title\" content=\"Retour aux sources : Azzedine Ounahi de nouveau au Panathina\u00efkos - RADIOMARS\" \/>\n<meta property=\"og:description\" content=\"Le Panathina\u00efkos a officialis\u00e9 ce mercredi 2 septembre l&rsquo;arriv\u00e9e d&rsquo;Azzedine Ounahi. Le milieu de terrain international marocain quitte Girona FC pour retrouver le club grec, avec lequel il vient de parapher un contrat de quatre saisons, le liant jusqu&rsquo;en juin 2030. Ce transfert a des allures de retrouvailles pour le Lion de l&rsquo;Atlas. Ounahi avait [&hellip;]\" \/>\n<meta property=\"og:url\" content=\"https:\/\/radiomars.ma\/fr\/?p=5998\" \/>\n<meta property=\"og:site_name\" content=\"RADIOMARS\" \/>\n<meta property=\"article:published_time\" content=\"2026-09-02T21:29:28+00:00\" \/>\n<meta property=\"og:image\" content=\"https:\/\/radiomars.ma\/fr\/wp-content\/uploads\/2026\/09\/6ASHDBYZ5NPY7CKWQWSWNKJVG4.jpg\" \/>\n\t<meta property=\"og:image:width\" content=\"2000\" \/>\n\t<meta property=\"og:image:height\" content=\"1125\" \/>\n\t<meta property=\"og:image:type\" content=\"image\/jpeg\" \/>\n<meta name=\"author\" content=\"Amine Birouk\" \/>\n<meta name=\"twitter:card\" content=\"summary_large_image\" \/>\n<meta name=\"twitter:label1\" content=\"\u00c9crit par\" \/>\n\t<meta name=\"twitter:data1\" content=\"Amine Birouk\" \/>\n\t<meta name=\"twitter:label2\" content=\"Dur\u00e9e de lecture estim\u00e9e\" \/>\n\t<meta name=\"twitter:data2\" content=\"1 minute\" \/>\n<script type=\"application\/ld+json\" class=\"yoast-schema-graph\">{\"@context\":\"https:\\\/\\\/schema.org\",\"@graph\":[{\"@type\":\"Article\",\"@id\":\"https:\\\/\\\/radiomars.ma\\\/fr\\\/?p=5998#article\",\"isPartOf\":{\"@id\":\"https:\\\/\\\/radiomars.ma\\\/fr\\\/?p=5998\"},\"author\":{\"name\":\"Amine Birouk\",\"@id\":\"https:\\\/\\\/radiomars.ma\\\/fr\\\/#\\\/schema\\\/person\\\/3c84279e0c82d50196b7b9eaeb67f7df\"},\"headline\":\"Retour aux sources : Azzedine Ounahi de nouveau au Panathina\u00efkos\",\"datePublished\":\"2026-09-02T21:29:28+00:00\",\"mainEntityOfPage\":{\"@id\":\"https:\\\/\\\/radiomars.ma\\\/fr\\\/?p=5998\"},\"wordCount\":180,\"commentCount\":0,\"image\":{\"@id\":\"https:\\\/\\\/radiomars.ma\\\/fr\\\/?p=5998#primaryimage\"},\"thumbnailUrl\":\"https:\\\/\\\/radiomars.ma\\\/fr\\\/wp-content\\\/uploads\\\/2026\\\/09\\\/6ASHDBYZ5NPY7CKWQWSWNKJVG4.jpg\",\"keywords\":[\"Azzeddine Ounahi\",\"Panathinaikos\"],\"articleSection\":[\"flash\",\"L'INTERNATIONALE\",\"NOS LIONS\",\"slider\",\"Top spots\"],\"inLanguage\":\"fr-FR\",\"potentialAction\":[{\"@type\":\"CommentAction\",\"name\":\"Comment\",\"target\":[\"https:\\\/\\\/radiomars.ma\\\/fr\\\/?p=5998#respond\"]}]},{\"@type\":\"WebPage\",\"@id\":\"https:\\\/\\\/radiomars.ma\\\/fr\\\/?p=5998\",\"url\":\"https:\\\/\\\/radiomars.ma\\\/fr\\\/?p=5998\",\"name\":\"Retour aux sources : Azzedine Ounahi de nouveau au Panathina\u00efkos - RADIOMARS\",\"isPartOf\":{\"@id\":\"https:\\\/\\\/radiomars.ma\\\/fr\\\/#website\"},\"primaryImageOfPage\":{\"@id\":\"https:\\\/\\\/radiomars.ma\\\/fr\\\/?p=5998#primaryimage\"},\"image\":{\"@id\":\"https:\\\/\\\/radiomars.ma\\\/fr\\\/?p=5998#primaryimage\"},\"thumbnailUrl\":\"https:\\\/\\\/radiomars.ma\\\/fr\\\/wp-content\\\/uploads\\\/2026\\\/09\\\/6ASHDBYZ5NPY7CKWQWSWNKJVG4.jpg\",\"datePublished\":\"2026-09-02T21:29:28+00:00\",\"author\":{\"@id\":\"https:\\\/\\\/radiomars.ma\\\/fr\\\/#\\\/schema\\\/person\\\/3c84279e0c82d50196b7b9eaeb67f7df\"},\"breadcrumb\":{\"@id\":\"https:\\\/\\\/radiomars.ma\\\/fr\\\/?p=5998#breadcrumb\"},\"inLanguage\":\"fr-FR\",\"potentialAction\":[{\"@type\":\"ReadAction\",\"target\":[\"https:\\\/\\\/radiomars.ma\\\/fr\\\/?p=5998\"]}]},{\"@type\":\"ImageObject\",\"inLanguage\":\"fr-FR\",\"@id\":\"https:\\\/\\\/radiomars.ma\\\/fr\\\/?p=5998#primaryimage\",\"url\":\"https:\\\/\\\/radiomars.ma\\\/fr\\\/wp-content\\\/uploads\\\/2026\\\/09\\\/6ASHDBYZ5NPY7CKWQWSWNKJVG4.jpg\",\"contentUrl\":\"https:\\\/\\\/radiomars.ma\\\/fr\\\/wp-content\\\/uploads\\\/2026\\\/09\\\/6ASHDBYZ5NPY7CKWQWSWNKJVG4.jpg\",\"width\":2000,\"height\":1125},{\"@type\":\"BreadcrumbList\",\"@id\":\"https:\\\/\\\/radiomars.ma\\\/fr\\\/?p=5998#breadcrumb\",\"itemListElement\":[{\"@type\":\"ListItem\",\"position\":1,\"name\":\"Accueil\",\"item\":\"https:\\\/\\\/radiomars.ma\\\/fr\\\/\"},{\"@type\":\"ListItem\",\"position\":2,\"name\":\"Retour aux sources : Azzedine Ounahi de nouveau au Panathina\u00efkos\"}]},{\"@type\":\"WebSite\",\"@id\":\"https:\\\/\\\/radiomars.ma\\\/fr\\\/#website\",\"url\":\"https:\\\/\\\/radiomars.ma\\\/fr\\\/\",\"name\":\"RADIOMARS\",\"description\":\"\",\"potentialAction\":[{\"@type\":\"SearchAction\",\"target\":{\"@type\":\"EntryPoint\",\"urlTemplate\":\"https:\\\/\\\/radiomars.ma\\\/fr\\\/?s={search_term_string}\"},\"query-input\":{\"@type\":\"PropertyValueSpecification\",\"valueRequired\":true,\"valueName\":\"search_term_string\"}}],\"inLanguage\":\"fr-FR\"},{\"@type\":\"Person\",\"@id\":\"https:\\\/\\\/radiomars.ma\\\/fr\\\/#\\\/schema\\\/person\\\/3c84279e0c82d50196b7b9eaeb67f7df\",\"name\":\"Amine Birouk\",\"image\":{\"@type\":\"ImageObject\",\"inLanguage\":\"fr-FR\",\"@id\":\"https:\\\/\\\/secure.gravatar.com\\\/avatar\\\/980362d30b99e5f165da95d8182ab3d998bbd98c95f5200d1e5670c03c19cb38?s=96&d=mm&r=g\",\"url\":\"https:\\\/\\\/secure.gravatar.com\\\/avatar\\\/980362d30b99e5f165da95d8182ab3d998bbd98c95f5200d1e5670c03c19cb38?s=96&d=mm&r=g\",\"contentUrl\":\"https:\\\/\\\/secure.gravatar.com\\\/avatar\\\/980362d30b99e5f165da95d8182ab3d998bbd98c95f5200d1e5670c03c19cb38?s=96&d=mm&r=g\",\"caption\":\"Amine Birouk\"},\"url\":\"https:\\\/\\\/radiomars.ma\\\/fr\\\/?author=3\"}]}<\/script>\n<!-- \/ Yoast SEO plugin. -->","yoast_head_json":{"title":"Retour aux sources : Azzedine Ounahi de nouveau au Panathina\u00efkos - RADIOMARS","robots":{"index":"index","follow":"follow","max-snippet":"max-snippet:-1","max-image-preview":"max-image-preview:large","max-video-preview":"max-video-preview:-1"},"canonical":"https:\/\/radiomars.ma\/fr\/?p=5998","og_locale":"fr_FR","og_type":"article","og_title":"Retour aux sources : Azzedine Ounahi de nouveau au Panathina\u00efkos - RADIOMARS","og_description":"Le Panathina\u00efkos a officialis\u00e9 ce mercredi 2 septembre l&rsquo;arriv\u00e9e d&rsquo;Azzedine Ounahi. Le milieu de terrain international marocain quitte Girona FC pour retrouver le club grec, avec lequel il vient de parapher un contrat de quatre saisons, le liant jusqu&rsquo;en juin 2030. Ce transfert a des allures de retrouvailles pour le Lion de l&rsquo;Atlas. Ounahi avait [&hellip;]","og_url":"https:\/\/radiomars.ma\/fr\/?p=5998","og_site_name":"RADIOMARS","article_published_time":"2026-09-02T21:29:28+00:00","og_image":[{"width":2000,"height":1125,"url":"https:\/\/radiomars.ma\/fr\/wp-content\/uploads\/2026\/09\/6ASHDBYZ5NPY7CKWQWSWNKJVG4.jpg","type":"image\/jpeg"}],"author":"Amine Birouk","twitter_card":"summary_large_image","twitter_misc":{"\u00c9crit par":"Amine Birouk","Dur\u00e9e de lecture estim\u00e9e":"1 minute"},"schema":{"@context":"https:\/\/schema.org","@graph":[{"@type":"Article","@id":"https:\/\/radiomars.ma\/fr\/?p=5998#article","isPartOf":{"@id":"https:\/\/radiomars.ma\/fr\/?p=5998"},"author":{"name":"Amine Birouk","@id":"https:\/\/radiomars.ma\/fr\/#\/schema\/person\/3c84279e0c82d50196b7b9eaeb67f7df"},"headline":"Retour aux sources : Azzedine Ounahi de nouveau au Panathina\u00efkos","datePublished":"2026-09-02T21:29:28+00:00","mainEntityOfPage":{"@id":"https:\/\/radiomars.ma\/fr\/?p=5998"},"wordCount":180,"commentCount":0,"image":{"@id":"https:\/\/radiomars.ma\/fr\/?p=5998#primaryimage"},"thumbnailUrl":"https:\/\/radiomars.ma\/fr\/wp-content\/uploads\/2026\/09\/6ASHDBYZ5NPY7CKWQWSWNKJVG4.jpg","keywords":["Azzeddine Ounahi","Panathinaikos"],"articleSection":["flash","L'INTERNATIONALE","NOS LIONS","slider","Top spots"],"inLanguage":"fr-FR","potentialAction":[{"@type":"CommentAction","name":"Comment","target":["https:\/\/radiomars.ma\/fr\/?p=5998#respond"]}]},{"@type":"WebPage","@id":"https:\/\/radiomars.ma\/fr\/?p=5998","url":"https:\/\/radiomars.ma\/fr\/?p=5998","name":"Retour aux sources : Azzedine Ounahi de nouveau au Panathina\u00efkos - RADIOMARS","isPartOf":{"@id":"https:\/\/radiomars.ma\/fr\/#website"},"primaryImageOfPage":{"@id":"https:\/\/radiomars.ma\/fr\/?p=5998#primaryimage"},"image":{"@id":"https:\/\/radiomars.ma\/fr\/?p=5998#primaryimage"},"thumbnailUrl":"https:\/\/radiomars.ma\/fr\/wp-content\/uploads\/2026\/09\/6ASHDBYZ5NPY7CKWQWSWNKJVG4.jpg","datePublished":"2026-09-02T21:29:28+00:00","author":{"@id":"https:\/\/radiomars.ma\/fr\/#\/schema\/person\/3c84279e0c82d50196b7b9eaeb67f7df"},"breadcrumb":{"@id":"https:\/\/radiomars.ma\/fr\/?p=5998#breadcrumb"},"inLanguage":"fr-FR","potentialAction":[{"@type":"ReadAction","target":["https:\/\/radiomars.ma\/fr\/?p=5998"]}]},{"@type":"ImageObject","inLanguage":"fr-FR","@id":"https:\/\/radiomars.ma\/fr\/?p=5998#primaryimage","url":"https:\/\/radiomars.ma\/fr\/wp-content\/uploads\/2026\/09\/6ASHDBYZ5NPY7CKWQWSWNKJVG4.jpg","contentUrl":"https:\/\/radiomars.ma\/fr\/wp-content\/uploads\/2026\/09\/6ASHDBYZ5NPY7CKWQWSWNKJVG4.jpg","width":2000,"height":1125},{"@type":"BreadcrumbList","@id":"https:\/\/radiomars.ma\/fr\/?p=5998#breadcrumb","itemListElement":[{"@type":"ListItem","position":1,"name":"Accueil","item":"https:\/\/radiomars.ma\/fr\/"},{"@type":"ListItem","position":2,"name":"Retour aux sources : Azzedine Ounahi de nouveau au Panathina\u00efkos"}]},{"@type":"WebSite","@id":"https:\/\/radiomars.ma\/fr\/#website","url":"https:\/\/radiomars.ma\/fr\/","name":"RADIOMARS","description":"","potentialAction":[{"@type":"SearchAction","target":{"@type":"EntryPoint","urlTemplate":"https:\/\/radiomars.ma\/fr\/?s={search_term_string}"},"query-input":{"@type":"PropertyValueSpecification","valueRequired":true,"valueName":"search_term_string"}}],"inLanguage":"fr-FR"},{"@type":"Person","@id":"https:\/\/radiomars.ma\/fr\/#\/schema\/person\/3c84279e0c82d50196b7b9eaeb67f7df","name":"Amine Birouk","image":{"@type":"ImageObject","inLanguage":"fr-FR","@id":"https:\/\/secure.gravatar.com\/avatar\/980362d30b99e5f165da95d8182ab3d998bbd98c95f5200d1e5670c03c19cb38?s=96&d=mm&r=g","url":"https:\/\/secure.gravatar.com\/avatar\/980362d30b99e5f165da95d8182ab3d998bbd98c95f5200d1e5670c03c19cb38?s=96&d=mm&r=g","contentUrl":"https:\/\/secure.gravatar.com\/avatar\/980362d30b99e5f165da95d8182ab3d998bbd98c95f5200d1e5670c03c19cb38?s=96&d=mm&r=g","caption":"Amine Birouk"},"url":"https:\/\/radiomars.ma\/fr\/?author=3"}]}},"_links":{"self":[{"href":"https:\/\/radiomars.ma\/fr\/index.php?rest_route=\/wp\/v2\/posts\/5998","targetHints":{"allow":["GET"]}}],"collection":[{"href":"https:\/\/radiomars.ma\/fr\/index.php?rest_route=\/wp\/v2\/posts"}],"about":[{"href":"https:\/\/radiomars.ma\/fr\/index.php?rest_route=\/wp\/v2\/types\/post"}],"author":[{"embeddable":true,"href":"https:\/\/radiomars.ma\/fr\/index.php?rest_route=\/wp\/v2\/users\/3"}],"replies":[{"embeddable":true,"href":"https:\/\/radiomars.ma\/fr\/index.php?rest_route=%2Fwp%2Fv2%2Fcomments&post=5998"}],"version-history":[{"count":1,"href":"https:\/\/radiomars.ma\/fr\/index.php?rest_route=\/wp\/v2\/posts\/5998\/revisions"}],"predecessor-version":[{"id":6000,"href":"https:\/\/radiomars.ma\/fr\/index.php?rest_route=\/wp\/v2\/posts\/5998\/revisions\/6000"}],"wp:featuredmedia":[{"embeddable":true,"href":"https:\/\/radiomars.ma\/fr\/index.php?rest_route=\/wp\/v2\/media\/5999"}],"wp:attachment":[{"href":"https:\/\/radiomars.ma\/fr\/index.php?rest_route=%2Fwp%2Fv2%2Fmedia&parent=5998"}],"wp:term":[{"taxonomy":"category","embeddable":true,"href":"https:\/\/radiomars.ma\/fr\/index.php?rest_route=%2Fwp%2Fv2%2Fcategories&post=5998"},{"taxonomy":"post_tag","embeddable":true,"href":"https:\/\/radiomars.ma\/fr\/index.php?rest_route=%2Fwp%2Fv2%2Ftags&post=5998"}],"curies":[{"name":"wp","href":"https:\/\/api.w.org\/{rel}","templated":true}]}}