{"id":6004,"date":"2026-09-03T12:41:42","date_gmt":"2026-09-03T10:41:42","guid":{"rendered":"https:\/\/radiomars.ma\/fr\/?p=6004"},"modified":"2026-09-03T12:41:42","modified_gmt":"2026-09-03T10:41:42","slug":"ebnoutalib-un-avenir-international-tres-convoite","status":"publish","type":"post","link":"https:\/\/radiomars.ma\/fr\/?p=6004","title":{"rendered":"Ebnoutalib, un avenir international tr\u00e8s convoit\u00e9"},"content":{"rendered":"<p><strong>Il y a encore 18 mois, il jouait en quatri\u00e8me division allemande. Aujourd\u2019hui, Younes Ebnoutalib se retrouve au c\u0153ur d\u2019un duel entre le Maroc et l\u2019Allemagne.<\/strong><\/p>\n<p>\u00c0 22 ans, l\u2019attaquant de l\u2019Eintracht Francfort explose en Bundesliga. Pour son premier match de championnat cette saison, il a frapp\u00e9 tr\u00e8s fort avec un tripl\u00e9 face \u00e0 l\u2019Union Berlin. Une performance qui n\u2019est \u00e9videmment pas pass\u00e9e inaper\u00e7ue.<\/p>\n<p>Et surtout pas aupr\u00e8s de J\u00fcrgen Klopp. Le nouveau s\u00e9lectionneur allemand s\u2019est rendu cette semaine \u00e0 l\u2019entra\u00eenement de Francfort. Selon <a href=\"https:\/\/sport.sky.de\/fussball\/artikel\/juergen-klopp-trifft-younes-ebnoutalib-dfb-wirbt-um-eintracht-frankfurt-stuermer\/13580449\/34130\">Sky Allemagne<\/a>, il a longuement \u00e9chang\u00e9 avec Ebnoutalib et souhaite le convaincre de porter le maillot de la Mannschaft.<\/p>\n<p class=\"isSelectedEnd\">Le Maroc aussi a d\u00e9j\u00e0 boug\u00e9. Mohamed Ouahbi s\u2019est r\u00e9cemment d\u00e9plac\u00e9 en Allemagne pour observer Ebnoutalib et \u00e9changer avec lui. Le s\u00e9lectionneur des Lions de l\u2019Atlas souhaite convaincre l\u2019attaquant de choisir le Maroc.<\/p>\n<p>Car le joueur a le choix. N\u00e9 \u00e0 Francfort d\u2019une m\u00e8re allemande et d\u2019un p\u00e8re marocain, il peut repr\u00e9senter les deux pays. Il conna\u00eet m\u00eame d\u00e9j\u00e0 le maillot marocain puisqu\u2019il avait \u00e9t\u00e9 convoqu\u00e9 avec les moins de 15 ans.<\/p>\n<p>Son ascension est spectaculaire. Pass\u00e9 par le FC Gie\u00dfen en quatri\u00e8me division, puis par Elversberg, o\u00f9 il a inscrit 12 buts en 17 matchs de deuxi\u00e8me division, Ebnoutalib a rejoint Francfort l\u2019hiver dernier pour environ huit millions d\u2019euros.<\/p>\n<p>Le Maroc est donc pr\u00e9venu : l\u2019Allemagne est d\u00e9sormais clairement pass\u00e9e \u00e0 l\u2019offensive. Et une premi\u00e8re \u00e9ch\u00e9ance approche d\u00e9j\u00e0. J\u00fcrgen Klopp doit d\u00e9voiler sa premi\u00e8re liste avec la Mannschaft le 17 septembre. D\u2019ici l\u00e0, le choix d\u2019Ebnoutalib pourrait devenir l\u2019un des dossiers \u00e0 suivre de tr\u00e8s pr\u00e8s c\u00f4t\u00e9 marocain.<\/p>\n","protected":false},"excerpt":{"rendered":"<p>Il y a encore 18 mois, il jouait en quatri\u00e8me division allemande. Aujourd\u2019hui, Younes Ebnoutalib se retrouve au c\u0153ur d\u2019un duel entre le Maroc et l\u2019Allemagne. \u00c0 22 ans, l\u2019attaquant de l\u2019Eintracht Francfort explose en Bundesliga. Pour son premier match de championnat cette saison, il a frapp\u00e9 tr\u00e8s fort avec un tripl\u00e9 face \u00e0 l\u2019Union [&hellip;]<\/p>\n","protected":false},"author":13,"featured_media":6006,"comment_status":"open","ping_status":"open","sticky":false,"template":"","format":"standard","meta":{"footnotes":""},"categories":[21,52,33,1,31,48],"tags":[],"class_list":["post-6004","post","type-post","status-publish","format-standard","has-post-thumbnail","category-equipes-nationales","category-flash","category-linternationales","category-non-classe","category-nos-lions","category-slider"],"yoast_head":"<!-- This site is optimized with the Yoast SEO plugin v27.6 - https:\/\/yoast.com\/product\/yoast-seo-wordpress\/ -->\n<title>Ebnoutalib, un avenir international tr\u00e8s convoit\u00e9 - RADIOMARS<\/title>\n<meta name=\"robots\" content=\"index, follow, max-snippet:-1, max-image-preview:large, max-video-preview:-1\" \/>\n<link rel=\"canonical\" href=\"https:\/\/radiomars.ma\/fr\/?p=6004\" \/>\n<meta property=\"og:locale\" content=\"fr_FR\" \/>\n<meta property=\"og:type\" content=\"article\" \/>\n<meta property=\"og:title\" content=\"Ebnoutalib, un avenir international tr\u00e8s convoit\u00e9 - RADIOMARS\" \/>\n<meta property=\"og:description\" content=\"Il y a encore 18 mois, il jouait en quatri\u00e8me division allemande. Aujourd\u2019hui, Younes Ebnoutalib se retrouve au c\u0153ur d\u2019un duel entre le Maroc et l\u2019Allemagne. \u00c0 22 ans, l\u2019attaquant de l\u2019Eintracht Francfort explose en Bundesliga. Pour son premier match de championnat cette saison, il a frapp\u00e9 tr\u00e8s fort avec un tripl\u00e9 face \u00e0 l\u2019Union [&hellip;]\" \/>\n<meta property=\"og:url\" content=\"https:\/\/radiomars.ma\/fr\/?p=6004\" \/>\n<meta property=\"og:site_name\" content=\"RADIOMARS\" \/>\n<meta property=\"article:published_time\" content=\"2026-09-03T10:41:42+00:00\" \/>\n<meta property=\"og:image\" content=\"https:\/\/radiomars.ma\/fr\/wp-content\/uploads\/2026\/09\/Nouveau-projet-13.jpg\" \/>\n\t<meta property=\"og:image:width\" content=\"1280\" \/>\n\t<meta property=\"og:image:height\" content=\"720\" \/>\n\t<meta property=\"og:image:type\" content=\"image\/jpeg\" \/>\n<meta name=\"author\" content=\"Nourhane HAROUI\" \/>\n<meta name=\"twitter:card\" content=\"summary_large_image\" \/>\n<meta name=\"twitter:label1\" content=\"\u00c9crit par\" \/>\n\t<meta name=\"twitter:data1\" content=\"Nourhane HAROUI\" \/>\n\t<meta name=\"twitter:label2\" content=\"Dur\u00e9e de lecture estim\u00e9e\" \/>\n\t<meta name=\"twitter:data2\" content=\"2 minutes\" \/>\n<script type=\"application\/ld+json\" class=\"yoast-schema-graph\">{\"@context\":\"https:\\\/\\\/schema.org\",\"@graph\":[{\"@type\":\"Article\",\"@id\":\"https:\\\/\\\/radiomars.ma\\\/fr\\\/?p=6004#article\",\"isPartOf\":{\"@id\":\"https:\\\/\\\/radiomars.ma\\\/fr\\\/?p=6004\"},\"author\":{\"name\":\"Nourhane HAROUI\",\"@id\":\"https:\\\/\\\/radiomars.ma\\\/fr\\\/#\\\/schema\\\/person\\\/a9698f3d532a66af8bdf55eab142d882\"},\"headline\":\"Ebnoutalib, un avenir international tr\u00e8s convoit\u00e9\",\"datePublished\":\"2026-09-03T10:41:42+00:00\",\"mainEntityOfPage\":{\"@id\":\"https:\\\/\\\/radiomars.ma\\\/fr\\\/?p=6004\"},\"wordCount\":312,\"commentCount\":0,\"image\":{\"@id\":\"https:\\\/\\\/radiomars.ma\\\/fr\\\/?p=6004#primaryimage\"},\"thumbnailUrl\":\"https:\\\/\\\/radiomars.ma\\\/fr\\\/wp-content\\\/uploads\\\/2026\\\/09\\\/Nouveau-projet-13.jpg\",\"articleSection\":{\"0\":\"\u00c9QUIPES NATIONALES\",\"1\":\"flash\",\"2\":\"L'INTERNATIONALE\",\"4\":\"NOS LIONS\",\"5\":\"slider\"},\"inLanguage\":\"fr-FR\",\"potentialAction\":[{\"@type\":\"CommentAction\",\"name\":\"Comment\",\"target\":[\"https:\\\/\\\/radiomars.ma\\\/fr\\\/?p=6004#respond\"]}]},{\"@type\":\"WebPage\",\"@id\":\"https:\\\/\\\/radiomars.ma\\\/fr\\\/?p=6004\",\"url\":\"https:\\\/\\\/radiomars.ma\\\/fr\\\/?p=6004\",\"name\":\"Ebnoutalib, un avenir international tr\u00e8s convoit\u00e9 - RADIOMARS\",\"isPartOf\":{\"@id\":\"https:\\\/\\\/radiomars.ma\\\/fr\\\/#website\"},\"primaryImageOfPage\":{\"@id\":\"https:\\\/\\\/radiomars.ma\\\/fr\\\/?p=6004#primaryimage\"},\"image\":{\"@id\":\"https:\\\/\\\/radiomars.ma\\\/fr\\\/?p=6004#primaryimage\"},\"thumbnailUrl\":\"https:\\\/\\\/radiomars.ma\\\/fr\\\/wp-content\\\/uploads\\\/2026\\\/09\\\/Nouveau-projet-13.jpg\",\"datePublished\":\"2026-09-03T10:41:42+00:00\",\"author\":{\"@id\":\"https:\\\/\\\/radiomars.ma\\\/fr\\\/#\\\/schema\\\/person\\\/a9698f3d532a66af8bdf55eab142d882\"},\"breadcrumb\":{\"@id\":\"https:\\\/\\\/radiomars.ma\\\/fr\\\/?p=6004#breadcrumb\"},\"inLanguage\":\"fr-FR\",\"potentialAction\":[{\"@type\":\"ReadAction\",\"target\":[\"https:\\\/\\\/radiomars.ma\\\/fr\\\/?p=6004\"]}]},{\"@type\":\"ImageObject\",\"inLanguage\":\"fr-FR\",\"@id\":\"https:\\\/\\\/radiomars.ma\\\/fr\\\/?p=6004#primaryimage\",\"url\":\"https:\\\/\\\/radiomars.ma\\\/fr\\\/wp-content\\\/uploads\\\/2026\\\/09\\\/Nouveau-projet-13.jpg\",\"contentUrl\":\"https:\\\/\\\/radiomars.ma\\\/fr\\\/wp-content\\\/uploads\\\/2026\\\/09\\\/Nouveau-projet-13.jpg\",\"width\":1280,\"height\":720},{\"@type\":\"BreadcrumbList\",\"@id\":\"https:\\\/\\\/radiomars.ma\\\/fr\\\/?p=6004#breadcrumb\",\"itemListElement\":[{\"@type\":\"ListItem\",\"position\":1,\"name\":\"Accueil\",\"item\":\"https:\\\/\\\/radiomars.ma\\\/fr\\\/\"},{\"@type\":\"ListItem\",\"position\":2,\"name\":\"Ebnoutalib, un avenir international tr\u00e8s convoit\u00e9\"}]},{\"@type\":\"WebSite\",\"@id\":\"https:\\\/\\\/radiomars.ma\\\/fr\\\/#website\",\"url\":\"https:\\\/\\\/radiomars.ma\\\/fr\\\/\",\"name\":\"RADIOMARS\",\"description\":\"\",\"potentialAction\":[{\"@type\":\"SearchAction\",\"target\":{\"@type\":\"EntryPoint\",\"urlTemplate\":\"https:\\\/\\\/radiomars.ma\\\/fr\\\/?s={search_term_string}\"},\"query-input\":{\"@type\":\"PropertyValueSpecification\",\"valueRequired\":true,\"valueName\":\"search_term_string\"}}],\"inLanguage\":\"fr-FR\"},{\"@type\":\"Person\",\"@id\":\"https:\\\/\\\/radiomars.ma\\\/fr\\\/#\\\/schema\\\/person\\\/a9698f3d532a66af8bdf55eab142d882\",\"name\":\"Nourhane HAROUI\",\"image\":{\"@type\":\"ImageObject\",\"inLanguage\":\"fr-FR\",\"@id\":\"https:\\\/\\\/secure.gravatar.com\\\/avatar\\\/41ccbb44b460ffd178bfba847ebd4a97d9314423310ed4f27289588b156b2e4f?s=96&d=mm&r=g\",\"url\":\"https:\\\/\\\/secure.gravatar.com\\\/avatar\\\/41ccbb44b460ffd178bfba847ebd4a97d9314423310ed4f27289588b156b2e4f?s=96&d=mm&r=g\",\"contentUrl\":\"https:\\\/\\\/secure.gravatar.com\\\/avatar\\\/41ccbb44b460ffd178bfba847ebd4a97d9314423310ed4f27289588b156b2e4f?s=96&d=mm&r=g\",\"caption\":\"Nourhane HAROUI\"},\"url\":\"https:\\\/\\\/radiomars.ma\\\/fr\\\/?author=13\"}]}<\/script>\n<!-- \/ Yoast SEO plugin. -->","yoast_head_json":{"title":"Ebnoutalib, un avenir international tr\u00e8s convoit\u00e9 - RADIOMARS","robots":{"index":"index","follow":"follow","max-snippet":"max-snippet:-1","max-image-preview":"max-image-preview:large","max-video-preview":"max-video-preview:-1"},"canonical":"https:\/\/radiomars.ma\/fr\/?p=6004","og_locale":"fr_FR","og_type":"article","og_title":"Ebnoutalib, un avenir international tr\u00e8s convoit\u00e9 - RADIOMARS","og_description":"Il y a encore 18 mois, il jouait en quatri\u00e8me division allemande. Aujourd\u2019hui, Younes Ebnoutalib se retrouve au c\u0153ur d\u2019un duel entre le Maroc et l\u2019Allemagne. \u00c0 22 ans, l\u2019attaquant de l\u2019Eintracht Francfort explose en Bundesliga. Pour son premier match de championnat cette saison, il a frapp\u00e9 tr\u00e8s fort avec un tripl\u00e9 face \u00e0 l\u2019Union [&hellip;]","og_url":"https:\/\/radiomars.ma\/fr\/?p=6004","og_site_name":"RADIOMARS","article_published_time":"2026-09-03T10:41:42+00:00","og_image":[{"width":1280,"height":720,"url":"https:\/\/radiomars.ma\/fr\/wp-content\/uploads\/2026\/09\/Nouveau-projet-13.jpg","type":"image\/jpeg"}],"author":"Nourhane HAROUI","twitter_card":"summary_large_image","twitter_misc":{"\u00c9crit par":"Nourhane HAROUI","Dur\u00e9e de lecture estim\u00e9e":"2 minutes"},"schema":{"@context":"https:\/\/schema.org","@graph":[{"@type":"Article","@id":"https:\/\/radiomars.ma\/fr\/?p=6004#article","isPartOf":{"@id":"https:\/\/radiomars.ma\/fr\/?p=6004"},"author":{"name":"Nourhane HAROUI","@id":"https:\/\/radiomars.ma\/fr\/#\/schema\/person\/a9698f3d532a66af8bdf55eab142d882"},"headline":"Ebnoutalib, un avenir international tr\u00e8s convoit\u00e9","datePublished":"2026-09-03T10:41:42+00:00","mainEntityOfPage":{"@id":"https:\/\/radiomars.ma\/fr\/?p=6004"},"wordCount":312,"commentCount":0,"image":{"@id":"https:\/\/radiomars.ma\/fr\/?p=6004#primaryimage"},"thumbnailUrl":"https:\/\/radiomars.ma\/fr\/wp-content\/uploads\/2026\/09\/Nouveau-projet-13.jpg","articleSection":{"0":"\u00c9QUIPES NATIONALES","1":"flash","2":"L'INTERNATIONALE","4":"NOS LIONS","5":"slider"},"inLanguage":"fr-FR","potentialAction":[{"@type":"CommentAction","name":"Comment","target":["https:\/\/radiomars.ma\/fr\/?p=6004#respond"]}]},{"@type":"WebPage","@id":"https:\/\/radiomars.ma\/fr\/?p=6004","url":"https:\/\/radiomars.ma\/fr\/?p=6004","name":"Ebnoutalib, un avenir international tr\u00e8s convoit\u00e9 - RADIOMARS","isPartOf":{"@id":"https:\/\/radiomars.ma\/fr\/#website"},"primaryImageOfPage":{"@id":"https:\/\/radiomars.ma\/fr\/?p=6004#primaryimage"},"image":{"@id":"https:\/\/radiomars.ma\/fr\/?p=6004#primaryimage"},"thumbnailUrl":"https:\/\/radiomars.ma\/fr\/wp-content\/uploads\/2026\/09\/Nouveau-projet-13.jpg","datePublished":"2026-09-03T10:41:42+00:00","author":{"@id":"https:\/\/radiomars.ma\/fr\/#\/schema\/person\/a9698f3d532a66af8bdf55eab142d882"},"breadcrumb":{"@id":"https:\/\/radiomars.ma\/fr\/?p=6004#breadcrumb"},"inLanguage":"fr-FR","potentialAction":[{"@type":"ReadAction","target":["https:\/\/radiomars.ma\/fr\/?p=6004"]}]},{"@type":"ImageObject","inLanguage":"fr-FR","@id":"https:\/\/radiomars.ma\/fr\/?p=6004#primaryimage","url":"https:\/\/radiomars.ma\/fr\/wp-content\/uploads\/2026\/09\/Nouveau-projet-13.jpg","contentUrl":"https:\/\/radiomars.ma\/fr\/wp-content\/uploads\/2026\/09\/Nouveau-projet-13.jpg","width":1280,"height":720},{"@type":"BreadcrumbList","@id":"https:\/\/radiomars.ma\/fr\/?p=6004#breadcrumb","itemListElement":[{"@type":"ListItem","position":1,"name":"Accueil","item":"https:\/\/radiomars.ma\/fr\/"},{"@type":"ListItem","position":2,"name":"Ebnoutalib, un avenir international tr\u00e8s convoit\u00e9"}]},{"@type":"WebSite","@id":"https:\/\/radiomars.ma\/fr\/#website","url":"https:\/\/radiomars.ma\/fr\/","name":"RADIOMARS","description":"","potentialAction":[{"@type":"SearchAction","target":{"@type":"EntryPoint","urlTemplate":"https:\/\/radiomars.ma\/fr\/?s={search_term_string}"},"query-input":{"@type":"PropertyValueSpecification","valueRequired":true,"valueName":"search_term_string"}}],"inLanguage":"fr-FR"},{"@type":"Person","@id":"https:\/\/radiomars.ma\/fr\/#\/schema\/person\/a9698f3d532a66af8bdf55eab142d882","name":"Nourhane HAROUI","image":{"@type":"ImageObject","inLanguage":"fr-FR","@id":"https:\/\/secure.gravatar.com\/avatar\/41ccbb44b460ffd178bfba847ebd4a97d9314423310ed4f27289588b156b2e4f?s=96&d=mm&r=g","url":"https:\/\/secure.gravatar.com\/avatar\/41ccbb44b460ffd178bfba847ebd4a97d9314423310ed4f27289588b156b2e4f?s=96&d=mm&r=g","contentUrl":"https:\/\/secure.gravatar.com\/avatar\/41ccbb44b460ffd178bfba847ebd4a97d9314423310ed4f27289588b156b2e4f?s=96&d=mm&r=g","caption":"Nourhane HAROUI"},"url":"https:\/\/radiomars.ma\/fr\/?author=13"}]}},"_links":{"self":[{"href":"https:\/\/radiomars.ma\/fr\/index.php?rest_route=\/wp\/v2\/posts\/6004","targetHints":{"allow":["GET"]}}],"collection":[{"href":"https:\/\/radiomars.ma\/fr\/index.php?rest_route=\/wp\/v2\/posts"}],"about":[{"href":"https:\/\/radiomars.ma\/fr\/index.php?rest_route=\/wp\/v2\/types\/post"}],"author":[{"embeddable":true,"href":"https:\/\/radiomars.ma\/fr\/index.php?rest_route=\/wp\/v2\/users\/13"}],"replies":[{"embeddable":true,"href":"https:\/\/radiomars.ma\/fr\/index.php?rest_route=%2Fwp%2Fv2%2Fcomments&post=6004"}],"version-history":[{"count":1,"href":"https:\/\/radiomars.ma\/fr\/index.php?rest_route=\/wp\/v2\/posts\/6004\/revisions"}],"predecessor-version":[{"id":6007,"href":"https:\/\/radiomars.ma\/fr\/index.php?rest_route=\/wp\/v2\/posts\/6004\/revisions\/6007"}],"wp:featuredmedia":[{"embeddable":true,"href":"https:\/\/radiomars.ma\/fr\/index.php?rest_route=\/wp\/v2\/media\/6006"}],"wp:attachment":[{"href":"https:\/\/radiomars.ma\/fr\/index.php?rest_route=%2Fwp%2Fv2%2Fmedia&parent=6004"}],"wp:term":[{"taxonomy":"category","embeddable":true,"href":"https:\/\/radiomars.ma\/fr\/index.php?rest_route=%2Fwp%2Fv2%2Fcategories&post=6004"},{"taxonomy":"post_tag","embeddable":true,"href":"https:\/\/radiomars.ma\/fr\/index.php?rest_route=%2Fwp%2Fv2%2Ftags&post=6004"}],"curies":[{"name":"wp","href":"https:\/\/api.w.org\/{rel}","templated":true}]}}