{"id":6008,"date":"2026-09-03T12:40:52","date_gmt":"2026-09-03T10:40:52","guid":{"rendered":"https:\/\/radiomars.ma\/fr\/?p=6008"},"modified":"2026-09-03T12:41:15","modified_gmt":"2026-09-03T10:41:15","slug":"aubameyang-ils-mont-humilie-et-sali","status":"publish","type":"post","link":"https:\/\/radiomars.ma\/fr\/?p=6008","title":{"rendered":"Aubameyang : \u00ab Ils m\u2019ont humili\u00e9 et sali \u00bb"},"content":{"rendered":"<p class=\"isSelectedEnd\"><strong>Pierre-Emerick Aubameyang prend ses distances avec le Gabon. Le capitaine des Panth\u00e8res a annonc\u00e9 sa d\u00e9cision de se mettre en retrait de la s\u00e9lection, quelques mois apr\u00e8s une CAN 2025 particuli\u00e8rement difficile pour son \u00e9quipe.<\/strong><\/p>\n<p class=\"isSelectedEnd\">Le Gabon avait quitt\u00e9 la comp\u00e9tition d\u00e8s la phase de groupes apr\u00e8s trois d\u00e9faites. Dans la foul\u00e9e, le gouvernement gabonais avait annonc\u00e9 la suspension de l\u2019\u00e9quipe nationale et la mise \u00e0 l\u2019\u00e9cart d\u2019Aubameyang et de Bruno Ecuele Manga. Des mesures finalement lev\u00e9es quelques jours plus tard.<\/p>\n<p class=\"isSelectedEnd\">Mais l\u2019\u00e9pisode a laiss\u00e9 des traces. Invit\u00e9 de l\u2019\u00e9mission <em>Talents d\u2019Afrique<\/em>, Aubameyang est revenu sur cette p\u00e9riode : \u00ab Ils m\u2019ont humili\u00e9 et sali alors que j\u2019avais jou\u00e9 la CAN en \u00e9tant bless\u00e9. C\u2019est la goutte d\u2019eau qui a fait d\u00e9border le vase et je pr\u00e9f\u00e8re m\u2019arr\u00eater l\u00e0. \u00bb<\/p>\n<p>\u00c0 37 ans, le meilleur buteur de l\u2019histoire de la s\u00e9lection gabonaise, avec 40 r\u00e9alisations, pr\u00e9f\u00e8re donc prendre du recul. Aubameyang avait d\u00e9j\u00e0 annonc\u00e9 sa retraite internationale en 2022, avant de revenir chez les Panth\u00e8res un an plus tard.<\/p>\n","protected":false},"excerpt":{"rendered":"<p>Pierre-Emerick Aubameyang prend ses distances avec le Gabon. Le capitaine des Panth\u00e8res a annonc\u00e9 sa d\u00e9cision de se mettre en retrait de la s\u00e9lection, quelques mois apr\u00e8s une CAN 2025 particuli\u00e8rement difficile pour son \u00e9quipe. Le Gabon avait quitt\u00e9 la comp\u00e9tition d\u00e8s la phase de groupes apr\u00e8s trois d\u00e9faites. Dans la foul\u00e9e, le gouvernement gabonais [&hellip;]<\/p>\n","protected":false},"author":13,"featured_media":6009,"comment_status":"open","ping_status":"open","sticky":false,"template":"","format":"standard","meta":{"footnotes":""},"categories":[52,33,48],"tags":[],"class_list":["post-6008","post","type-post","status-publish","format-standard","has-post-thumbnail","category-flash","category-linternationales","category-slider"],"yoast_head":"<!-- This site is optimized with the Yoast SEO plugin v27.6 - https:\/\/yoast.com\/product\/yoast-seo-wordpress\/ -->\n<title>Aubameyang : \u00ab Ils m\u2019ont humili\u00e9 et sali \u00bb - RADIOMARS<\/title>\n<meta name=\"robots\" content=\"index, follow, max-snippet:-1, max-image-preview:large, max-video-preview:-1\" \/>\n<link rel=\"canonical\" href=\"https:\/\/radiomars.ma\/fr\/?p=6008\" \/>\n<meta property=\"og:locale\" content=\"fr_FR\" \/>\n<meta property=\"og:type\" content=\"article\" \/>\n<meta property=\"og:title\" content=\"Aubameyang : \u00ab Ils m\u2019ont humili\u00e9 et sali \u00bb - RADIOMARS\" \/>\n<meta property=\"og:description\" content=\"Pierre-Emerick Aubameyang prend ses distances avec le Gabon. Le capitaine des Panth\u00e8res a annonc\u00e9 sa d\u00e9cision de se mettre en retrait de la s\u00e9lection, quelques mois apr\u00e8s une CAN 2025 particuli\u00e8rement difficile pour son \u00e9quipe. Le Gabon avait quitt\u00e9 la comp\u00e9tition d\u00e8s la phase de groupes apr\u00e8s trois d\u00e9faites. Dans la foul\u00e9e, le gouvernement gabonais [&hellip;]\" \/>\n<meta property=\"og:url\" content=\"https:\/\/radiomars.ma\/fr\/?p=6008\" \/>\n<meta property=\"og:site_name\" content=\"RADIOMARS\" \/>\n<meta property=\"article:published_time\" content=\"2026-09-03T10:40:52+00:00\" \/>\n<meta property=\"article:modified_time\" content=\"2026-09-03T10:41:15+00:00\" \/>\n<meta property=\"og:image\" content=\"https:\/\/radiomars.ma\/fr\/wp-content\/uploads\/2026\/09\/HRN6P8QXsAAT7Aq.jpeg\" \/>\n\t<meta property=\"og:image:width\" content=\"2074\" \/>\n\t<meta property=\"og:image:height\" content=\"2074\" \/>\n\t<meta property=\"og:image:type\" content=\"image\/jpeg\" \/>\n<meta name=\"author\" content=\"Nourhane HAROUI\" \/>\n<meta name=\"twitter:card\" content=\"summary_large_image\" \/>\n<meta name=\"twitter:label1\" content=\"\u00c9crit par\" \/>\n\t<meta name=\"twitter:data1\" content=\"Nourhane HAROUI\" \/>\n\t<meta name=\"twitter:label2\" content=\"Dur\u00e9e de lecture estim\u00e9e\" \/>\n\t<meta name=\"twitter:data2\" content=\"2 minutes\" \/>\n<script type=\"application\/ld+json\" class=\"yoast-schema-graph\">{\"@context\":\"https:\\\/\\\/schema.org\",\"@graph\":[{\"@type\":\"Article\",\"@id\":\"https:\\\/\\\/radiomars.ma\\\/fr\\\/?p=6008#article\",\"isPartOf\":{\"@id\":\"https:\\\/\\\/radiomars.ma\\\/fr\\\/?p=6008\"},\"author\":{\"name\":\"Nourhane HAROUI\",\"@id\":\"https:\\\/\\\/radiomars.ma\\\/fr\\\/#\\\/schema\\\/person\\\/a9698f3d532a66af8bdf55eab142d882\"},\"headline\":\"Aubameyang : \u00ab Ils m\u2019ont humili\u00e9 et sali \u00bb\",\"datePublished\":\"2026-09-03T10:40:52+00:00\",\"dateModified\":\"2026-09-03T10:41:15+00:00\",\"mainEntityOfPage\":{\"@id\":\"https:\\\/\\\/radiomars.ma\\\/fr\\\/?p=6008\"},\"wordCount\":201,\"commentCount\":0,\"image\":{\"@id\":\"https:\\\/\\\/radiomars.ma\\\/fr\\\/?p=6008#primaryimage\"},\"thumbnailUrl\":\"https:\\\/\\\/radiomars.ma\\\/fr\\\/wp-content\\\/uploads\\\/2026\\\/09\\\/HRN6P8QXsAAT7Aq.jpeg\",\"articleSection\":[\"flash\",\"L'INTERNATIONALE\",\"slider\"],\"inLanguage\":\"fr-FR\",\"potentialAction\":[{\"@type\":\"CommentAction\",\"name\":\"Comment\",\"target\":[\"https:\\\/\\\/radiomars.ma\\\/fr\\\/?p=6008#respond\"]}]},{\"@type\":\"WebPage\",\"@id\":\"https:\\\/\\\/radiomars.ma\\\/fr\\\/?p=6008\",\"url\":\"https:\\\/\\\/radiomars.ma\\\/fr\\\/?p=6008\",\"name\":\"Aubameyang : \u00ab Ils m\u2019ont humili\u00e9 et sali \u00bb - RADIOMARS\",\"isPartOf\":{\"@id\":\"https:\\\/\\\/radiomars.ma\\\/fr\\\/#website\"},\"primaryImageOfPage\":{\"@id\":\"https:\\\/\\\/radiomars.ma\\\/fr\\\/?p=6008#primaryimage\"},\"image\":{\"@id\":\"https:\\\/\\\/radiomars.ma\\\/fr\\\/?p=6008#primaryimage\"},\"thumbnailUrl\":\"https:\\\/\\\/radiomars.ma\\\/fr\\\/wp-content\\\/uploads\\\/2026\\\/09\\\/HRN6P8QXsAAT7Aq.jpeg\",\"datePublished\":\"2026-09-03T10:40:52+00:00\",\"dateModified\":\"2026-09-03T10:41:15+00:00\",\"author\":{\"@id\":\"https:\\\/\\\/radiomars.ma\\\/fr\\\/#\\\/schema\\\/person\\\/a9698f3d532a66af8bdf55eab142d882\"},\"breadcrumb\":{\"@id\":\"https:\\\/\\\/radiomars.ma\\\/fr\\\/?p=6008#breadcrumb\"},\"inLanguage\":\"fr-FR\",\"potentialAction\":[{\"@type\":\"ReadAction\",\"target\":[\"https:\\\/\\\/radiomars.ma\\\/fr\\\/?p=6008\"]}]},{\"@type\":\"ImageObject\",\"inLanguage\":\"fr-FR\",\"@id\":\"https:\\\/\\\/radiomars.ma\\\/fr\\\/?p=6008#primaryimage\",\"url\":\"https:\\\/\\\/radiomars.ma\\\/fr\\\/wp-content\\\/uploads\\\/2026\\\/09\\\/HRN6P8QXsAAT7Aq.jpeg\",\"contentUrl\":\"https:\\\/\\\/radiomars.ma\\\/fr\\\/wp-content\\\/uploads\\\/2026\\\/09\\\/HRN6P8QXsAAT7Aq.jpeg\",\"width\":2074,\"height\":2074},{\"@type\":\"BreadcrumbList\",\"@id\":\"https:\\\/\\\/radiomars.ma\\\/fr\\\/?p=6008#breadcrumb\",\"itemListElement\":[{\"@type\":\"ListItem\",\"position\":1,\"name\":\"Accueil\",\"item\":\"https:\\\/\\\/radiomars.ma\\\/fr\\\/\"},{\"@type\":\"ListItem\",\"position\":2,\"name\":\"Aubameyang : \u00ab Ils m\u2019ont humili\u00e9 et sali \u00bb\"}]},{\"@type\":\"WebSite\",\"@id\":\"https:\\\/\\\/radiomars.ma\\\/fr\\\/#website\",\"url\":\"https:\\\/\\\/radiomars.ma\\\/fr\\\/\",\"name\":\"RADIOMARS\",\"description\":\"\",\"potentialAction\":[{\"@type\":\"SearchAction\",\"target\":{\"@type\":\"EntryPoint\",\"urlTemplate\":\"https:\\\/\\\/radiomars.ma\\\/fr\\\/?s={search_term_string}\"},\"query-input\":{\"@type\":\"PropertyValueSpecification\",\"valueRequired\":true,\"valueName\":\"search_term_string\"}}],\"inLanguage\":\"fr-FR\"},{\"@type\":\"Person\",\"@id\":\"https:\\\/\\\/radiomars.ma\\\/fr\\\/#\\\/schema\\\/person\\\/a9698f3d532a66af8bdf55eab142d882\",\"name\":\"Nourhane HAROUI\",\"image\":{\"@type\":\"ImageObject\",\"inLanguage\":\"fr-FR\",\"@id\":\"https:\\\/\\\/secure.gravatar.com\\\/avatar\\\/41ccbb44b460ffd178bfba847ebd4a97d9314423310ed4f27289588b156b2e4f?s=96&d=mm&r=g\",\"url\":\"https:\\\/\\\/secure.gravatar.com\\\/avatar\\\/41ccbb44b460ffd178bfba847ebd4a97d9314423310ed4f27289588b156b2e4f?s=96&d=mm&r=g\",\"contentUrl\":\"https:\\\/\\\/secure.gravatar.com\\\/avatar\\\/41ccbb44b460ffd178bfba847ebd4a97d9314423310ed4f27289588b156b2e4f?s=96&d=mm&r=g\",\"caption\":\"Nourhane HAROUI\"},\"url\":\"https:\\\/\\\/radiomars.ma\\\/fr\\\/?author=13\"}]}<\/script>\n<!-- \/ Yoast SEO plugin. -->","yoast_head_json":{"title":"Aubameyang : \u00ab Ils m\u2019ont humili\u00e9 et sali \u00bb - RADIOMARS","robots":{"index":"index","follow":"follow","max-snippet":"max-snippet:-1","max-image-preview":"max-image-preview:large","max-video-preview":"max-video-preview:-1"},"canonical":"https:\/\/radiomars.ma\/fr\/?p=6008","og_locale":"fr_FR","og_type":"article","og_title":"Aubameyang : \u00ab Ils m\u2019ont humili\u00e9 et sali \u00bb - RADIOMARS","og_description":"Pierre-Emerick Aubameyang prend ses distances avec le Gabon. Le capitaine des Panth\u00e8res a annonc\u00e9 sa d\u00e9cision de se mettre en retrait de la s\u00e9lection, quelques mois apr\u00e8s une CAN 2025 particuli\u00e8rement difficile pour son \u00e9quipe. Le Gabon avait quitt\u00e9 la comp\u00e9tition d\u00e8s la phase de groupes apr\u00e8s trois d\u00e9faites. Dans la foul\u00e9e, le gouvernement gabonais [&hellip;]","og_url":"https:\/\/radiomars.ma\/fr\/?p=6008","og_site_name":"RADIOMARS","article_published_time":"2026-09-03T10:40:52+00:00","article_modified_time":"2026-09-03T10:41:15+00:00","og_image":[{"width":2074,"height":2074,"url":"https:\/\/radiomars.ma\/fr\/wp-content\/uploads\/2026\/09\/HRN6P8QXsAAT7Aq.jpeg","type":"image\/jpeg"}],"author":"Nourhane HAROUI","twitter_card":"summary_large_image","twitter_misc":{"\u00c9crit par":"Nourhane HAROUI","Dur\u00e9e de lecture estim\u00e9e":"2 minutes"},"schema":{"@context":"https:\/\/schema.org","@graph":[{"@type":"Article","@id":"https:\/\/radiomars.ma\/fr\/?p=6008#article","isPartOf":{"@id":"https:\/\/radiomars.ma\/fr\/?p=6008"},"author":{"name":"Nourhane HAROUI","@id":"https:\/\/radiomars.ma\/fr\/#\/schema\/person\/a9698f3d532a66af8bdf55eab142d882"},"headline":"Aubameyang : \u00ab Ils m\u2019ont humili\u00e9 et sali \u00bb","datePublished":"2026-09-03T10:40:52+00:00","dateModified":"2026-09-03T10:41:15+00:00","mainEntityOfPage":{"@id":"https:\/\/radiomars.ma\/fr\/?p=6008"},"wordCount":201,"commentCount":0,"image":{"@id":"https:\/\/radiomars.ma\/fr\/?p=6008#primaryimage"},"thumbnailUrl":"https:\/\/radiomars.ma\/fr\/wp-content\/uploads\/2026\/09\/HRN6P8QXsAAT7Aq.jpeg","articleSection":["flash","L'INTERNATIONALE","slider"],"inLanguage":"fr-FR","potentialAction":[{"@type":"CommentAction","name":"Comment","target":["https:\/\/radiomars.ma\/fr\/?p=6008#respond"]}]},{"@type":"WebPage","@id":"https:\/\/radiomars.ma\/fr\/?p=6008","url":"https:\/\/radiomars.ma\/fr\/?p=6008","name":"Aubameyang : \u00ab Ils m\u2019ont humili\u00e9 et sali \u00bb - RADIOMARS","isPartOf":{"@id":"https:\/\/radiomars.ma\/fr\/#website"},"primaryImageOfPage":{"@id":"https:\/\/radiomars.ma\/fr\/?p=6008#primaryimage"},"image":{"@id":"https:\/\/radiomars.ma\/fr\/?p=6008#primaryimage"},"thumbnailUrl":"https:\/\/radiomars.ma\/fr\/wp-content\/uploads\/2026\/09\/HRN6P8QXsAAT7Aq.jpeg","datePublished":"2026-09-03T10:40:52+00:00","dateModified":"2026-09-03T10:41:15+00:00","author":{"@id":"https:\/\/radiomars.ma\/fr\/#\/schema\/person\/a9698f3d532a66af8bdf55eab142d882"},"breadcrumb":{"@id":"https:\/\/radiomars.ma\/fr\/?p=6008#breadcrumb"},"inLanguage":"fr-FR","potentialAction":[{"@type":"ReadAction","target":["https:\/\/radiomars.ma\/fr\/?p=6008"]}]},{"@type":"ImageObject","inLanguage":"fr-FR","@id":"https:\/\/radiomars.ma\/fr\/?p=6008#primaryimage","url":"https:\/\/radiomars.ma\/fr\/wp-content\/uploads\/2026\/09\/HRN6P8QXsAAT7Aq.jpeg","contentUrl":"https:\/\/radiomars.ma\/fr\/wp-content\/uploads\/2026\/09\/HRN6P8QXsAAT7Aq.jpeg","width":2074,"height":2074},{"@type":"BreadcrumbList","@id":"https:\/\/radiomars.ma\/fr\/?p=6008#breadcrumb","itemListElement":[{"@type":"ListItem","position":1,"name":"Accueil","item":"https:\/\/radiomars.ma\/fr\/"},{"@type":"ListItem","position":2,"name":"Aubameyang : \u00ab Ils m\u2019ont humili\u00e9 et sali \u00bb"}]},{"@type":"WebSite","@id":"https:\/\/radiomars.ma\/fr\/#website","url":"https:\/\/radiomars.ma\/fr\/","name":"RADIOMARS","description":"","potentialAction":[{"@type":"SearchAction","target":{"@type":"EntryPoint","urlTemplate":"https:\/\/radiomars.ma\/fr\/?s={search_term_string}"},"query-input":{"@type":"PropertyValueSpecification","valueRequired":true,"valueName":"search_term_string"}}],"inLanguage":"fr-FR"},{"@type":"Person","@id":"https:\/\/radiomars.ma\/fr\/#\/schema\/person\/a9698f3d532a66af8bdf55eab142d882","name":"Nourhane HAROUI","image":{"@type":"ImageObject","inLanguage":"fr-FR","@id":"https:\/\/secure.gravatar.com\/avatar\/41ccbb44b460ffd178bfba847ebd4a97d9314423310ed4f27289588b156b2e4f?s=96&d=mm&r=g","url":"https:\/\/secure.gravatar.com\/avatar\/41ccbb44b460ffd178bfba847ebd4a97d9314423310ed4f27289588b156b2e4f?s=96&d=mm&r=g","contentUrl":"https:\/\/secure.gravatar.com\/avatar\/41ccbb44b460ffd178bfba847ebd4a97d9314423310ed4f27289588b156b2e4f?s=96&d=mm&r=g","caption":"Nourhane HAROUI"},"url":"https:\/\/radiomars.ma\/fr\/?author=13"}]}},"_links":{"self":[{"href":"https:\/\/radiomars.ma\/fr\/index.php?rest_route=\/wp\/v2\/posts\/6008","targetHints":{"allow":["GET"]}}],"collection":[{"href":"https:\/\/radiomars.ma\/fr\/index.php?rest_route=\/wp\/v2\/posts"}],"about":[{"href":"https:\/\/radiomars.ma\/fr\/index.php?rest_route=\/wp\/v2\/types\/post"}],"author":[{"embeddable":true,"href":"https:\/\/radiomars.ma\/fr\/index.php?rest_route=\/wp\/v2\/users\/13"}],"replies":[{"embeddable":true,"href":"https:\/\/radiomars.ma\/fr\/index.php?rest_route=%2Fwp%2Fv2%2Fcomments&post=6008"}],"version-history":[{"count":1,"href":"https:\/\/radiomars.ma\/fr\/index.php?rest_route=\/wp\/v2\/posts\/6008\/revisions"}],"predecessor-version":[{"id":6010,"href":"https:\/\/radiomars.ma\/fr\/index.php?rest_route=\/wp\/v2\/posts\/6008\/revisions\/6010"}],"wp:featuredmedia":[{"embeddable":true,"href":"https:\/\/radiomars.ma\/fr\/index.php?rest_route=\/wp\/v2\/media\/6009"}],"wp:attachment":[{"href":"https:\/\/radiomars.ma\/fr\/index.php?rest_route=%2Fwp%2Fv2%2Fmedia&parent=6008"}],"wp:term":[{"taxonomy":"category","embeddable":true,"href":"https:\/\/radiomars.ma\/fr\/index.php?rest_route=%2Fwp%2Fv2%2Fcategories&post=6008"},{"taxonomy":"post_tag","embeddable":true,"href":"https:\/\/radiomars.ma\/fr\/index.php?rest_route=%2Fwp%2Fv2%2Ftags&post=6008"}],"curies":[{"name":"wp","href":"https:\/\/api.w.org\/{rel}","templated":true}]}}