{"id":6018,"date":"2026-09-03T14:29:11","date_gmt":"2026-09-03T12:29:11","guid":{"rendered":"https:\/\/radiomars.ma\/fr\/?p=6018"},"modified":"2026-09-03T14:29:11","modified_gmt":"2026-09-03T12:29:11","slug":"le-raja-en-deuil-deces-de-youari-pere-de-s-rahimi","status":"publish","type":"post","link":"https:\/\/radiomars.ma\/fr\/?p=6018","title":{"rendered":"Le Raja en deuil : d\u00e9c\u00e8s de \u00ab\u00a0Youari\u00a0\u00bb, p\u00e8re de S. Rahimi"},"content":{"rendered":"<p>El Haj Mohamed Rahimi, surnomm\u00e9 \u00ab Youari \u00bb (ou You3ri), est d\u00e9c\u00e9d\u00e9 ce jeudi 3 septembre 2026 apr\u00e8s avoir lutt\u00e9 contre une longue maladie. Il s&rsquo;est \u00e9teint \u00e0 l&rsquo;\u00e2ge de 82 ans. Le d\u00e9funt \u00e9tait le p\u00e8re de Sofiane Rahimi et de Houssine Rahimi.<\/p>\n<p>N\u00e9 \u00e0 Derb Sultan, quartier historique du Raja \u00e0 Casablanca, \u00ab Youari \u00bb fut dans sa jeunesse un gardien de but prometteur, rep\u00e9r\u00e9 par le staff technique du club sur la corniche d&rsquo;Ain Diab. Il rejoint ainsi le Raja comme gardien de but dans les ann\u00e9es soixante, avant qu&rsquo;un grave accident de la route ne mette pr\u00e9matur\u00e9ment fin \u00e0 sa carri\u00e8re de footballeur. Mais son amour inconditionnel pour le club ne lui permit jamais de s&rsquo;en \u00e9loigner.<\/p>\n<p>Il devint alors responsable du mat\u00e9riel et des \u00e9quipements du club, une mission qu&rsquo;il assumera pendant de longues d\u00e9cennies, traversant plusieurs g\u00e9n\u00e9rations de pr\u00e9sidents, d&rsquo;entra\u00eeneurs et de joueurs. Bien plus qu&rsquo;un simple employ\u00e9, il fut pour de nombreuses stars du Raja, hier comme aujourd&rsquo;hui, une v\u00e9ritable figure paternelle et un confident. Son domicile, situ\u00e9 au sein du complexe l&rsquo;Oasis, servit longtemps de refuge et de cantine pour de nombreux jeunes joueurs \u00e0 leurs d\u00e9buts.<\/p>\n<p>\u00ab Youari \u00bb a v\u00e9cu de pr\u00e8s les grandes heures du club, assistant notamment au sacre continental du Raja \u00e0 Oran, en Alg\u00e9rie, en 1989 \u2014 son tout premier titre africain \u2014 et est rest\u00e9 aux c\u00f4t\u00e9s de l&rsquo;\u00e9quipe jusqu&rsquo;\u00e0 ses derniers titres, avant de prendre sa retraite. Malgr\u00e9 son amour immense pour le club, la tension \u00e9tait parfois telle qu&rsquo;il ne pouvait suivre les matchs depuis les tribunes, pr\u00e9f\u00e9rant se r\u00e9fugier dans le vestiaire jusqu&rsquo;au coup de sifflet final.<\/p>\n<p>Son plus grand r\u00eave, voir ses fils porter le maillot du Raja, s&rsquo;est pleinement r\u00e9alis\u00e9 : Sofiane Rahimi s&rsquo;est impos\u00e9 comme l&rsquo;un des piliers du club avant de rejoindre le club \u00e9mirati d&rsquo;Al-Ain puis de briller avec l&rsquo;\u00e9quipe nationale, aux c\u00f4t\u00e9s de son fr\u00e8re Houssine Rahimi. Apr\u00e8s des d\u00e9cennies de d\u00e9vouement, le d\u00e9funt avait transmis le flambeau \u00e0 son fils a\u00een\u00e9, Amine Rahimi, qui a repris \u00e0 son tour cette m\u00eame mission au service du club casablancais.<\/p>\n<p>Rajaouis et Marocains s&rsquo;accordent \u00e0 voir en Haj Youari un mod\u00e8le vivant de fid\u00e9lit\u00e9, d&rsquo;abn\u00e9gation et d&rsquo;amour sinc\u00e8re pour les couleurs du club, lui qui a consacr\u00e9 toute sa vie au service du Raja.<\/p>\n","protected":false},"excerpt":{"rendered":"<p>El Haj Mohamed Rahimi, surnomm\u00e9 \u00ab Youari \u00bb (ou You3ri), est d\u00e9c\u00e9d\u00e9 ce jeudi 3 septembre 2026 apr\u00e8s avoir lutt\u00e9 contre une longue maladie. Il s&rsquo;est \u00e9teint \u00e0 l&rsquo;\u00e2ge de 82 ans. Le d\u00e9funt \u00e9tait le p\u00e8re de Sofiane Rahimi et de Houssine Rahimi. N\u00e9 \u00e0 Derb Sultan, quartier historique du Raja \u00e0 Casablanca, \u00ab [&hellip;]<\/p>\n","protected":false},"author":3,"featured_media":6019,"comment_status":"open","ping_status":"open","sticky":false,"template":"","format":"standard","meta":{"footnotes":""},"categories":[15,16,52,31,45,48],"tags":[1104,456],"class_list":["post-6018","post","type-post","status-publish","format-standard","has-post-thumbnail","category-botola-pro","category-d1","category-flash","category-nos-lions","category-series","category-slider","tag-haj-youari","tag-soufiane-rahimi"],"yoast_head":"<!-- This site is optimized with the Yoast SEO plugin v27.6 - https:\/\/yoast.com\/product\/yoast-seo-wordpress\/ -->\n<title>Le Raja en deuil : d\u00e9c\u00e8s de &quot;Youari&quot;, p\u00e8re de S. Rahimi - RADIOMARS<\/title>\n<meta name=\"robots\" content=\"index, follow, max-snippet:-1, max-image-preview:large, max-video-preview:-1\" \/>\n<link rel=\"canonical\" href=\"https:\/\/radiomars.ma\/fr\/?p=6018\" \/>\n<meta property=\"og:locale\" content=\"fr_FR\" \/>\n<meta property=\"og:type\" content=\"article\" \/>\n<meta property=\"og:title\" content=\"Le Raja en deuil : d\u00e9c\u00e8s de &quot;Youari&quot;, p\u00e8re de S. Rahimi - RADIOMARS\" \/>\n<meta property=\"og:description\" content=\"El Haj Mohamed Rahimi, surnomm\u00e9 \u00ab Youari \u00bb (ou You3ri), est d\u00e9c\u00e9d\u00e9 ce jeudi 3 septembre 2026 apr\u00e8s avoir lutt\u00e9 contre une longue maladie. Il s&rsquo;est \u00e9teint \u00e0 l&rsquo;\u00e2ge de 82 ans. Le d\u00e9funt \u00e9tait le p\u00e8re de Sofiane Rahimi et de Houssine Rahimi. N\u00e9 \u00e0 Derb Sultan, quartier historique du Raja \u00e0 Casablanca, \u00ab [&hellip;]\" \/>\n<meta property=\"og:url\" content=\"https:\/\/radiomars.ma\/fr\/?p=6018\" \/>\n<meta property=\"og:site_name\" content=\"RADIOMARS\" \/>\n<meta property=\"article:published_time\" content=\"2026-09-03T12:29:11+00:00\" \/>\n<meta property=\"og:image\" content=\"https:\/\/radiomars.ma\/fr\/wp-content\/uploads\/2026\/09\/Youari.jpg\" \/>\n\t<meta property=\"og:image:width\" content=\"1200\" \/>\n\t<meta property=\"og:image:height\" content=\"600\" \/>\n\t<meta property=\"og:image:type\" content=\"image\/jpeg\" \/>\n<meta name=\"author\" content=\"Amine Birouk\" \/>\n<meta name=\"twitter:card\" content=\"summary_large_image\" \/>\n<meta name=\"twitter:label1\" content=\"\u00c9crit par\" \/>\n\t<meta name=\"twitter:data1\" content=\"Amine Birouk\" \/>\n\t<meta name=\"twitter:label2\" content=\"Dur\u00e9e de lecture estim\u00e9e\" \/>\n\t<meta name=\"twitter:data2\" content=\"3 minutes\" \/>\n<script type=\"application\/ld+json\" class=\"yoast-schema-graph\">{\"@context\":\"https:\\\/\\\/schema.org\",\"@graph\":[{\"@type\":\"Article\",\"@id\":\"https:\\\/\\\/radiomars.ma\\\/fr\\\/?p=6018#article\",\"isPartOf\":{\"@id\":\"https:\\\/\\\/radiomars.ma\\\/fr\\\/?p=6018\"},\"author\":{\"name\":\"Amine Birouk\",\"@id\":\"https:\\\/\\\/radiomars.ma\\\/fr\\\/#\\\/schema\\\/person\\\/3c84279e0c82d50196b7b9eaeb67f7df\"},\"headline\":\"Le Raja en deuil : d\u00e9c\u00e8s de \u00ab\u00a0Youari\u00a0\u00bb, p\u00e8re de S. Rahimi\",\"datePublished\":\"2026-09-03T12:29:11+00:00\",\"mainEntityOfPage\":{\"@id\":\"https:\\\/\\\/radiomars.ma\\\/fr\\\/?p=6018\"},\"wordCount\":441,\"commentCount\":0,\"image\":{\"@id\":\"https:\\\/\\\/radiomars.ma\\\/fr\\\/?p=6018#primaryimage\"},\"thumbnailUrl\":\"https:\\\/\\\/radiomars.ma\\\/fr\\\/wp-content\\\/uploads\\\/2026\\\/09\\\/Youari.jpg\",\"keywords\":[\"Haj Youari\",\"Soufiane Rahimi\"],\"articleSection\":[\"BOTOLA PRO\",\"D1\",\"flash\",\"NOS LIONS\",\"Series\",\"slider\"],\"inLanguage\":\"fr-FR\",\"potentialAction\":[{\"@type\":\"CommentAction\",\"name\":\"Comment\",\"target\":[\"https:\\\/\\\/radiomars.ma\\\/fr\\\/?p=6018#respond\"]}]},{\"@type\":\"WebPage\",\"@id\":\"https:\\\/\\\/radiomars.ma\\\/fr\\\/?p=6018\",\"url\":\"https:\\\/\\\/radiomars.ma\\\/fr\\\/?p=6018\",\"name\":\"Le Raja en deuil : d\u00e9c\u00e8s de \\\"Youari\\\", p\u00e8re de S. Rahimi - RADIOMARS\",\"isPartOf\":{\"@id\":\"https:\\\/\\\/radiomars.ma\\\/fr\\\/#website\"},\"primaryImageOfPage\":{\"@id\":\"https:\\\/\\\/radiomars.ma\\\/fr\\\/?p=6018#primaryimage\"},\"image\":{\"@id\":\"https:\\\/\\\/radiomars.ma\\\/fr\\\/?p=6018#primaryimage\"},\"thumbnailUrl\":\"https:\\\/\\\/radiomars.ma\\\/fr\\\/wp-content\\\/uploads\\\/2026\\\/09\\\/Youari.jpg\",\"datePublished\":\"2026-09-03T12:29:11+00:00\",\"author\":{\"@id\":\"https:\\\/\\\/radiomars.ma\\\/fr\\\/#\\\/schema\\\/person\\\/3c84279e0c82d50196b7b9eaeb67f7df\"},\"breadcrumb\":{\"@id\":\"https:\\\/\\\/radiomars.ma\\\/fr\\\/?p=6018#breadcrumb\"},\"inLanguage\":\"fr-FR\",\"potentialAction\":[{\"@type\":\"ReadAction\",\"target\":[\"https:\\\/\\\/radiomars.ma\\\/fr\\\/?p=6018\"]}]},{\"@type\":\"ImageObject\",\"inLanguage\":\"fr-FR\",\"@id\":\"https:\\\/\\\/radiomars.ma\\\/fr\\\/?p=6018#primaryimage\",\"url\":\"https:\\\/\\\/radiomars.ma\\\/fr\\\/wp-content\\\/uploads\\\/2026\\\/09\\\/Youari.jpg\",\"contentUrl\":\"https:\\\/\\\/radiomars.ma\\\/fr\\\/wp-content\\\/uploads\\\/2026\\\/09\\\/Youari.jpg\",\"width\":1200,\"height\":600},{\"@type\":\"BreadcrumbList\",\"@id\":\"https:\\\/\\\/radiomars.ma\\\/fr\\\/?p=6018#breadcrumb\",\"itemListElement\":[{\"@type\":\"ListItem\",\"position\":1,\"name\":\"Accueil\",\"item\":\"https:\\\/\\\/radiomars.ma\\\/fr\\\/\"},{\"@type\":\"ListItem\",\"position\":2,\"name\":\"Le Raja en deuil : d\u00e9c\u00e8s de \u00ab\u00a0Youari\u00a0\u00bb, p\u00e8re de S. Rahimi\"}]},{\"@type\":\"WebSite\",\"@id\":\"https:\\\/\\\/radiomars.ma\\\/fr\\\/#website\",\"url\":\"https:\\\/\\\/radiomars.ma\\\/fr\\\/\",\"name\":\"RADIOMARS\",\"description\":\"\",\"potentialAction\":[{\"@type\":\"SearchAction\",\"target\":{\"@type\":\"EntryPoint\",\"urlTemplate\":\"https:\\\/\\\/radiomars.ma\\\/fr\\\/?s={search_term_string}\"},\"query-input\":{\"@type\":\"PropertyValueSpecification\",\"valueRequired\":true,\"valueName\":\"search_term_string\"}}],\"inLanguage\":\"fr-FR\"},{\"@type\":\"Person\",\"@id\":\"https:\\\/\\\/radiomars.ma\\\/fr\\\/#\\\/schema\\\/person\\\/3c84279e0c82d50196b7b9eaeb67f7df\",\"name\":\"Amine Birouk\",\"image\":{\"@type\":\"ImageObject\",\"inLanguage\":\"fr-FR\",\"@id\":\"https:\\\/\\\/secure.gravatar.com\\\/avatar\\\/980362d30b99e5f165da95d8182ab3d998bbd98c95f5200d1e5670c03c19cb38?s=96&d=mm&r=g\",\"url\":\"https:\\\/\\\/secure.gravatar.com\\\/avatar\\\/980362d30b99e5f165da95d8182ab3d998bbd98c95f5200d1e5670c03c19cb38?s=96&d=mm&r=g\",\"contentUrl\":\"https:\\\/\\\/secure.gravatar.com\\\/avatar\\\/980362d30b99e5f165da95d8182ab3d998bbd98c95f5200d1e5670c03c19cb38?s=96&d=mm&r=g\",\"caption\":\"Amine Birouk\"},\"url\":\"https:\\\/\\\/radiomars.ma\\\/fr\\\/?author=3\"}]}<\/script>\n<!-- \/ Yoast SEO plugin. -->","yoast_head_json":{"title":"Le Raja en deuil : d\u00e9c\u00e8s de \"Youari\", p\u00e8re de S. Rahimi - RADIOMARS","robots":{"index":"index","follow":"follow","max-snippet":"max-snippet:-1","max-image-preview":"max-image-preview:large","max-video-preview":"max-video-preview:-1"},"canonical":"https:\/\/radiomars.ma\/fr\/?p=6018","og_locale":"fr_FR","og_type":"article","og_title":"Le Raja en deuil : d\u00e9c\u00e8s de \"Youari\", p\u00e8re de S. Rahimi - RADIOMARS","og_description":"El Haj Mohamed Rahimi, surnomm\u00e9 \u00ab Youari \u00bb (ou You3ri), est d\u00e9c\u00e9d\u00e9 ce jeudi 3 septembre 2026 apr\u00e8s avoir lutt\u00e9 contre une longue maladie. Il s&rsquo;est \u00e9teint \u00e0 l&rsquo;\u00e2ge de 82 ans. Le d\u00e9funt \u00e9tait le p\u00e8re de Sofiane Rahimi et de Houssine Rahimi. N\u00e9 \u00e0 Derb Sultan, quartier historique du Raja \u00e0 Casablanca, \u00ab [&hellip;]","og_url":"https:\/\/radiomars.ma\/fr\/?p=6018","og_site_name":"RADIOMARS","article_published_time":"2026-09-03T12:29:11+00:00","og_image":[{"width":1200,"height":600,"url":"https:\/\/radiomars.ma\/fr\/wp-content\/uploads\/2026\/09\/Youari.jpg","type":"image\/jpeg"}],"author":"Amine Birouk","twitter_card":"summary_large_image","twitter_misc":{"\u00c9crit par":"Amine Birouk","Dur\u00e9e de lecture estim\u00e9e":"3 minutes"},"schema":{"@context":"https:\/\/schema.org","@graph":[{"@type":"Article","@id":"https:\/\/radiomars.ma\/fr\/?p=6018#article","isPartOf":{"@id":"https:\/\/radiomars.ma\/fr\/?p=6018"},"author":{"name":"Amine Birouk","@id":"https:\/\/radiomars.ma\/fr\/#\/schema\/person\/3c84279e0c82d50196b7b9eaeb67f7df"},"headline":"Le Raja en deuil : d\u00e9c\u00e8s de \u00ab\u00a0Youari\u00a0\u00bb, p\u00e8re de S. Rahimi","datePublished":"2026-09-03T12:29:11+00:00","mainEntityOfPage":{"@id":"https:\/\/radiomars.ma\/fr\/?p=6018"},"wordCount":441,"commentCount":0,"image":{"@id":"https:\/\/radiomars.ma\/fr\/?p=6018#primaryimage"},"thumbnailUrl":"https:\/\/radiomars.ma\/fr\/wp-content\/uploads\/2026\/09\/Youari.jpg","keywords":["Haj Youari","Soufiane Rahimi"],"articleSection":["BOTOLA PRO","D1","flash","NOS LIONS","Series","slider"],"inLanguage":"fr-FR","potentialAction":[{"@type":"CommentAction","name":"Comment","target":["https:\/\/radiomars.ma\/fr\/?p=6018#respond"]}]},{"@type":"WebPage","@id":"https:\/\/radiomars.ma\/fr\/?p=6018","url":"https:\/\/radiomars.ma\/fr\/?p=6018","name":"Le Raja en deuil : d\u00e9c\u00e8s de \"Youari\", p\u00e8re de S. Rahimi - RADIOMARS","isPartOf":{"@id":"https:\/\/radiomars.ma\/fr\/#website"},"primaryImageOfPage":{"@id":"https:\/\/radiomars.ma\/fr\/?p=6018#primaryimage"},"image":{"@id":"https:\/\/radiomars.ma\/fr\/?p=6018#primaryimage"},"thumbnailUrl":"https:\/\/radiomars.ma\/fr\/wp-content\/uploads\/2026\/09\/Youari.jpg","datePublished":"2026-09-03T12:29:11+00:00","author":{"@id":"https:\/\/radiomars.ma\/fr\/#\/schema\/person\/3c84279e0c82d50196b7b9eaeb67f7df"},"breadcrumb":{"@id":"https:\/\/radiomars.ma\/fr\/?p=6018#breadcrumb"},"inLanguage":"fr-FR","potentialAction":[{"@type":"ReadAction","target":["https:\/\/radiomars.ma\/fr\/?p=6018"]}]},{"@type":"ImageObject","inLanguage":"fr-FR","@id":"https:\/\/radiomars.ma\/fr\/?p=6018#primaryimage","url":"https:\/\/radiomars.ma\/fr\/wp-content\/uploads\/2026\/09\/Youari.jpg","contentUrl":"https:\/\/radiomars.ma\/fr\/wp-content\/uploads\/2026\/09\/Youari.jpg","width":1200,"height":600},{"@type":"BreadcrumbList","@id":"https:\/\/radiomars.ma\/fr\/?p=6018#breadcrumb","itemListElement":[{"@type":"ListItem","position":1,"name":"Accueil","item":"https:\/\/radiomars.ma\/fr\/"},{"@type":"ListItem","position":2,"name":"Le Raja en deuil : d\u00e9c\u00e8s de \u00ab\u00a0Youari\u00a0\u00bb, p\u00e8re de S. Rahimi"}]},{"@type":"WebSite","@id":"https:\/\/radiomars.ma\/fr\/#website","url":"https:\/\/radiomars.ma\/fr\/","name":"RADIOMARS","description":"","potentialAction":[{"@type":"SearchAction","target":{"@type":"EntryPoint","urlTemplate":"https:\/\/radiomars.ma\/fr\/?s={search_term_string}"},"query-input":{"@type":"PropertyValueSpecification","valueRequired":true,"valueName":"search_term_string"}}],"inLanguage":"fr-FR"},{"@type":"Person","@id":"https:\/\/radiomars.ma\/fr\/#\/schema\/person\/3c84279e0c82d50196b7b9eaeb67f7df","name":"Amine Birouk","image":{"@type":"ImageObject","inLanguage":"fr-FR","@id":"https:\/\/secure.gravatar.com\/avatar\/980362d30b99e5f165da95d8182ab3d998bbd98c95f5200d1e5670c03c19cb38?s=96&d=mm&r=g","url":"https:\/\/secure.gravatar.com\/avatar\/980362d30b99e5f165da95d8182ab3d998bbd98c95f5200d1e5670c03c19cb38?s=96&d=mm&r=g","contentUrl":"https:\/\/secure.gravatar.com\/avatar\/980362d30b99e5f165da95d8182ab3d998bbd98c95f5200d1e5670c03c19cb38?s=96&d=mm&r=g","caption":"Amine Birouk"},"url":"https:\/\/radiomars.ma\/fr\/?author=3"}]}},"_links":{"self":[{"href":"https:\/\/radiomars.ma\/fr\/index.php?rest_route=\/wp\/v2\/posts\/6018","targetHints":{"allow":["GET"]}}],"collection":[{"href":"https:\/\/radiomars.ma\/fr\/index.php?rest_route=\/wp\/v2\/posts"}],"about":[{"href":"https:\/\/radiomars.ma\/fr\/index.php?rest_route=\/wp\/v2\/types\/post"}],"author":[{"embeddable":true,"href":"https:\/\/radiomars.ma\/fr\/index.php?rest_route=\/wp\/v2\/users\/3"}],"replies":[{"embeddable":true,"href":"https:\/\/radiomars.ma\/fr\/index.php?rest_route=%2Fwp%2Fv2%2Fcomments&post=6018"}],"version-history":[{"count":1,"href":"https:\/\/radiomars.ma\/fr\/index.php?rest_route=\/wp\/v2\/posts\/6018\/revisions"}],"predecessor-version":[{"id":6020,"href":"https:\/\/radiomars.ma\/fr\/index.php?rest_route=\/wp\/v2\/posts\/6018\/revisions\/6020"}],"wp:featuredmedia":[{"embeddable":true,"href":"https:\/\/radiomars.ma\/fr\/index.php?rest_route=\/wp\/v2\/media\/6019"}],"wp:attachment":[{"href":"https:\/\/radiomars.ma\/fr\/index.php?rest_route=%2Fwp%2Fv2%2Fmedia&parent=6018"}],"wp:term":[{"taxonomy":"category","embeddable":true,"href":"https:\/\/radiomars.ma\/fr\/index.php?rest_route=%2Fwp%2Fv2%2Fcategories&post=6018"},{"taxonomy":"post_tag","embeddable":true,"href":"https:\/\/radiomars.ma\/fr\/index.php?rest_route=%2Fwp%2Fv2%2Ftags&post=6018"}],"curies":[{"name":"wp","href":"https:\/\/api.w.org\/{rel}","templated":true}]}}