{"id":6031,"date":"2026-09-03T15:07:38","date_gmt":"2026-09-03T13:07:38","guid":{"rendered":"https:\/\/radiomars.ma\/fr\/?p=6031"},"modified":"2026-09-03T19:20:38","modified_gmt":"2026-09-03T17:20:38","slug":"mondial-u17-feminin-maroc-2026-debut-de-la-prevente-des-billets","status":"publish","type":"post","link":"https:\/\/radiomars.ma\/fr\/?p=6031","title":{"rendered":"Mondial U17 f\u00e9minin Maroc-2026: D\u00e9but de la pr\u00e9vente des billets"},"content":{"rendered":"<p>La Coupe du Monde F\u00e9minine U-17 de la FIFA, Maroc 2026 est pr\u00e9vue du 17 octobre au 07 novembre.<\/p>\n<p>La FIFA a annonc\u00e9 sa premi\u00e8re phase de vente de billets, exclusivement r\u00e9serv\u00e9e en premier lieu aux d\u00e9tenteurs de cartes bancaires Visa.<\/p>\n<p>Pendant toute la p\u00e9riode de pr\u00e9vente, qui s\u2019ach\u00e8ve le 6 septembre \u00e0 23h59 heure locale (soit le 7 septembre \u00e0 00h59, UTC+2), les titulaires de ses cartes peuvent se procurer des billets en exclusivit\u00e9 pour les 52 matches de la comp\u00e9tition sur <a href=\"https:\/\/www.fifa.com\/fr\/tickets\"><strong>FIFA.com\/tickets<\/strong><\/a>.<\/p>\n<p>Ils auront ainsi l&rsquo;occasion de voir \u00e0 l\u2019\u0153uvre les jeunes pousses les plus prometteuses du football f\u00e9minin international, qui se retrouveront \u00e0 Rabat pour tenter de remporter le titre de championnes du monde des moins de 17 ans.<\/p>\n<p>La comp\u00e9tition, qui mettra aux prises 24\u00a0\u00e9quipes, d\u00e9butera le samedi 17\u00a0octobre avec quatre affiches tr\u00e8s attendues, dont Maroc \u2013 Nouvelle-Z\u00e9lande et Allemagne \u2013 Argentine. La finale se disputera le samedi 7\u00a0novembre.<\/p>\n<p>Jusqu\u2019aux demi-finales, toutes les rencontres auront lieu au sein du tout nouveau Complexe pour le football f\u00e9minin. Le match pour la troisi\u00e8me place et la finale sont programm\u00e9s au stade du Prince Moulay El Hassan. Le calendrier complet des matches est disponible sur <a href=\"https:\/\/www.fifa.com\/en\/tournaments\/womens\/u17womensworldcup\/morocco-2026\/articles\/u17-womens-world-cup-morocco-2026-match-schedule\">FIFA.com<\/a>.<\/p>\n<p>Les rencontres disput\u00e9es au Complexe de football f\u00e9minin se d\u00e9rouleront sur quatre terrains, ce qui permettra aux supporters d&rsquo;assister \u00e0 plusieurs matches par jour. Une Fan Zone sera \u00e9galement am\u00e9nag\u00e9e pour que les supporters puissent profiter de l&rsquo;ambiance tout en c\u00e9l\u00e9brant le beau jeu, la diversit\u00e9 culturelle et la jeunesse.<\/p>\n<p>\u00c0 l\u2019issue de la phase de pr\u00e9vente, la billetterie sera ouverte au grand public sur <a href=\"https:\/\/www.fifa.com\/fr\/tickets\">https:\/\/www.fifa.com\/fr\/tickets<\/a> \u00e0 partir du 7\u00a0septembre.<\/p>\n","protected":false},"excerpt":{"rendered":"<p>La Coupe du Monde F\u00e9minine U-17 de la FIFA, Maroc 2026 est pr\u00e9vue du 17 octobre au 07 novembre. La FIFA a annonc\u00e9 sa premi\u00e8re phase de vente de billets, exclusivement r\u00e9serv\u00e9e en premier lieu aux d\u00e9tenteurs de cartes bancaires Visa. Pendant toute la p\u00e9riode de pr\u00e9vente, qui s\u2019ach\u00e8ve le 6 septembre \u00e0 23h59 heure [&hellip;]<\/p>\n","protected":false},"author":4,"featured_media":6032,"comment_status":"open","ping_status":"open","sticky":false,"template":"","format":"standard","meta":{"footnotes":""},"categories":[24,21,52,1,31,48],"tags":[1110,888,1109,837],"class_list":["post-6031","post","type-post","status-publish","format-standard","has-post-thumbnail","category-equipe-nationale-a","category-equipes-nationales","category-flash","category-non-classe","category-nos-lions","category-slider","tag-coupe-du-monde-feminine-u17","tag-equipe-nationale-a-feminine","tag-equipe-nationale-u17-feminine","tag-lionnes-de-latlas"],"yoast_head":"<!-- This site is optimized with the Yoast SEO plugin v27.6 - https:\/\/yoast.com\/product\/yoast-seo-wordpress\/ -->\n<title>Mondial U17 f\u00e9minin Maroc-2026: D\u00e9but de la pr\u00e9vente des billets - RADIOMARS<\/title>\n<meta name=\"robots\" content=\"index, follow, max-snippet:-1, max-image-preview:large, max-video-preview:-1\" \/>\n<link rel=\"canonical\" href=\"https:\/\/radiomars.ma\/fr\/?p=6031\" \/>\n<meta property=\"og:locale\" content=\"fr_FR\" \/>\n<meta property=\"og:type\" content=\"article\" \/>\n<meta property=\"og:title\" content=\"Mondial U17 f\u00e9minin Maroc-2026: D\u00e9but de la pr\u00e9vente des billets - RADIOMARS\" \/>\n<meta property=\"og:description\" content=\"La Coupe du Monde F\u00e9minine U-17 de la FIFA, Maroc 2026 est pr\u00e9vue du 17 octobre au 07 novembre. La FIFA a annonc\u00e9 sa premi\u00e8re phase de vente de billets, exclusivement r\u00e9serv\u00e9e en premier lieu aux d\u00e9tenteurs de cartes bancaires Visa. Pendant toute la p\u00e9riode de pr\u00e9vente, qui s\u2019ach\u00e8ve le 6 septembre \u00e0 23h59 heure [&hellip;]\" \/>\n<meta property=\"og:url\" content=\"https:\/\/radiomars.ma\/fr\/?p=6031\" \/>\n<meta property=\"og:site_name\" content=\"RADIOMARS\" \/>\n<meta property=\"article:published_time\" content=\"2026-09-03T13:07:38+00:00\" \/>\n<meta property=\"article:modified_time\" content=\"2026-09-03T17:20:38+00:00\" \/>\n<meta property=\"og:image\" content=\"https:\/\/radiomars.ma\/fr\/wp-content\/uploads\/2026\/09\/WhatsApp-Image-2026-09-03-at-18.17.25.jpeg\" \/>\n\t<meta property=\"og:image:width\" content=\"1206\" \/>\n\t<meta property=\"og:image:height\" content=\"1290\" \/>\n\t<meta property=\"og:image:type\" content=\"image\/jpeg\" \/>\n<meta name=\"author\" content=\"Dounia Siraj\" \/>\n<meta name=\"twitter:card\" content=\"summary_large_image\" \/>\n<meta name=\"twitter:label1\" content=\"\u00c9crit par\" \/>\n\t<meta name=\"twitter:data1\" content=\"Dounia Siraj\" \/>\n\t<meta name=\"twitter:label2\" content=\"Dur\u00e9e de lecture estim\u00e9e\" \/>\n\t<meta name=\"twitter:data2\" content=\"2 minutes\" \/>\n<script type=\"application\/ld+json\" class=\"yoast-schema-graph\">{\"@context\":\"https:\\\/\\\/schema.org\",\"@graph\":[{\"@type\":\"Article\",\"@id\":\"https:\\\/\\\/radiomars.ma\\\/fr\\\/?p=6031#article\",\"isPartOf\":{\"@id\":\"https:\\\/\\\/radiomars.ma\\\/fr\\\/?p=6031\"},\"author\":{\"name\":\"Dounia Siraj\",\"@id\":\"https:\\\/\\\/radiomars.ma\\\/fr\\\/#\\\/schema\\\/person\\\/8c834f355c87f85830a87b613dfa4fbb\"},\"headline\":\"Mondial U17 f\u00e9minin Maroc-2026: D\u00e9but de la pr\u00e9vente des billets\",\"datePublished\":\"2026-09-03T13:07:38+00:00\",\"dateModified\":\"2026-09-03T17:20:38+00:00\",\"mainEntityOfPage\":{\"@id\":\"https:\\\/\\\/radiomars.ma\\\/fr\\\/?p=6031\"},\"wordCount\":305,\"commentCount\":0,\"image\":{\"@id\":\"https:\\\/\\\/radiomars.ma\\\/fr\\\/?p=6031#primaryimage\"},\"thumbnailUrl\":\"https:\\\/\\\/radiomars.ma\\\/fr\\\/wp-content\\\/uploads\\\/2026\\\/09\\\/WhatsApp-Image-2026-09-03-at-18.17.25.jpeg\",\"keywords\":[\"coupe du monde f\u00e9minine u17\",\"Equipe nationale A f\u00e9minine\",\"equipe nationale u17 f\u00e9minine\",\"Lionnes de l\u2019Atlas\"],\"articleSection\":{\"0\":\"\u00c9QUIPE NATIONALE A\",\"1\":\"\u00c9QUIPES NATIONALES\",\"2\":\"flash\",\"4\":\"NOS LIONS\",\"5\":\"slider\"},\"inLanguage\":\"fr-FR\",\"potentialAction\":[{\"@type\":\"CommentAction\",\"name\":\"Comment\",\"target\":[\"https:\\\/\\\/radiomars.ma\\\/fr\\\/?p=6031#respond\"]}]},{\"@type\":\"WebPage\",\"@id\":\"https:\\\/\\\/radiomars.ma\\\/fr\\\/?p=6031\",\"url\":\"https:\\\/\\\/radiomars.ma\\\/fr\\\/?p=6031\",\"name\":\"Mondial U17 f\u00e9minin Maroc-2026: D\u00e9but de la pr\u00e9vente des billets - RADIOMARS\",\"isPartOf\":{\"@id\":\"https:\\\/\\\/radiomars.ma\\\/fr\\\/#website\"},\"primaryImageOfPage\":{\"@id\":\"https:\\\/\\\/radiomars.ma\\\/fr\\\/?p=6031#primaryimage\"},\"image\":{\"@id\":\"https:\\\/\\\/radiomars.ma\\\/fr\\\/?p=6031#primaryimage\"},\"thumbnailUrl\":\"https:\\\/\\\/radiomars.ma\\\/fr\\\/wp-content\\\/uploads\\\/2026\\\/09\\\/WhatsApp-Image-2026-09-03-at-18.17.25.jpeg\",\"datePublished\":\"2026-09-03T13:07:38+00:00\",\"dateModified\":\"2026-09-03T17:20:38+00:00\",\"author\":{\"@id\":\"https:\\\/\\\/radiomars.ma\\\/fr\\\/#\\\/schema\\\/person\\\/8c834f355c87f85830a87b613dfa4fbb\"},\"breadcrumb\":{\"@id\":\"https:\\\/\\\/radiomars.ma\\\/fr\\\/?p=6031#breadcrumb\"},\"inLanguage\":\"fr-FR\",\"potentialAction\":[{\"@type\":\"ReadAction\",\"target\":[\"https:\\\/\\\/radiomars.ma\\\/fr\\\/?p=6031\"]}]},{\"@type\":\"ImageObject\",\"inLanguage\":\"fr-FR\",\"@id\":\"https:\\\/\\\/radiomars.ma\\\/fr\\\/?p=6031#primaryimage\",\"url\":\"https:\\\/\\\/radiomars.ma\\\/fr\\\/wp-content\\\/uploads\\\/2026\\\/09\\\/WhatsApp-Image-2026-09-03-at-18.17.25.jpeg\",\"contentUrl\":\"https:\\\/\\\/radiomars.ma\\\/fr\\\/wp-content\\\/uploads\\\/2026\\\/09\\\/WhatsApp-Image-2026-09-03-at-18.17.25.jpeg\",\"width\":1206,\"height\":1290},{\"@type\":\"BreadcrumbList\",\"@id\":\"https:\\\/\\\/radiomars.ma\\\/fr\\\/?p=6031#breadcrumb\",\"itemListElement\":[{\"@type\":\"ListItem\",\"position\":1,\"name\":\"Accueil\",\"item\":\"https:\\\/\\\/radiomars.ma\\\/fr\\\/\"},{\"@type\":\"ListItem\",\"position\":2,\"name\":\"Mondial U17 f\u00e9minin Maroc-2026: D\u00e9but de la pr\u00e9vente des billets\"}]},{\"@type\":\"WebSite\",\"@id\":\"https:\\\/\\\/radiomars.ma\\\/fr\\\/#website\",\"url\":\"https:\\\/\\\/radiomars.ma\\\/fr\\\/\",\"name\":\"RADIOMARS\",\"description\":\"\",\"potentialAction\":[{\"@type\":\"SearchAction\",\"target\":{\"@type\":\"EntryPoint\",\"urlTemplate\":\"https:\\\/\\\/radiomars.ma\\\/fr\\\/?s={search_term_string}\"},\"query-input\":{\"@type\":\"PropertyValueSpecification\",\"valueRequired\":true,\"valueName\":\"search_term_string\"}}],\"inLanguage\":\"fr-FR\"},{\"@type\":\"Person\",\"@id\":\"https:\\\/\\\/radiomars.ma\\\/fr\\\/#\\\/schema\\\/person\\\/8c834f355c87f85830a87b613dfa4fbb\",\"name\":\"Dounia Siraj\",\"image\":{\"@type\":\"ImageObject\",\"inLanguage\":\"fr-FR\",\"@id\":\"https:\\\/\\\/secure.gravatar.com\\\/avatar\\\/b2054eaec2b69f5e5fa565830dbdaaa5a73ade968e96d9ed1ab33d4687289ff6?s=96&d=mm&r=g\",\"url\":\"https:\\\/\\\/secure.gravatar.com\\\/avatar\\\/b2054eaec2b69f5e5fa565830dbdaaa5a73ade968e96d9ed1ab33d4687289ff6?s=96&d=mm&r=g\",\"contentUrl\":\"https:\\\/\\\/secure.gravatar.com\\\/avatar\\\/b2054eaec2b69f5e5fa565830dbdaaa5a73ade968e96d9ed1ab33d4687289ff6?s=96&d=mm&r=g\",\"caption\":\"Dounia Siraj\"},\"url\":\"https:\\\/\\\/radiomars.ma\\\/fr\\\/?author=4\"}]}<\/script>\n<!-- \/ Yoast SEO plugin. -->","yoast_head_json":{"title":"Mondial U17 f\u00e9minin Maroc-2026: D\u00e9but de la pr\u00e9vente des billets - RADIOMARS","robots":{"index":"index","follow":"follow","max-snippet":"max-snippet:-1","max-image-preview":"max-image-preview:large","max-video-preview":"max-video-preview:-1"},"canonical":"https:\/\/radiomars.ma\/fr\/?p=6031","og_locale":"fr_FR","og_type":"article","og_title":"Mondial U17 f\u00e9minin Maroc-2026: D\u00e9but de la pr\u00e9vente des billets - RADIOMARS","og_description":"La Coupe du Monde F\u00e9minine U-17 de la FIFA, Maroc 2026 est pr\u00e9vue du 17 octobre au 07 novembre. La FIFA a annonc\u00e9 sa premi\u00e8re phase de vente de billets, exclusivement r\u00e9serv\u00e9e en premier lieu aux d\u00e9tenteurs de cartes bancaires Visa. Pendant toute la p\u00e9riode de pr\u00e9vente, qui s\u2019ach\u00e8ve le 6 septembre \u00e0 23h59 heure [&hellip;]","og_url":"https:\/\/radiomars.ma\/fr\/?p=6031","og_site_name":"RADIOMARS","article_published_time":"2026-09-03T13:07:38+00:00","article_modified_time":"2026-09-03T17:20:38+00:00","og_image":[{"width":1206,"height":1290,"url":"https:\/\/radiomars.ma\/fr\/wp-content\/uploads\/2026\/09\/WhatsApp-Image-2026-09-03-at-18.17.25.jpeg","type":"image\/jpeg"}],"author":"Dounia Siraj","twitter_card":"summary_large_image","twitter_misc":{"\u00c9crit par":"Dounia Siraj","Dur\u00e9e de lecture estim\u00e9e":"2 minutes"},"schema":{"@context":"https:\/\/schema.org","@graph":[{"@type":"Article","@id":"https:\/\/radiomars.ma\/fr\/?p=6031#article","isPartOf":{"@id":"https:\/\/radiomars.ma\/fr\/?p=6031"},"author":{"name":"Dounia Siraj","@id":"https:\/\/radiomars.ma\/fr\/#\/schema\/person\/8c834f355c87f85830a87b613dfa4fbb"},"headline":"Mondial U17 f\u00e9minin Maroc-2026: D\u00e9but de la pr\u00e9vente des billets","datePublished":"2026-09-03T13:07:38+00:00","dateModified":"2026-09-03T17:20:38+00:00","mainEntityOfPage":{"@id":"https:\/\/radiomars.ma\/fr\/?p=6031"},"wordCount":305,"commentCount":0,"image":{"@id":"https:\/\/radiomars.ma\/fr\/?p=6031#primaryimage"},"thumbnailUrl":"https:\/\/radiomars.ma\/fr\/wp-content\/uploads\/2026\/09\/WhatsApp-Image-2026-09-03-at-18.17.25.jpeg","keywords":["coupe du monde f\u00e9minine u17","Equipe nationale A f\u00e9minine","equipe nationale u17 f\u00e9minine","Lionnes de l\u2019Atlas"],"articleSection":{"0":"\u00c9QUIPE NATIONALE A","1":"\u00c9QUIPES NATIONALES","2":"flash","4":"NOS LIONS","5":"slider"},"inLanguage":"fr-FR","potentialAction":[{"@type":"CommentAction","name":"Comment","target":["https:\/\/radiomars.ma\/fr\/?p=6031#respond"]}]},{"@type":"WebPage","@id":"https:\/\/radiomars.ma\/fr\/?p=6031","url":"https:\/\/radiomars.ma\/fr\/?p=6031","name":"Mondial U17 f\u00e9minin Maroc-2026: D\u00e9but de la pr\u00e9vente des billets - RADIOMARS","isPartOf":{"@id":"https:\/\/radiomars.ma\/fr\/#website"},"primaryImageOfPage":{"@id":"https:\/\/radiomars.ma\/fr\/?p=6031#primaryimage"},"image":{"@id":"https:\/\/radiomars.ma\/fr\/?p=6031#primaryimage"},"thumbnailUrl":"https:\/\/radiomars.ma\/fr\/wp-content\/uploads\/2026\/09\/WhatsApp-Image-2026-09-03-at-18.17.25.jpeg","datePublished":"2026-09-03T13:07:38+00:00","dateModified":"2026-09-03T17:20:38+00:00","author":{"@id":"https:\/\/radiomars.ma\/fr\/#\/schema\/person\/8c834f355c87f85830a87b613dfa4fbb"},"breadcrumb":{"@id":"https:\/\/radiomars.ma\/fr\/?p=6031#breadcrumb"},"inLanguage":"fr-FR","potentialAction":[{"@type":"ReadAction","target":["https:\/\/radiomars.ma\/fr\/?p=6031"]}]},{"@type":"ImageObject","inLanguage":"fr-FR","@id":"https:\/\/radiomars.ma\/fr\/?p=6031#primaryimage","url":"https:\/\/radiomars.ma\/fr\/wp-content\/uploads\/2026\/09\/WhatsApp-Image-2026-09-03-at-18.17.25.jpeg","contentUrl":"https:\/\/radiomars.ma\/fr\/wp-content\/uploads\/2026\/09\/WhatsApp-Image-2026-09-03-at-18.17.25.jpeg","width":1206,"height":1290},{"@type":"BreadcrumbList","@id":"https:\/\/radiomars.ma\/fr\/?p=6031#breadcrumb","itemListElement":[{"@type":"ListItem","position":1,"name":"Accueil","item":"https:\/\/radiomars.ma\/fr\/"},{"@type":"ListItem","position":2,"name":"Mondial U17 f\u00e9minin Maroc-2026: D\u00e9but de la pr\u00e9vente des billets"}]},{"@type":"WebSite","@id":"https:\/\/radiomars.ma\/fr\/#website","url":"https:\/\/radiomars.ma\/fr\/","name":"RADIOMARS","description":"","potentialAction":[{"@type":"SearchAction","target":{"@type":"EntryPoint","urlTemplate":"https:\/\/radiomars.ma\/fr\/?s={search_term_string}"},"query-input":{"@type":"PropertyValueSpecification","valueRequired":true,"valueName":"search_term_string"}}],"inLanguage":"fr-FR"},{"@type":"Person","@id":"https:\/\/radiomars.ma\/fr\/#\/schema\/person\/8c834f355c87f85830a87b613dfa4fbb","name":"Dounia Siraj","image":{"@type":"ImageObject","inLanguage":"fr-FR","@id":"https:\/\/secure.gravatar.com\/avatar\/b2054eaec2b69f5e5fa565830dbdaaa5a73ade968e96d9ed1ab33d4687289ff6?s=96&d=mm&r=g","url":"https:\/\/secure.gravatar.com\/avatar\/b2054eaec2b69f5e5fa565830dbdaaa5a73ade968e96d9ed1ab33d4687289ff6?s=96&d=mm&r=g","contentUrl":"https:\/\/secure.gravatar.com\/avatar\/b2054eaec2b69f5e5fa565830dbdaaa5a73ade968e96d9ed1ab33d4687289ff6?s=96&d=mm&r=g","caption":"Dounia Siraj"},"url":"https:\/\/radiomars.ma\/fr\/?author=4"}]}},"_links":{"self":[{"href":"https:\/\/radiomars.ma\/fr\/index.php?rest_route=\/wp\/v2\/posts\/6031","targetHints":{"allow":["GET"]}}],"collection":[{"href":"https:\/\/radiomars.ma\/fr\/index.php?rest_route=\/wp\/v2\/posts"}],"about":[{"href":"https:\/\/radiomars.ma\/fr\/index.php?rest_route=\/wp\/v2\/types\/post"}],"author":[{"embeddable":true,"href":"https:\/\/radiomars.ma\/fr\/index.php?rest_route=\/wp\/v2\/users\/4"}],"replies":[{"embeddable":true,"href":"https:\/\/radiomars.ma\/fr\/index.php?rest_route=%2Fwp%2Fv2%2Fcomments&post=6031"}],"version-history":[{"count":2,"href":"https:\/\/radiomars.ma\/fr\/index.php?rest_route=\/wp\/v2\/posts\/6031\/revisions"}],"predecessor-version":[{"id":6034,"href":"https:\/\/radiomars.ma\/fr\/index.php?rest_route=\/wp\/v2\/posts\/6031\/revisions\/6034"}],"wp:featuredmedia":[{"embeddable":true,"href":"https:\/\/radiomars.ma\/fr\/index.php?rest_route=\/wp\/v2\/media\/6032"}],"wp:attachment":[{"href":"https:\/\/radiomars.ma\/fr\/index.php?rest_route=%2Fwp%2Fv2%2Fmedia&parent=6031"}],"wp:term":[{"taxonomy":"category","embeddable":true,"href":"https:\/\/radiomars.ma\/fr\/index.php?rest_route=%2Fwp%2Fv2%2Fcategories&post=6031"},{"taxonomy":"post_tag","embeddable":true,"href":"https:\/\/radiomars.ma\/fr\/index.php?rest_route=%2Fwp%2Fv2%2Ftags&post=6031"}],"curies":[{"name":"wp","href":"https:\/\/api.w.org\/{rel}","templated":true}]}}