{"id":6035,"date":"2026-09-03T23:21:35","date_gmt":"2026-09-03T21:21:35","guid":{"rendered":"https:\/\/radiomars.ma\/fr\/?p=6035"},"modified":"2026-09-03T23:21:35","modified_gmt":"2026-09-03T21:21:35","slug":"la-fifa-accuse-luefa-de-mener-une-campagne-de-denigrement","status":"publish","type":"post","link":"https:\/\/radiomars.ma\/fr\/?p=6035","title":{"rendered":"La FIFA accuse l&rsquo;UEFA de mener une \u00abcampagne de d\u00e9nigrement\u00bb"},"content":{"rendered":"<p>Le torchon br\u00fble entre les deux instances dirigeantes du football mondial. La FIFA a accus\u00e9 l&rsquo;UEFA de mener une v\u00e9ritable campagne de d\u00e9nigrement \u00e0 son encontre, apr\u00e8s que l&rsquo;organisation europ\u00e9enne a demand\u00e9 \u00e0 des juges am\u00e9ricains de lui communiquer des documents li\u00e9s au projet, d\u00e9sormais abandonn\u00e9, d&rsquo;ouverture de la Coupe du monde \u00e0 des investisseurs priv\u00e9s.<\/p>\n<p>Dans des documents d\u00e9pos\u00e9s pour contester les requ\u00eates europ\u00e9ennes, la FIFA estime que ces d\u00e9marches, bien que pr\u00e9sent\u00e9es sous forme d&rsquo;actes de proc\u00e9dure officiels, ressemblent davantage \u00e0 des communiqu\u00e9s de presse destin\u00e9s \u00e0 alimenter la campagne men\u00e9e contre elle et ses dirigeants.<\/p>\n<p>Ce projet d&rsquo;ouverture du Mondial \u00e0 des investisseurs priv\u00e9s, d\u00e9voil\u00e9 en juillet et fermement soutenu par le pr\u00e9sident de la FIFA Gianni Infantino, avait provoqu\u00e9 une lev\u00e9e de boucliers dans le monde du football, l&rsquo;UEFA en t\u00eate de file. La semaine derni\u00e8re, l&rsquo;instance europ\u00e9enne avait d\u00e9pos\u00e9 des requ\u00eates aupr\u00e8s de trois \u00c9tats am\u00e9ricains afin d&rsquo;obtenir des documents concernant ce projet et ses partenaires potentiels, parmi lesquels Thrive Capital, la soci\u00e9t\u00e9 de l&rsquo;investisseur Joshua Kushner cens\u00e9e y jouer un r\u00f4le central. Fort de ces \u00e9l\u00e9ments, l&rsquo;UEFA a annonc\u00e9 son intention de porter plainte en droit suisse, estimant que le dossier remplissait les conditions requises pour y \u00eatre jug\u00e9.<\/p>\n<p>La FIFA r\u00e9torque de son c\u00f4t\u00e9 que l&rsquo;UEFA n&rsquo;a aucun droit d&rsquo;exiger des documents internes en l&rsquo;absence de toute proc\u00e9dure p\u00e9nale, et qu&rsquo;elle n&rsquo;aurait de toute fa\u00e7on pas qualit\u00e9 pour agir, n&rsquo;ayant subi aucun pr\u00e9judice financier. L&rsquo;instance mondiale va plus loin en accusant l&rsquo;UEFA d&rsquo;avoir contourn\u00e9 ill\u00e9galement les tribunaux suisses pour saisir directement la justice am\u00e9ricaine. Selon la FIFA, la divulgation de documents internes, notamment de correspondances impliquant Infantino et plusieurs collaborateurs nomm\u00e9ment cit\u00e9s, menacerait directement ses int\u00e9r\u00eats et exposerait des informations sensibles et confidentielles.<\/p>\n<p>Si la FIFA semble aujourd&rsquo;hui reculer pour \u00e9teindre la pol\u00e9mique, l&rsquo;UEFA pr\u00e9pare de son c\u00f4t\u00e9 une action en justice contre Gianni Infantino pour \u00ab gestion d\u00e9loyale \u00bb.<\/p>\n","protected":false},"excerpt":{"rendered":"<p>Le torchon br\u00fble entre les deux instances dirigeantes du football mondial. La FIFA a accus\u00e9 l&rsquo;UEFA de mener une v\u00e9ritable campagne de d\u00e9nigrement \u00e0 son encontre, apr\u00e8s que l&rsquo;organisation europ\u00e9enne a demand\u00e9 \u00e0 des juges am\u00e9ricains de lui communiquer des documents li\u00e9s au projet, d\u00e9sormais abandonn\u00e9, d&rsquo;ouverture de la Coupe du monde \u00e0 des investisseurs [&hellip;]<\/p>\n","protected":false},"author":3,"featured_media":6036,"comment_status":"open","ping_status":"open","sticky":false,"template":"","format":"standard","meta":{"footnotes":""},"categories":[52,33,48,47],"tags":[1032,53,946,798],"class_list":["post-6035","post","type-post","status-publish","format-standard","has-post-thumbnail","category-flash","category-linternationales","category-slider","category-top-spots","tag-aleksander-ceferin","tag-fifa","tag-gianni-infantino","tag-uefa"],"yoast_head":"<!-- This site is optimized with the Yoast SEO plugin v27.6 - https:\/\/yoast.com\/product\/yoast-seo-wordpress\/ -->\n<title>La FIFA accuse l&#039;UEFA de mener une \u00abcampagne de d\u00e9nigrement\u00bb - RADIOMARS<\/title>\n<meta name=\"robots\" content=\"index, follow, max-snippet:-1, max-image-preview:large, max-video-preview:-1\" \/>\n<link rel=\"canonical\" href=\"https:\/\/radiomars.ma\/fr\/?p=6035\" \/>\n<meta property=\"og:locale\" content=\"fr_FR\" \/>\n<meta property=\"og:type\" content=\"article\" \/>\n<meta property=\"og:title\" content=\"La FIFA accuse l&#039;UEFA de mener une \u00abcampagne de d\u00e9nigrement\u00bb - RADIOMARS\" \/>\n<meta property=\"og:description\" content=\"Le torchon br\u00fble entre les deux instances dirigeantes du football mondial. La FIFA a accus\u00e9 l&rsquo;UEFA de mener une v\u00e9ritable campagne de d\u00e9nigrement \u00e0 son encontre, apr\u00e8s que l&rsquo;organisation europ\u00e9enne a demand\u00e9 \u00e0 des juges am\u00e9ricains de lui communiquer des documents li\u00e9s au projet, d\u00e9sormais abandonn\u00e9, d&rsquo;ouverture de la Coupe du monde \u00e0 des investisseurs [&hellip;]\" \/>\n<meta property=\"og:url\" content=\"https:\/\/radiomars.ma\/fr\/?p=6035\" \/>\n<meta property=\"og:site_name\" content=\"RADIOMARS\" \/>\n<meta property=\"article:published_time\" content=\"2026-09-03T21:21:35+00:00\" \/>\n<meta property=\"og:image\" content=\"https:\/\/radiomars.ma\/fr\/wp-content\/uploads\/2026\/09\/1ccd7b55d5e61f1f1749a1b9eceb92f4.webp.jpg\" \/>\n\t<meta property=\"og:image:width\" content=\"976\" \/>\n\t<meta property=\"og:image:height\" content=\"488\" \/>\n\t<meta property=\"og:image:type\" content=\"image\/jpeg\" \/>\n<meta name=\"author\" content=\"Amine Birouk\" \/>\n<meta name=\"twitter:card\" content=\"summary_large_image\" \/>\n<meta name=\"twitter:label1\" content=\"\u00c9crit par\" \/>\n\t<meta name=\"twitter:data1\" content=\"Amine Birouk\" \/>\n\t<meta name=\"twitter:label2\" content=\"Dur\u00e9e de lecture estim\u00e9e\" \/>\n\t<meta name=\"twitter:data2\" content=\"2 minutes\" \/>\n<script type=\"application\/ld+json\" class=\"yoast-schema-graph\">{\"@context\":\"https:\\\/\\\/schema.org\",\"@graph\":[{\"@type\":\"Article\",\"@id\":\"https:\\\/\\\/radiomars.ma\\\/fr\\\/?p=6035#article\",\"isPartOf\":{\"@id\":\"https:\\\/\\\/radiomars.ma\\\/fr\\\/?p=6035\"},\"author\":{\"name\":\"Amine Birouk\",\"@id\":\"https:\\\/\\\/radiomars.ma\\\/fr\\\/#\\\/schema\\\/person\\\/3c84279e0c82d50196b7b9eaeb67f7df\"},\"headline\":\"La FIFA accuse l&rsquo;UEFA de mener une \u00abcampagne de d\u00e9nigrement\u00bb\",\"datePublished\":\"2026-09-03T21:21:35+00:00\",\"mainEntityOfPage\":{\"@id\":\"https:\\\/\\\/radiomars.ma\\\/fr\\\/?p=6035\"},\"wordCount\":394,\"commentCount\":0,\"image\":{\"@id\":\"https:\\\/\\\/radiomars.ma\\\/fr\\\/?p=6035#primaryimage\"},\"thumbnailUrl\":\"https:\\\/\\\/radiomars.ma\\\/fr\\\/wp-content\\\/uploads\\\/2026\\\/09\\\/1ccd7b55d5e61f1f1749a1b9eceb92f4.webp.jpg\",\"keywords\":[\"Aleksander Ceferin\",\"FIFA\",\"Gianni Infantino\",\"uefa\"],\"articleSection\":[\"flash\",\"L'INTERNATIONALE\",\"slider\",\"Top spots\"],\"inLanguage\":\"fr-FR\",\"potentialAction\":[{\"@type\":\"CommentAction\",\"name\":\"Comment\",\"target\":[\"https:\\\/\\\/radiomars.ma\\\/fr\\\/?p=6035#respond\"]}]},{\"@type\":\"WebPage\",\"@id\":\"https:\\\/\\\/radiomars.ma\\\/fr\\\/?p=6035\",\"url\":\"https:\\\/\\\/radiomars.ma\\\/fr\\\/?p=6035\",\"name\":\"La FIFA accuse l'UEFA de mener une \u00abcampagne de d\u00e9nigrement\u00bb - RADIOMARS\",\"isPartOf\":{\"@id\":\"https:\\\/\\\/radiomars.ma\\\/fr\\\/#website\"},\"primaryImageOfPage\":{\"@id\":\"https:\\\/\\\/radiomars.ma\\\/fr\\\/?p=6035#primaryimage\"},\"image\":{\"@id\":\"https:\\\/\\\/radiomars.ma\\\/fr\\\/?p=6035#primaryimage\"},\"thumbnailUrl\":\"https:\\\/\\\/radiomars.ma\\\/fr\\\/wp-content\\\/uploads\\\/2026\\\/09\\\/1ccd7b55d5e61f1f1749a1b9eceb92f4.webp.jpg\",\"datePublished\":\"2026-09-03T21:21:35+00:00\",\"author\":{\"@id\":\"https:\\\/\\\/radiomars.ma\\\/fr\\\/#\\\/schema\\\/person\\\/3c84279e0c82d50196b7b9eaeb67f7df\"},\"breadcrumb\":{\"@id\":\"https:\\\/\\\/radiomars.ma\\\/fr\\\/?p=6035#breadcrumb\"},\"inLanguage\":\"fr-FR\",\"potentialAction\":[{\"@type\":\"ReadAction\",\"target\":[\"https:\\\/\\\/radiomars.ma\\\/fr\\\/?p=6035\"]}]},{\"@type\":\"ImageObject\",\"inLanguage\":\"fr-FR\",\"@id\":\"https:\\\/\\\/radiomars.ma\\\/fr\\\/?p=6035#primaryimage\",\"url\":\"https:\\\/\\\/radiomars.ma\\\/fr\\\/wp-content\\\/uploads\\\/2026\\\/09\\\/1ccd7b55d5e61f1f1749a1b9eceb92f4.webp.jpg\",\"contentUrl\":\"https:\\\/\\\/radiomars.ma\\\/fr\\\/wp-content\\\/uploads\\\/2026\\\/09\\\/1ccd7b55d5e61f1f1749a1b9eceb92f4.webp.jpg\",\"width\":976,\"height\":488},{\"@type\":\"BreadcrumbList\",\"@id\":\"https:\\\/\\\/radiomars.ma\\\/fr\\\/?p=6035#breadcrumb\",\"itemListElement\":[{\"@type\":\"ListItem\",\"position\":1,\"name\":\"Accueil\",\"item\":\"https:\\\/\\\/radiomars.ma\\\/fr\\\/\"},{\"@type\":\"ListItem\",\"position\":2,\"name\":\"La FIFA accuse l&rsquo;UEFA de mener une \u00abcampagne de d\u00e9nigrement\u00bb\"}]},{\"@type\":\"WebSite\",\"@id\":\"https:\\\/\\\/radiomars.ma\\\/fr\\\/#website\",\"url\":\"https:\\\/\\\/radiomars.ma\\\/fr\\\/\",\"name\":\"RADIOMARS\",\"description\":\"\",\"potentialAction\":[{\"@type\":\"SearchAction\",\"target\":{\"@type\":\"EntryPoint\",\"urlTemplate\":\"https:\\\/\\\/radiomars.ma\\\/fr\\\/?s={search_term_string}\"},\"query-input\":{\"@type\":\"PropertyValueSpecification\",\"valueRequired\":true,\"valueName\":\"search_term_string\"}}],\"inLanguage\":\"fr-FR\"},{\"@type\":\"Person\",\"@id\":\"https:\\\/\\\/radiomars.ma\\\/fr\\\/#\\\/schema\\\/person\\\/3c84279e0c82d50196b7b9eaeb67f7df\",\"name\":\"Amine Birouk\",\"image\":{\"@type\":\"ImageObject\",\"inLanguage\":\"fr-FR\",\"@id\":\"https:\\\/\\\/secure.gravatar.com\\\/avatar\\\/980362d30b99e5f165da95d8182ab3d998bbd98c95f5200d1e5670c03c19cb38?s=96&d=mm&r=g\",\"url\":\"https:\\\/\\\/secure.gravatar.com\\\/avatar\\\/980362d30b99e5f165da95d8182ab3d998bbd98c95f5200d1e5670c03c19cb38?s=96&d=mm&r=g\",\"contentUrl\":\"https:\\\/\\\/secure.gravatar.com\\\/avatar\\\/980362d30b99e5f165da95d8182ab3d998bbd98c95f5200d1e5670c03c19cb38?s=96&d=mm&r=g\",\"caption\":\"Amine Birouk\"},\"url\":\"https:\\\/\\\/radiomars.ma\\\/fr\\\/?author=3\"}]}<\/script>\n<!-- \/ Yoast SEO plugin. -->","yoast_head_json":{"title":"La FIFA accuse l'UEFA de mener une \u00abcampagne de d\u00e9nigrement\u00bb - RADIOMARS","robots":{"index":"index","follow":"follow","max-snippet":"max-snippet:-1","max-image-preview":"max-image-preview:large","max-video-preview":"max-video-preview:-1"},"canonical":"https:\/\/radiomars.ma\/fr\/?p=6035","og_locale":"fr_FR","og_type":"article","og_title":"La FIFA accuse l'UEFA de mener une \u00abcampagne de d\u00e9nigrement\u00bb - RADIOMARS","og_description":"Le torchon br\u00fble entre les deux instances dirigeantes du football mondial. La FIFA a accus\u00e9 l&rsquo;UEFA de mener une v\u00e9ritable campagne de d\u00e9nigrement \u00e0 son encontre, apr\u00e8s que l&rsquo;organisation europ\u00e9enne a demand\u00e9 \u00e0 des juges am\u00e9ricains de lui communiquer des documents li\u00e9s au projet, d\u00e9sormais abandonn\u00e9, d&rsquo;ouverture de la Coupe du monde \u00e0 des investisseurs [&hellip;]","og_url":"https:\/\/radiomars.ma\/fr\/?p=6035","og_site_name":"RADIOMARS","article_published_time":"2026-09-03T21:21:35+00:00","og_image":[{"width":976,"height":488,"url":"https:\/\/radiomars.ma\/fr\/wp-content\/uploads\/2026\/09\/1ccd7b55d5e61f1f1749a1b9eceb92f4.webp.jpg","type":"image\/jpeg"}],"author":"Amine Birouk","twitter_card":"summary_large_image","twitter_misc":{"\u00c9crit par":"Amine Birouk","Dur\u00e9e de lecture estim\u00e9e":"2 minutes"},"schema":{"@context":"https:\/\/schema.org","@graph":[{"@type":"Article","@id":"https:\/\/radiomars.ma\/fr\/?p=6035#article","isPartOf":{"@id":"https:\/\/radiomars.ma\/fr\/?p=6035"},"author":{"name":"Amine Birouk","@id":"https:\/\/radiomars.ma\/fr\/#\/schema\/person\/3c84279e0c82d50196b7b9eaeb67f7df"},"headline":"La FIFA accuse l&rsquo;UEFA de mener une \u00abcampagne de d\u00e9nigrement\u00bb","datePublished":"2026-09-03T21:21:35+00:00","mainEntityOfPage":{"@id":"https:\/\/radiomars.ma\/fr\/?p=6035"},"wordCount":394,"commentCount":0,"image":{"@id":"https:\/\/radiomars.ma\/fr\/?p=6035#primaryimage"},"thumbnailUrl":"https:\/\/radiomars.ma\/fr\/wp-content\/uploads\/2026\/09\/1ccd7b55d5e61f1f1749a1b9eceb92f4.webp.jpg","keywords":["Aleksander Ceferin","FIFA","Gianni Infantino","uefa"],"articleSection":["flash","L'INTERNATIONALE","slider","Top spots"],"inLanguage":"fr-FR","potentialAction":[{"@type":"CommentAction","name":"Comment","target":["https:\/\/radiomars.ma\/fr\/?p=6035#respond"]}]},{"@type":"WebPage","@id":"https:\/\/radiomars.ma\/fr\/?p=6035","url":"https:\/\/radiomars.ma\/fr\/?p=6035","name":"La FIFA accuse l'UEFA de mener une \u00abcampagne de d\u00e9nigrement\u00bb - RADIOMARS","isPartOf":{"@id":"https:\/\/radiomars.ma\/fr\/#website"},"primaryImageOfPage":{"@id":"https:\/\/radiomars.ma\/fr\/?p=6035#primaryimage"},"image":{"@id":"https:\/\/radiomars.ma\/fr\/?p=6035#primaryimage"},"thumbnailUrl":"https:\/\/radiomars.ma\/fr\/wp-content\/uploads\/2026\/09\/1ccd7b55d5e61f1f1749a1b9eceb92f4.webp.jpg","datePublished":"2026-09-03T21:21:35+00:00","author":{"@id":"https:\/\/radiomars.ma\/fr\/#\/schema\/person\/3c84279e0c82d50196b7b9eaeb67f7df"},"breadcrumb":{"@id":"https:\/\/radiomars.ma\/fr\/?p=6035#breadcrumb"},"inLanguage":"fr-FR","potentialAction":[{"@type":"ReadAction","target":["https:\/\/radiomars.ma\/fr\/?p=6035"]}]},{"@type":"ImageObject","inLanguage":"fr-FR","@id":"https:\/\/radiomars.ma\/fr\/?p=6035#primaryimage","url":"https:\/\/radiomars.ma\/fr\/wp-content\/uploads\/2026\/09\/1ccd7b55d5e61f1f1749a1b9eceb92f4.webp.jpg","contentUrl":"https:\/\/radiomars.ma\/fr\/wp-content\/uploads\/2026\/09\/1ccd7b55d5e61f1f1749a1b9eceb92f4.webp.jpg","width":976,"height":488},{"@type":"BreadcrumbList","@id":"https:\/\/radiomars.ma\/fr\/?p=6035#breadcrumb","itemListElement":[{"@type":"ListItem","position":1,"name":"Accueil","item":"https:\/\/radiomars.ma\/fr\/"},{"@type":"ListItem","position":2,"name":"La FIFA accuse l&rsquo;UEFA de mener une \u00abcampagne de d\u00e9nigrement\u00bb"}]},{"@type":"WebSite","@id":"https:\/\/radiomars.ma\/fr\/#website","url":"https:\/\/radiomars.ma\/fr\/","name":"RADIOMARS","description":"","potentialAction":[{"@type":"SearchAction","target":{"@type":"EntryPoint","urlTemplate":"https:\/\/radiomars.ma\/fr\/?s={search_term_string}"},"query-input":{"@type":"PropertyValueSpecification","valueRequired":true,"valueName":"search_term_string"}}],"inLanguage":"fr-FR"},{"@type":"Person","@id":"https:\/\/radiomars.ma\/fr\/#\/schema\/person\/3c84279e0c82d50196b7b9eaeb67f7df","name":"Amine Birouk","image":{"@type":"ImageObject","inLanguage":"fr-FR","@id":"https:\/\/secure.gravatar.com\/avatar\/980362d30b99e5f165da95d8182ab3d998bbd98c95f5200d1e5670c03c19cb38?s=96&d=mm&r=g","url":"https:\/\/secure.gravatar.com\/avatar\/980362d30b99e5f165da95d8182ab3d998bbd98c95f5200d1e5670c03c19cb38?s=96&d=mm&r=g","contentUrl":"https:\/\/secure.gravatar.com\/avatar\/980362d30b99e5f165da95d8182ab3d998bbd98c95f5200d1e5670c03c19cb38?s=96&d=mm&r=g","caption":"Amine Birouk"},"url":"https:\/\/radiomars.ma\/fr\/?author=3"}]}},"_links":{"self":[{"href":"https:\/\/radiomars.ma\/fr\/index.php?rest_route=\/wp\/v2\/posts\/6035","targetHints":{"allow":["GET"]}}],"collection":[{"href":"https:\/\/radiomars.ma\/fr\/index.php?rest_route=\/wp\/v2\/posts"}],"about":[{"href":"https:\/\/radiomars.ma\/fr\/index.php?rest_route=\/wp\/v2\/types\/post"}],"author":[{"embeddable":true,"href":"https:\/\/radiomars.ma\/fr\/index.php?rest_route=\/wp\/v2\/users\/3"}],"replies":[{"embeddable":true,"href":"https:\/\/radiomars.ma\/fr\/index.php?rest_route=%2Fwp%2Fv2%2Fcomments&post=6035"}],"version-history":[{"count":1,"href":"https:\/\/radiomars.ma\/fr\/index.php?rest_route=\/wp\/v2\/posts\/6035\/revisions"}],"predecessor-version":[{"id":6037,"href":"https:\/\/radiomars.ma\/fr\/index.php?rest_route=\/wp\/v2\/posts\/6035\/revisions\/6037"}],"wp:featuredmedia":[{"embeddable":true,"href":"https:\/\/radiomars.ma\/fr\/index.php?rest_route=\/wp\/v2\/media\/6036"}],"wp:attachment":[{"href":"https:\/\/radiomars.ma\/fr\/index.php?rest_route=%2Fwp%2Fv2%2Fmedia&parent=6035"}],"wp:term":[{"taxonomy":"category","embeddable":true,"href":"https:\/\/radiomars.ma\/fr\/index.php?rest_route=%2Fwp%2Fv2%2Fcategories&post=6035"},{"taxonomy":"post_tag","embeddable":true,"href":"https:\/\/radiomars.ma\/fr\/index.php?rest_route=%2Fwp%2Fv2%2Ftags&post=6035"}],"curies":[{"name":"wp","href":"https:\/\/api.w.org\/{rel}","templated":true}]}}