{"id":6038,"date":"2026-09-03T23:25:47","date_gmt":"2026-09-03T21:25:47","guid":{"rendered":"https:\/\/radiomars.ma\/fr\/?p=6038"},"modified":"2026-09-03T23:28:12","modified_gmt":"2026-09-03T21:28:12","slug":"ismael-saibari-se-livre-son-geste-au-cousin-son-coup-de-coeur-pour-le-bayern-et-son-hommage-a-abdelhak-nour","status":"publish","type":"post","link":"https:\/\/radiomars.ma\/fr\/?p=6038","title":{"rendered":"Isma\u00ebl Saibari se livre : son geste au cousin, son coup de c\u0153ur pour le Bayern et son hommage \u00e0 Abdelhak Nour"},"content":{"rendered":"<p><iframe loading=\"lazy\" title=\"&quot;That&amp;apos;s why I chose Number 34!&quot; \u2764\ufe0f | Interview with Ismael Saibari \ud83c\uddf2\ud83c\udde6\ud83d\udd34\u26aa\ufe0f\" width=\"696\" height=\"392\" src=\"https:\/\/www.youtube.com\/embed\/2QrjsZIviUc?feature=oembed\" frameborder=\"0\" allow=\"accelerometer; autoplay; clipboard-write; encrypted-media; gyroscope; picture-in-picture; web-share\" referrerpolicy=\"strict-origin-when-cross-origin\" allowfullscreen><\/iframe><\/p>\n<p>Nouvelle vie, nouveau chapitre pour Isma\u00ebl Saibari. Apr\u00e8s une saison \u00e9tincelante avec le PSV Eindhoven et une belle Coupe du monde 2026 sous les couleurs du Maroc (3 buts), l&rsquo;international marocain s&rsquo;est engag\u00e9 avec le Bayern Munich, s\u00e9duit par le projet de Vincent Kompany. Dans un entretien accord\u00e9 aux m\u00e9dias du club bavarois, le Lion de l&rsquo;Atlas, d\u00e9j\u00e0 auteur de deux passes d\u00e9cisives en Bundesliga, s&rsquo;est livr\u00e9 sur son arriv\u00e9e et sur plusieurs aspects plus personnels de sa vie.<\/p>\n<p>Sur l&rsquo;ambiance qui r\u00e8gne au centre d&rsquo;entra\u00eenement du Bayern, Saibari ne cache pas son enthousiasme, confiant que la grandeur du club, d\u00e9j\u00e0 connue de tous, se ressent d&rsquo;une toute autre mani\u00e8re une fois qu&rsquo;on \u00e9volue au quotidien aux c\u00f4t\u00e9s des joueurs. Il \u00e9voque \u00e9galement la qualit\u00e9 du staff m\u00e9dical et technique, ainsi que des infrastructures, qui transpara\u00eet selon lui dans l&rsquo;\u00e9tat d&rsquo;esprit du groupe.<\/p>\n<p>Le milieu marocain est aussi revenu sur sa c\u00e9l\u00e9bration si particuli\u00e8re, un geste de friction sur le cr\u00e2ne, expliquant qu&rsquo;il s&rsquo;agit d&rsquo;un clin d&rsquo;\u0153il \u00e0 son cousin, qui l&rsquo;aidait \u00e0 se doucher lorsqu&rsquo;il allait \u00e0 la mer, enfant. Quant \u00e0 son choix de rejoindre les champions d&rsquo;Allemagne, il raconte avoir \u00e9t\u00e9 marqu\u00e9, du temps o\u00f9 il jouait encore pour le PSV, par l&rsquo;aura qui se d\u00e9gageait des joueurs bavarois sur le terrain \u2014 une impression qui s&rsquo;est transform\u00e9e en v\u00e9ritable coup de c\u0153ur une fois de plus pr\u00e8s.<\/p>\n<p>Sur le plan familial, Saibari confie que le sacrifice de ses parents, partis du Maroc pour s&rsquo;installer en Espagne, reste une source de motivation constante, lui donnant envie de leur rendre, \u00e0 son tour, tout ce qu&rsquo;ils ont fait pour leurs quatre enfants.<\/p>\n<p>Enfin, le joueur est revenu sur le choix tr\u00e8s symbolique de son num\u00e9ro 34, en hommage \u00e0 Abdelhak Nouri, ancien grand espoir de l&rsquo;Ajax Amsterdam, victime en 2017 d&rsquo;une grave arythmie cardiaque en plein match amical, qui l&rsquo;avait plong\u00e9 dans un \u00e9tat de conscience minimale \u00e0 seulement 20 ans. Saibari raconte avoir \u00e9t\u00e9 profond\u00e9ment touch\u00e9 par cette histoire, bien qu&rsquo;il ne connaissait pas personnellement Nouri, et \u00eatre all\u00e9 lui rendre visite, une d\u00e9marche qu&rsquo;il associe \u00e0 un devoir religieux envers les malades. Il \u00e9voque un lien qui s&rsquo;est nou\u00e9 rapidement, et l&rsquo;espoir sinc\u00e8re d&rsquo;apporter, \u00e0 travers ce num\u00e9ro, un peu de joie \u00e0 un homme qui, m\u00eame priv\u00e9 de parole, continue selon lui de communiquer \u00e0 sa mani\u00e8re.<\/p>\n","protected":false},"excerpt":{"rendered":"<p>Nouvelle vie, nouveau chapitre pour Isma\u00ebl Saibari. Apr\u00e8s une saison \u00e9tincelante avec le PSV Eindhoven et une belle Coupe du monde 2026 sous les couleurs du Maroc (3 buts), l&rsquo;international marocain s&rsquo;est engag\u00e9 avec le Bayern Munich, s\u00e9duit par le projet de Vincent Kompany. Dans un entretien accord\u00e9 aux m\u00e9dias du club bavarois, le Lion [&hellip;]<\/p>\n","protected":false},"author":3,"featured_media":6039,"comment_status":"open","ping_status":"open","sticky":false,"template":"","format":"standard","meta":{"footnotes":""},"categories":[52,33,31,48,47],"tags":[493],"class_list":["post-6038","post","type-post","status-publish","format-standard","has-post-thumbnail","category-flash","category-linternationales","category-nos-lions","category-slider","category-top-spots","tag-ismail-saibari"],"yoast_head":"<!-- This site is optimized with the Yoast SEO plugin v27.6 - https:\/\/yoast.com\/product\/yoast-seo-wordpress\/ -->\n<title>Isma\u00ebl Saibari se livre : son geste au cousin, son coup de c\u0153ur pour le Bayern et son hommage \u00e0 Abdelhak Nour - RADIOMARS<\/title>\n<meta name=\"robots\" content=\"index, follow, max-snippet:-1, max-image-preview:large, max-video-preview:-1\" \/>\n<link rel=\"canonical\" href=\"https:\/\/radiomars.ma\/fr\/?p=6038\" \/>\n<meta property=\"og:locale\" content=\"fr_FR\" \/>\n<meta property=\"og:type\" content=\"article\" \/>\n<meta property=\"og:title\" content=\"Isma\u00ebl Saibari se livre : son geste au cousin, son coup de c\u0153ur pour le Bayern et son hommage \u00e0 Abdelhak Nour - RADIOMARS\" \/>\n<meta property=\"og:description\" content=\"Nouvelle vie, nouveau chapitre pour Isma\u00ebl Saibari. Apr\u00e8s une saison \u00e9tincelante avec le PSV Eindhoven et une belle Coupe du monde 2026 sous les couleurs du Maroc (3 buts), l&rsquo;international marocain s&rsquo;est engag\u00e9 avec le Bayern Munich, s\u00e9duit par le projet de Vincent Kompany. Dans un entretien accord\u00e9 aux m\u00e9dias du club bavarois, le Lion [&hellip;]\" \/>\n<meta property=\"og:url\" content=\"https:\/\/radiomars.ma\/fr\/?p=6038\" \/>\n<meta property=\"og:site_name\" content=\"RADIOMARS\" \/>\n<meta property=\"article:published_time\" content=\"2026-09-03T21:25:47+00:00\" \/>\n<meta property=\"article:modified_time\" content=\"2026-09-03T21:28:12+00:00\" \/>\n<meta property=\"og:image\" content=\"https:\/\/radiomars.ma\/fr\/wp-content\/uploads\/2026\/09\/images-92.jpeg\" \/>\n\t<meta property=\"og:image:width\" content=\"399\" \/>\n\t<meta property=\"og:image:height\" content=\"501\" \/>\n\t<meta property=\"og:image:type\" content=\"image\/jpeg\" \/>\n<meta name=\"author\" content=\"Amine Birouk\" \/>\n<meta name=\"twitter:card\" content=\"summary_large_image\" \/>\n<meta name=\"twitter:label1\" content=\"\u00c9crit par\" \/>\n\t<meta name=\"twitter:data1\" content=\"Amine Birouk\" \/>\n\t<meta name=\"twitter:label2\" content=\"Dur\u00e9e de lecture estim\u00e9e\" \/>\n\t<meta name=\"twitter:data2\" content=\"3 minutes\" \/>\n<script type=\"application\/ld+json\" class=\"yoast-schema-graph\">{\"@context\":\"https:\\\/\\\/schema.org\",\"@graph\":[{\"@type\":\"Article\",\"@id\":\"https:\\\/\\\/radiomars.ma\\\/fr\\\/?p=6038#article\",\"isPartOf\":{\"@id\":\"https:\\\/\\\/radiomars.ma\\\/fr\\\/?p=6038\"},\"author\":{\"name\":\"Amine Birouk\",\"@id\":\"https:\\\/\\\/radiomars.ma\\\/fr\\\/#\\\/schema\\\/person\\\/3c84279e0c82d50196b7b9eaeb67f7df\"},\"headline\":\"Isma\u00ebl Saibari se livre : son geste au cousin, son coup de c\u0153ur pour le Bayern et son hommage \u00e0 Abdelhak Nour\",\"datePublished\":\"2026-09-03T21:25:47+00:00\",\"dateModified\":\"2026-09-03T21:28:12+00:00\",\"mainEntityOfPage\":{\"@id\":\"https:\\\/\\\/radiomars.ma\\\/fr\\\/?p=6038\"},\"wordCount\":468,\"commentCount\":0,\"image\":{\"@id\":\"https:\\\/\\\/radiomars.ma\\\/fr\\\/?p=6038#primaryimage\"},\"thumbnailUrl\":\"https:\\\/\\\/radiomars.ma\\\/fr\\\/wp-content\\\/uploads\\\/2026\\\/09\\\/images-92.jpeg\",\"keywords\":[\"Ismail Saibari\"],\"articleSection\":[\"flash\",\"L'INTERNATIONALE\",\"NOS LIONS\",\"slider\",\"Top spots\"],\"inLanguage\":\"fr-FR\",\"potentialAction\":[{\"@type\":\"CommentAction\",\"name\":\"Comment\",\"target\":[\"https:\\\/\\\/radiomars.ma\\\/fr\\\/?p=6038#respond\"]}]},{\"@type\":\"WebPage\",\"@id\":\"https:\\\/\\\/radiomars.ma\\\/fr\\\/?p=6038\",\"url\":\"https:\\\/\\\/radiomars.ma\\\/fr\\\/?p=6038\",\"name\":\"Isma\u00ebl Saibari se livre : son geste au cousin, son coup de c\u0153ur pour le Bayern et son hommage \u00e0 Abdelhak Nour - RADIOMARS\",\"isPartOf\":{\"@id\":\"https:\\\/\\\/radiomars.ma\\\/fr\\\/#website\"},\"primaryImageOfPage\":{\"@id\":\"https:\\\/\\\/radiomars.ma\\\/fr\\\/?p=6038#primaryimage\"},\"image\":{\"@id\":\"https:\\\/\\\/radiomars.ma\\\/fr\\\/?p=6038#primaryimage\"},\"thumbnailUrl\":\"https:\\\/\\\/radiomars.ma\\\/fr\\\/wp-content\\\/uploads\\\/2026\\\/09\\\/images-92.jpeg\",\"datePublished\":\"2026-09-03T21:25:47+00:00\",\"dateModified\":\"2026-09-03T21:28:12+00:00\",\"author\":{\"@id\":\"https:\\\/\\\/radiomars.ma\\\/fr\\\/#\\\/schema\\\/person\\\/3c84279e0c82d50196b7b9eaeb67f7df\"},\"breadcrumb\":{\"@id\":\"https:\\\/\\\/radiomars.ma\\\/fr\\\/?p=6038#breadcrumb\"},\"inLanguage\":\"fr-FR\",\"potentialAction\":[{\"@type\":\"ReadAction\",\"target\":[\"https:\\\/\\\/radiomars.ma\\\/fr\\\/?p=6038\"]}]},{\"@type\":\"ImageObject\",\"inLanguage\":\"fr-FR\",\"@id\":\"https:\\\/\\\/radiomars.ma\\\/fr\\\/?p=6038#primaryimage\",\"url\":\"https:\\\/\\\/radiomars.ma\\\/fr\\\/wp-content\\\/uploads\\\/2026\\\/09\\\/images-92.jpeg\",\"contentUrl\":\"https:\\\/\\\/radiomars.ma\\\/fr\\\/wp-content\\\/uploads\\\/2026\\\/09\\\/images-92.jpeg\",\"width\":399,\"height\":501},{\"@type\":\"BreadcrumbList\",\"@id\":\"https:\\\/\\\/radiomars.ma\\\/fr\\\/?p=6038#breadcrumb\",\"itemListElement\":[{\"@type\":\"ListItem\",\"position\":1,\"name\":\"Accueil\",\"item\":\"https:\\\/\\\/radiomars.ma\\\/fr\\\/\"},{\"@type\":\"ListItem\",\"position\":2,\"name\":\"Isma\u00ebl Saibari se livre : son geste au cousin, son coup de c\u0153ur pour le Bayern et son hommage \u00e0 Abdelhak Nour\"}]},{\"@type\":\"WebSite\",\"@id\":\"https:\\\/\\\/radiomars.ma\\\/fr\\\/#website\",\"url\":\"https:\\\/\\\/radiomars.ma\\\/fr\\\/\",\"name\":\"RADIOMARS\",\"description\":\"\",\"potentialAction\":[{\"@type\":\"SearchAction\",\"target\":{\"@type\":\"EntryPoint\",\"urlTemplate\":\"https:\\\/\\\/radiomars.ma\\\/fr\\\/?s={search_term_string}\"},\"query-input\":{\"@type\":\"PropertyValueSpecification\",\"valueRequired\":true,\"valueName\":\"search_term_string\"}}],\"inLanguage\":\"fr-FR\"},{\"@type\":\"Person\",\"@id\":\"https:\\\/\\\/radiomars.ma\\\/fr\\\/#\\\/schema\\\/person\\\/3c84279e0c82d50196b7b9eaeb67f7df\",\"name\":\"Amine Birouk\",\"image\":{\"@type\":\"ImageObject\",\"inLanguage\":\"fr-FR\",\"@id\":\"https:\\\/\\\/secure.gravatar.com\\\/avatar\\\/980362d30b99e5f165da95d8182ab3d998bbd98c95f5200d1e5670c03c19cb38?s=96&d=mm&r=g\",\"url\":\"https:\\\/\\\/secure.gravatar.com\\\/avatar\\\/980362d30b99e5f165da95d8182ab3d998bbd98c95f5200d1e5670c03c19cb38?s=96&d=mm&r=g\",\"contentUrl\":\"https:\\\/\\\/secure.gravatar.com\\\/avatar\\\/980362d30b99e5f165da95d8182ab3d998bbd98c95f5200d1e5670c03c19cb38?s=96&d=mm&r=g\",\"caption\":\"Amine Birouk\"},\"url\":\"https:\\\/\\\/radiomars.ma\\\/fr\\\/?author=3\"}]}<\/script>\n<!-- \/ Yoast SEO plugin. -->","yoast_head_json":{"title":"Isma\u00ebl Saibari se livre : son geste au cousin, son coup de c\u0153ur pour le Bayern et son hommage \u00e0 Abdelhak Nour - RADIOMARS","robots":{"index":"index","follow":"follow","max-snippet":"max-snippet:-1","max-image-preview":"max-image-preview:large","max-video-preview":"max-video-preview:-1"},"canonical":"https:\/\/radiomars.ma\/fr\/?p=6038","og_locale":"fr_FR","og_type":"article","og_title":"Isma\u00ebl Saibari se livre : son geste au cousin, son coup de c\u0153ur pour le Bayern et son hommage \u00e0 Abdelhak Nour - RADIOMARS","og_description":"Nouvelle vie, nouveau chapitre pour Isma\u00ebl Saibari. Apr\u00e8s une saison \u00e9tincelante avec le PSV Eindhoven et une belle Coupe du monde 2026 sous les couleurs du Maroc (3 buts), l&rsquo;international marocain s&rsquo;est engag\u00e9 avec le Bayern Munich, s\u00e9duit par le projet de Vincent Kompany. Dans un entretien accord\u00e9 aux m\u00e9dias du club bavarois, le Lion [&hellip;]","og_url":"https:\/\/radiomars.ma\/fr\/?p=6038","og_site_name":"RADIOMARS","article_published_time":"2026-09-03T21:25:47+00:00","article_modified_time":"2026-09-03T21:28:12+00:00","og_image":[{"width":399,"height":501,"url":"https:\/\/radiomars.ma\/fr\/wp-content\/uploads\/2026\/09\/images-92.jpeg","type":"image\/jpeg"}],"author":"Amine Birouk","twitter_card":"summary_large_image","twitter_misc":{"\u00c9crit par":"Amine Birouk","Dur\u00e9e de lecture estim\u00e9e":"3 minutes"},"schema":{"@context":"https:\/\/schema.org","@graph":[{"@type":"Article","@id":"https:\/\/radiomars.ma\/fr\/?p=6038#article","isPartOf":{"@id":"https:\/\/radiomars.ma\/fr\/?p=6038"},"author":{"name":"Amine Birouk","@id":"https:\/\/radiomars.ma\/fr\/#\/schema\/person\/3c84279e0c82d50196b7b9eaeb67f7df"},"headline":"Isma\u00ebl Saibari se livre : son geste au cousin, son coup de c\u0153ur pour le Bayern et son hommage \u00e0 Abdelhak Nour","datePublished":"2026-09-03T21:25:47+00:00","dateModified":"2026-09-03T21:28:12+00:00","mainEntityOfPage":{"@id":"https:\/\/radiomars.ma\/fr\/?p=6038"},"wordCount":468,"commentCount":0,"image":{"@id":"https:\/\/radiomars.ma\/fr\/?p=6038#primaryimage"},"thumbnailUrl":"https:\/\/radiomars.ma\/fr\/wp-content\/uploads\/2026\/09\/images-92.jpeg","keywords":["Ismail Saibari"],"articleSection":["flash","L'INTERNATIONALE","NOS LIONS","slider","Top spots"],"inLanguage":"fr-FR","potentialAction":[{"@type":"CommentAction","name":"Comment","target":["https:\/\/radiomars.ma\/fr\/?p=6038#respond"]}]},{"@type":"WebPage","@id":"https:\/\/radiomars.ma\/fr\/?p=6038","url":"https:\/\/radiomars.ma\/fr\/?p=6038","name":"Isma\u00ebl Saibari se livre : son geste au cousin, son coup de c\u0153ur pour le Bayern et son hommage \u00e0 Abdelhak Nour - RADIOMARS","isPartOf":{"@id":"https:\/\/radiomars.ma\/fr\/#website"},"primaryImageOfPage":{"@id":"https:\/\/radiomars.ma\/fr\/?p=6038#primaryimage"},"image":{"@id":"https:\/\/radiomars.ma\/fr\/?p=6038#primaryimage"},"thumbnailUrl":"https:\/\/radiomars.ma\/fr\/wp-content\/uploads\/2026\/09\/images-92.jpeg","datePublished":"2026-09-03T21:25:47+00:00","dateModified":"2026-09-03T21:28:12+00:00","author":{"@id":"https:\/\/radiomars.ma\/fr\/#\/schema\/person\/3c84279e0c82d50196b7b9eaeb67f7df"},"breadcrumb":{"@id":"https:\/\/radiomars.ma\/fr\/?p=6038#breadcrumb"},"inLanguage":"fr-FR","potentialAction":[{"@type":"ReadAction","target":["https:\/\/radiomars.ma\/fr\/?p=6038"]}]},{"@type":"ImageObject","inLanguage":"fr-FR","@id":"https:\/\/radiomars.ma\/fr\/?p=6038#primaryimage","url":"https:\/\/radiomars.ma\/fr\/wp-content\/uploads\/2026\/09\/images-92.jpeg","contentUrl":"https:\/\/radiomars.ma\/fr\/wp-content\/uploads\/2026\/09\/images-92.jpeg","width":399,"height":501},{"@type":"BreadcrumbList","@id":"https:\/\/radiomars.ma\/fr\/?p=6038#breadcrumb","itemListElement":[{"@type":"ListItem","position":1,"name":"Accueil","item":"https:\/\/radiomars.ma\/fr\/"},{"@type":"ListItem","position":2,"name":"Isma\u00ebl Saibari se livre : son geste au cousin, son coup de c\u0153ur pour le Bayern et son hommage \u00e0 Abdelhak Nour"}]},{"@type":"WebSite","@id":"https:\/\/radiomars.ma\/fr\/#website","url":"https:\/\/radiomars.ma\/fr\/","name":"RADIOMARS","description":"","potentialAction":[{"@type":"SearchAction","target":{"@type":"EntryPoint","urlTemplate":"https:\/\/radiomars.ma\/fr\/?s={search_term_string}"},"query-input":{"@type":"PropertyValueSpecification","valueRequired":true,"valueName":"search_term_string"}}],"inLanguage":"fr-FR"},{"@type":"Person","@id":"https:\/\/radiomars.ma\/fr\/#\/schema\/person\/3c84279e0c82d50196b7b9eaeb67f7df","name":"Amine Birouk","image":{"@type":"ImageObject","inLanguage":"fr-FR","@id":"https:\/\/secure.gravatar.com\/avatar\/980362d30b99e5f165da95d8182ab3d998bbd98c95f5200d1e5670c03c19cb38?s=96&d=mm&r=g","url":"https:\/\/secure.gravatar.com\/avatar\/980362d30b99e5f165da95d8182ab3d998bbd98c95f5200d1e5670c03c19cb38?s=96&d=mm&r=g","contentUrl":"https:\/\/secure.gravatar.com\/avatar\/980362d30b99e5f165da95d8182ab3d998bbd98c95f5200d1e5670c03c19cb38?s=96&d=mm&r=g","caption":"Amine Birouk"},"url":"https:\/\/radiomars.ma\/fr\/?author=3"}]}},"_links":{"self":[{"href":"https:\/\/radiomars.ma\/fr\/index.php?rest_route=\/wp\/v2\/posts\/6038","targetHints":{"allow":["GET"]}}],"collection":[{"href":"https:\/\/radiomars.ma\/fr\/index.php?rest_route=\/wp\/v2\/posts"}],"about":[{"href":"https:\/\/radiomars.ma\/fr\/index.php?rest_route=\/wp\/v2\/types\/post"}],"author":[{"embeddable":true,"href":"https:\/\/radiomars.ma\/fr\/index.php?rest_route=\/wp\/v2\/users\/3"}],"replies":[{"embeddable":true,"href":"https:\/\/radiomars.ma\/fr\/index.php?rest_route=%2Fwp%2Fv2%2Fcomments&post=6038"}],"version-history":[{"count":2,"href":"https:\/\/radiomars.ma\/fr\/index.php?rest_route=\/wp\/v2\/posts\/6038\/revisions"}],"predecessor-version":[{"id":6041,"href":"https:\/\/radiomars.ma\/fr\/index.php?rest_route=\/wp\/v2\/posts\/6038\/revisions\/6041"}],"wp:featuredmedia":[{"embeddable":true,"href":"https:\/\/radiomars.ma\/fr\/index.php?rest_route=\/wp\/v2\/media\/6039"}],"wp:attachment":[{"href":"https:\/\/radiomars.ma\/fr\/index.php?rest_route=%2Fwp%2Fv2%2Fmedia&parent=6038"}],"wp:term":[{"taxonomy":"category","embeddable":true,"href":"https:\/\/radiomars.ma\/fr\/index.php?rest_route=%2Fwp%2Fv2%2Fcategories&post=6038"},{"taxonomy":"post_tag","embeddable":true,"href":"https:\/\/radiomars.ma\/fr\/index.php?rest_route=%2Fwp%2Fv2%2Ftags&post=6038"}],"curies":[{"name":"wp","href":"https:\/\/api.w.org\/{rel}","templated":true}]}}