{"id":6042,"date":"2026-09-04T14:55:47","date_gmt":"2026-09-04T12:55:47","guid":{"rendered":"https:\/\/radiomars.ma\/fr\/?p=6042"},"modified":"2026-09-04T14:55:47","modified_gmt":"2026-09-04T12:55:47","slug":"ballon-dor-2026-la-liste-des-nommes-devoilee-mardi","status":"publish","type":"post","link":"https:\/\/radiomars.ma\/fr\/?p=6042","title":{"rendered":"Ballon d&rsquo;Or 2026 : La liste des nomm\u00e9s d\u00e9voil\u00e9e mardi"},"content":{"rendered":"<p data-path-to-node=\"0\">Les nomm\u00e9s de la 70\u1d49 \u00e9dition du Ballon d\u2019Or seront d\u00e9voil\u00e9s le mardi 8 septembre par le magazine <i data-path-to-node=\"0\" data-index-in-node=\"97\">France Football<\/i>. L&rsquo;annonce sera transmise en direct entre 10h et 15h (heure marocaine) sur le site <i data-path-to-node=\"0\" data-index-in-node=\"196\">ballondor.com<\/i> et les r\u00e9seaux sociaux officiels de l&rsquo;\u00e9v\u00e9nement.<\/p>\n<p data-path-to-node=\"1\">Cette \u00e9tape survient un mois et demi avant la remise des prix, fix\u00e9e au 26 octobre \u00e0 Londres \u2014 marquant un changement de d\u00e9cor apr\u00e8s plusieurs \u00e9ditions tenues au Th\u00e9\u00e2tre du Ch\u00e2telet \u00e0 Paris depuis 2019.<\/p>\n<p data-path-to-node=\"3\">Les listes officielles r\u00e9v\u00e9leront les 30 joueurs et 30 joueuses en lice pour les troph\u00e9es majeurs, ainsi que les candidats aux titres de meilleur jeune, meilleur gardien, meilleur entra\u00eeneur, meilleur buteur et club de l&rsquo;ann\u00e9e.<\/p>\n<p data-path-to-node=\"4\">Plusieurs internationaux marocains peuvent figurer dans la liste : <b data-path-to-node=\"5,0,0\" data-index-in-node=\"0\">Achraf Hakimi<\/b> : Capitaine des Lions de l&rsquo;Atlas et sacr\u00e9e champion d&rsquo;Europe avec le PSG. <b data-path-to-node=\"5,1,0\" data-index-in-node=\"0\">Ayoub Bouaddi<\/b> : Milieu de terrain \u00e9tincelant avec son ancien club le LOSC et lors de la Coupe du Monde 2026 et espoir du football mondial ou encore <b data-path-to-node=\"5,2,0\" data-index-in-node=\"0\">Yassine Bounou<\/b> : Auteur d&rsquo;une prestation de premier ordre durant le Mondial et les derni\u00e8res ann\u00e9es.<\/p>\n<p data-path-to-node=\"6\">Pour rappel, la pr\u00e9c\u00e9dente \u00e9dition (2025) avait vu le couronnement du Fran\u00e7ais Ousmane Demb\u00e9l\u00e9 chez les hommes et de l&rsquo;Espagnole Aitana Bonmat\u00ed chez les femmes.<\/p>\n","protected":false},"excerpt":{"rendered":"<p>Les nomm\u00e9s de la 70\u1d49 \u00e9dition du Ballon d\u2019Or seront d\u00e9voil\u00e9s le mardi 8 septembre par le magazine France Football. L&rsquo;annonce sera transmise en direct entre 10h et 15h (heure marocaine) sur le site ballondor.com et les r\u00e9seaux sociaux officiels de l&rsquo;\u00e9v\u00e9nement. Cette \u00e9tape survient un mois et demi avant la remise des prix, fix\u00e9e [&hellip;]<\/p>\n","protected":false},"author":4,"featured_media":6043,"comment_status":"open","ping_status":"open","sticky":false,"template":"","format":"standard","meta":{"footnotes":""},"categories":[24,52,33,48,47],"tags":[1111,225,302,62,432],"class_list":["post-6042","post","type-post","status-publish","format-standard","has-post-thumbnail","category-equipe-nationale-a","category-flash","category-linternationales","category-slider","category-top-spots","tag-ballon-dor","tag-bouaddi","tag-hakimi","tag-maroc","tag-yassine-bounou"],"yoast_head":"<!-- This site is optimized with the Yoast SEO plugin v27.6 - https:\/\/yoast.com\/product\/yoast-seo-wordpress\/ -->\n<title>Ballon d&#039;Or 2026 : La liste des nomm\u00e9s d\u00e9voil\u00e9e mardi - RADIOMARS<\/title>\n<meta name=\"robots\" content=\"index, follow, max-snippet:-1, max-image-preview:large, max-video-preview:-1\" \/>\n<link rel=\"canonical\" href=\"https:\/\/radiomars.ma\/fr\/?p=6042\" \/>\n<meta property=\"og:locale\" content=\"fr_FR\" \/>\n<meta property=\"og:type\" content=\"article\" \/>\n<meta property=\"og:title\" content=\"Ballon d&#039;Or 2026 : La liste des nomm\u00e9s d\u00e9voil\u00e9e mardi - RADIOMARS\" \/>\n<meta property=\"og:description\" content=\"Les nomm\u00e9s de la 70\u1d49 \u00e9dition du Ballon d\u2019Or seront d\u00e9voil\u00e9s le mardi 8 septembre par le magazine France Football. L&rsquo;annonce sera transmise en direct entre 10h et 15h (heure marocaine) sur le site ballondor.com et les r\u00e9seaux sociaux officiels de l&rsquo;\u00e9v\u00e9nement. Cette \u00e9tape survient un mois et demi avant la remise des prix, fix\u00e9e [&hellip;]\" \/>\n<meta property=\"og:url\" content=\"https:\/\/radiomars.ma\/fr\/?p=6042\" \/>\n<meta property=\"og:site_name\" content=\"RADIOMARS\" \/>\n<meta property=\"article:published_time\" content=\"2026-09-04T12:55:47+00:00\" \/>\n<meta property=\"og:image\" content=\"https:\/\/radiomars.ma\/fr\/wp-content\/uploads\/2026\/09\/Ballon-dOr-trophee.jpg\" \/>\n\t<meta property=\"og:image:width\" content=\"1280\" \/>\n\t<meta property=\"og:image:height\" content=\"670\" \/>\n\t<meta property=\"og:image:type\" content=\"image\/jpeg\" \/>\n<meta name=\"author\" content=\"Dounia Siraj\" \/>\n<meta name=\"twitter:card\" content=\"summary_large_image\" \/>\n<meta name=\"twitter:label1\" content=\"\u00c9crit par\" \/>\n\t<meta name=\"twitter:data1\" content=\"Dounia Siraj\" \/>\n\t<meta name=\"twitter:label2\" content=\"Dur\u00e9e de lecture estim\u00e9e\" \/>\n\t<meta name=\"twitter:data2\" content=\"2 minutes\" \/>\n<script type=\"application\/ld+json\" class=\"yoast-schema-graph\">{\"@context\":\"https:\\\/\\\/schema.org\",\"@graph\":[{\"@type\":\"Article\",\"@id\":\"https:\\\/\\\/radiomars.ma\\\/fr\\\/?p=6042#article\",\"isPartOf\":{\"@id\":\"https:\\\/\\\/radiomars.ma\\\/fr\\\/?p=6042\"},\"author\":{\"name\":\"Dounia Siraj\",\"@id\":\"https:\\\/\\\/radiomars.ma\\\/fr\\\/#\\\/schema\\\/person\\\/8c834f355c87f85830a87b613dfa4fbb\"},\"headline\":\"Ballon d&rsquo;Or 2026 : La liste des nomm\u00e9s d\u00e9voil\u00e9e mardi\",\"datePublished\":\"2026-09-04T12:55:47+00:00\",\"mainEntityOfPage\":{\"@id\":\"https:\\\/\\\/radiomars.ma\\\/fr\\\/?p=6042\"},\"wordCount\":234,\"commentCount\":0,\"image\":{\"@id\":\"https:\\\/\\\/radiomars.ma\\\/fr\\\/?p=6042#primaryimage\"},\"thumbnailUrl\":\"https:\\\/\\\/radiomars.ma\\\/fr\\\/wp-content\\\/uploads\\\/2026\\\/09\\\/Ballon-dOr-trophee.jpg\",\"keywords\":[\"ballon d'or\",\"Bouaddi\",\"Hakimi\",\"Maroc\",\"yassine bounou\"],\"articleSection\":[\"\u00c9QUIPE NATIONALE A\",\"flash\",\"L'INTERNATIONALE\",\"slider\",\"Top spots\"],\"inLanguage\":\"fr-FR\",\"potentialAction\":[{\"@type\":\"CommentAction\",\"name\":\"Comment\",\"target\":[\"https:\\\/\\\/radiomars.ma\\\/fr\\\/?p=6042#respond\"]}]},{\"@type\":\"WebPage\",\"@id\":\"https:\\\/\\\/radiomars.ma\\\/fr\\\/?p=6042\",\"url\":\"https:\\\/\\\/radiomars.ma\\\/fr\\\/?p=6042\",\"name\":\"Ballon d'Or 2026 : La liste des nomm\u00e9s d\u00e9voil\u00e9e mardi - RADIOMARS\",\"isPartOf\":{\"@id\":\"https:\\\/\\\/radiomars.ma\\\/fr\\\/#website\"},\"primaryImageOfPage\":{\"@id\":\"https:\\\/\\\/radiomars.ma\\\/fr\\\/?p=6042#primaryimage\"},\"image\":{\"@id\":\"https:\\\/\\\/radiomars.ma\\\/fr\\\/?p=6042#primaryimage\"},\"thumbnailUrl\":\"https:\\\/\\\/radiomars.ma\\\/fr\\\/wp-content\\\/uploads\\\/2026\\\/09\\\/Ballon-dOr-trophee.jpg\",\"datePublished\":\"2026-09-04T12:55:47+00:00\",\"author\":{\"@id\":\"https:\\\/\\\/radiomars.ma\\\/fr\\\/#\\\/schema\\\/person\\\/8c834f355c87f85830a87b613dfa4fbb\"},\"breadcrumb\":{\"@id\":\"https:\\\/\\\/radiomars.ma\\\/fr\\\/?p=6042#breadcrumb\"},\"inLanguage\":\"fr-FR\",\"potentialAction\":[{\"@type\":\"ReadAction\",\"target\":[\"https:\\\/\\\/radiomars.ma\\\/fr\\\/?p=6042\"]}]},{\"@type\":\"ImageObject\",\"inLanguage\":\"fr-FR\",\"@id\":\"https:\\\/\\\/radiomars.ma\\\/fr\\\/?p=6042#primaryimage\",\"url\":\"https:\\\/\\\/radiomars.ma\\\/fr\\\/wp-content\\\/uploads\\\/2026\\\/09\\\/Ballon-dOr-trophee.jpg\",\"contentUrl\":\"https:\\\/\\\/radiomars.ma\\\/fr\\\/wp-content\\\/uploads\\\/2026\\\/09\\\/Ballon-dOr-trophee.jpg\",\"width\":1280,\"height\":670,\"caption\":\"Ballon d'Or makes his entrance in Grevin Museum in Paris, France on May 19, 2026. Photo by Alain Apaydin\\\/ABACAPRESS - Photo by Icon Sport\"},{\"@type\":\"BreadcrumbList\",\"@id\":\"https:\\\/\\\/radiomars.ma\\\/fr\\\/?p=6042#breadcrumb\",\"itemListElement\":[{\"@type\":\"ListItem\",\"position\":1,\"name\":\"Accueil\",\"item\":\"https:\\\/\\\/radiomars.ma\\\/fr\\\/\"},{\"@type\":\"ListItem\",\"position\":2,\"name\":\"Ballon d&rsquo;Or 2026 : La liste des nomm\u00e9s d\u00e9voil\u00e9e mardi\"}]},{\"@type\":\"WebSite\",\"@id\":\"https:\\\/\\\/radiomars.ma\\\/fr\\\/#website\",\"url\":\"https:\\\/\\\/radiomars.ma\\\/fr\\\/\",\"name\":\"RADIOMARS\",\"description\":\"\",\"potentialAction\":[{\"@type\":\"SearchAction\",\"target\":{\"@type\":\"EntryPoint\",\"urlTemplate\":\"https:\\\/\\\/radiomars.ma\\\/fr\\\/?s={search_term_string}\"},\"query-input\":{\"@type\":\"PropertyValueSpecification\",\"valueRequired\":true,\"valueName\":\"search_term_string\"}}],\"inLanguage\":\"fr-FR\"},{\"@type\":\"Person\",\"@id\":\"https:\\\/\\\/radiomars.ma\\\/fr\\\/#\\\/schema\\\/person\\\/8c834f355c87f85830a87b613dfa4fbb\",\"name\":\"Dounia Siraj\",\"image\":{\"@type\":\"ImageObject\",\"inLanguage\":\"fr-FR\",\"@id\":\"https:\\\/\\\/secure.gravatar.com\\\/avatar\\\/b2054eaec2b69f5e5fa565830dbdaaa5a73ade968e96d9ed1ab33d4687289ff6?s=96&d=mm&r=g\",\"url\":\"https:\\\/\\\/secure.gravatar.com\\\/avatar\\\/b2054eaec2b69f5e5fa565830dbdaaa5a73ade968e96d9ed1ab33d4687289ff6?s=96&d=mm&r=g\",\"contentUrl\":\"https:\\\/\\\/secure.gravatar.com\\\/avatar\\\/b2054eaec2b69f5e5fa565830dbdaaa5a73ade968e96d9ed1ab33d4687289ff6?s=96&d=mm&r=g\",\"caption\":\"Dounia Siraj\"},\"url\":\"https:\\\/\\\/radiomars.ma\\\/fr\\\/?author=4\"}]}<\/script>\n<!-- \/ Yoast SEO plugin. -->","yoast_head_json":{"title":"Ballon d'Or 2026 : La liste des nomm\u00e9s d\u00e9voil\u00e9e mardi - RADIOMARS","robots":{"index":"index","follow":"follow","max-snippet":"max-snippet:-1","max-image-preview":"max-image-preview:large","max-video-preview":"max-video-preview:-1"},"canonical":"https:\/\/radiomars.ma\/fr\/?p=6042","og_locale":"fr_FR","og_type":"article","og_title":"Ballon d'Or 2026 : La liste des nomm\u00e9s d\u00e9voil\u00e9e mardi - RADIOMARS","og_description":"Les nomm\u00e9s de la 70\u1d49 \u00e9dition du Ballon d\u2019Or seront d\u00e9voil\u00e9s le mardi 8 septembre par le magazine France Football. L&rsquo;annonce sera transmise en direct entre 10h et 15h (heure marocaine) sur le site ballondor.com et les r\u00e9seaux sociaux officiels de l&rsquo;\u00e9v\u00e9nement. Cette \u00e9tape survient un mois et demi avant la remise des prix, fix\u00e9e [&hellip;]","og_url":"https:\/\/radiomars.ma\/fr\/?p=6042","og_site_name":"RADIOMARS","article_published_time":"2026-09-04T12:55:47+00:00","og_image":[{"width":1280,"height":670,"url":"https:\/\/radiomars.ma\/fr\/wp-content\/uploads\/2026\/09\/Ballon-dOr-trophee.jpg","type":"image\/jpeg"}],"author":"Dounia Siraj","twitter_card":"summary_large_image","twitter_misc":{"\u00c9crit par":"Dounia Siraj","Dur\u00e9e de lecture estim\u00e9e":"2 minutes"},"schema":{"@context":"https:\/\/schema.org","@graph":[{"@type":"Article","@id":"https:\/\/radiomars.ma\/fr\/?p=6042#article","isPartOf":{"@id":"https:\/\/radiomars.ma\/fr\/?p=6042"},"author":{"name":"Dounia Siraj","@id":"https:\/\/radiomars.ma\/fr\/#\/schema\/person\/8c834f355c87f85830a87b613dfa4fbb"},"headline":"Ballon d&rsquo;Or 2026 : La liste des nomm\u00e9s d\u00e9voil\u00e9e mardi","datePublished":"2026-09-04T12:55:47+00:00","mainEntityOfPage":{"@id":"https:\/\/radiomars.ma\/fr\/?p=6042"},"wordCount":234,"commentCount":0,"image":{"@id":"https:\/\/radiomars.ma\/fr\/?p=6042#primaryimage"},"thumbnailUrl":"https:\/\/radiomars.ma\/fr\/wp-content\/uploads\/2026\/09\/Ballon-dOr-trophee.jpg","keywords":["ballon d'or","Bouaddi","Hakimi","Maroc","yassine bounou"],"articleSection":["\u00c9QUIPE NATIONALE A","flash","L'INTERNATIONALE","slider","Top spots"],"inLanguage":"fr-FR","potentialAction":[{"@type":"CommentAction","name":"Comment","target":["https:\/\/radiomars.ma\/fr\/?p=6042#respond"]}]},{"@type":"WebPage","@id":"https:\/\/radiomars.ma\/fr\/?p=6042","url":"https:\/\/radiomars.ma\/fr\/?p=6042","name":"Ballon d'Or 2026 : La liste des nomm\u00e9s d\u00e9voil\u00e9e mardi - RADIOMARS","isPartOf":{"@id":"https:\/\/radiomars.ma\/fr\/#website"},"primaryImageOfPage":{"@id":"https:\/\/radiomars.ma\/fr\/?p=6042#primaryimage"},"image":{"@id":"https:\/\/radiomars.ma\/fr\/?p=6042#primaryimage"},"thumbnailUrl":"https:\/\/radiomars.ma\/fr\/wp-content\/uploads\/2026\/09\/Ballon-dOr-trophee.jpg","datePublished":"2026-09-04T12:55:47+00:00","author":{"@id":"https:\/\/radiomars.ma\/fr\/#\/schema\/person\/8c834f355c87f85830a87b613dfa4fbb"},"breadcrumb":{"@id":"https:\/\/radiomars.ma\/fr\/?p=6042#breadcrumb"},"inLanguage":"fr-FR","potentialAction":[{"@type":"ReadAction","target":["https:\/\/radiomars.ma\/fr\/?p=6042"]}]},{"@type":"ImageObject","inLanguage":"fr-FR","@id":"https:\/\/radiomars.ma\/fr\/?p=6042#primaryimage","url":"https:\/\/radiomars.ma\/fr\/wp-content\/uploads\/2026\/09\/Ballon-dOr-trophee.jpg","contentUrl":"https:\/\/radiomars.ma\/fr\/wp-content\/uploads\/2026\/09\/Ballon-dOr-trophee.jpg","width":1280,"height":670,"caption":"Ballon d'Or makes his entrance in Grevin Museum in Paris, France on May 19, 2026. Photo by Alain Apaydin\/ABACAPRESS - Photo by Icon Sport"},{"@type":"BreadcrumbList","@id":"https:\/\/radiomars.ma\/fr\/?p=6042#breadcrumb","itemListElement":[{"@type":"ListItem","position":1,"name":"Accueil","item":"https:\/\/radiomars.ma\/fr\/"},{"@type":"ListItem","position":2,"name":"Ballon d&rsquo;Or 2026 : La liste des nomm\u00e9s d\u00e9voil\u00e9e mardi"}]},{"@type":"WebSite","@id":"https:\/\/radiomars.ma\/fr\/#website","url":"https:\/\/radiomars.ma\/fr\/","name":"RADIOMARS","description":"","potentialAction":[{"@type":"SearchAction","target":{"@type":"EntryPoint","urlTemplate":"https:\/\/radiomars.ma\/fr\/?s={search_term_string}"},"query-input":{"@type":"PropertyValueSpecification","valueRequired":true,"valueName":"search_term_string"}}],"inLanguage":"fr-FR"},{"@type":"Person","@id":"https:\/\/radiomars.ma\/fr\/#\/schema\/person\/8c834f355c87f85830a87b613dfa4fbb","name":"Dounia Siraj","image":{"@type":"ImageObject","inLanguage":"fr-FR","@id":"https:\/\/secure.gravatar.com\/avatar\/b2054eaec2b69f5e5fa565830dbdaaa5a73ade968e96d9ed1ab33d4687289ff6?s=96&d=mm&r=g","url":"https:\/\/secure.gravatar.com\/avatar\/b2054eaec2b69f5e5fa565830dbdaaa5a73ade968e96d9ed1ab33d4687289ff6?s=96&d=mm&r=g","contentUrl":"https:\/\/secure.gravatar.com\/avatar\/b2054eaec2b69f5e5fa565830dbdaaa5a73ade968e96d9ed1ab33d4687289ff6?s=96&d=mm&r=g","caption":"Dounia Siraj"},"url":"https:\/\/radiomars.ma\/fr\/?author=4"}]}},"_links":{"self":[{"href":"https:\/\/radiomars.ma\/fr\/index.php?rest_route=\/wp\/v2\/posts\/6042","targetHints":{"allow":["GET"]}}],"collection":[{"href":"https:\/\/radiomars.ma\/fr\/index.php?rest_route=\/wp\/v2\/posts"}],"about":[{"href":"https:\/\/radiomars.ma\/fr\/index.php?rest_route=\/wp\/v2\/types\/post"}],"author":[{"embeddable":true,"href":"https:\/\/radiomars.ma\/fr\/index.php?rest_route=\/wp\/v2\/users\/4"}],"replies":[{"embeddable":true,"href":"https:\/\/radiomars.ma\/fr\/index.php?rest_route=%2Fwp%2Fv2%2Fcomments&post=6042"}],"version-history":[{"count":1,"href":"https:\/\/radiomars.ma\/fr\/index.php?rest_route=\/wp\/v2\/posts\/6042\/revisions"}],"predecessor-version":[{"id":6044,"href":"https:\/\/radiomars.ma\/fr\/index.php?rest_route=\/wp\/v2\/posts\/6042\/revisions\/6044"}],"wp:featuredmedia":[{"embeddable":true,"href":"https:\/\/radiomars.ma\/fr\/index.php?rest_route=\/wp\/v2\/media\/6043"}],"wp:attachment":[{"href":"https:\/\/radiomars.ma\/fr\/index.php?rest_route=%2Fwp%2Fv2%2Fmedia&parent=6042"}],"wp:term":[{"taxonomy":"category","embeddable":true,"href":"https:\/\/radiomars.ma\/fr\/index.php?rest_route=%2Fwp%2Fv2%2Fcategories&post=6042"},{"taxonomy":"post_tag","embeddable":true,"href":"https:\/\/radiomars.ma\/fr\/index.php?rest_route=%2Fwp%2Fv2%2Ftags&post=6042"}],"curies":[{"name":"wp","href":"https:\/\/api.w.org\/{rel}","templated":true}]}}